{"id":31414,"date":"2023-04-20T13:00:04","date_gmt":"2023-04-20T13:00:04","guid":{"rendered":"http:\/\/cordobanewsnet.wordpress.com\/2023\/04\/20\/corte-de-agua-en-zona-norte-de-cordoba\/"},"modified":"2023-04-20T13:00:04","modified_gmt":"2023-04-20T13:00:04","slug":"corte-de-agua-en-zona-norte-de-cordoba","status":"publish","type":"post","link":"http:\/\/nuevacordoba.net\/index.php\/2023\/04\/20\/corte-de-agua-en-zona-norte-de-cordoba\/","title":{"rendered":"Corte de agua en zona norte de C\u00f3rdoba"},"content":{"rendered":"<p><!-- \/featured-media --> <\/p>\n<div class=\"post-content clear\" readability=\"38.969072164948\">\n<p>A partir de las 19:00 de este jueves, Aguas Cordobesas cortar\u00e1 el servicio en m\u00e1s de 100 barrios de la zona norte de la ciudad de C\u00f3rdoba. El motivo es por tareas de mantenimiento sobre el conducto de salida de la Planta Suqu\u00eda de 1.500 mil\u00edmetros de di\u00e1metro, ubicado en barrio Los Carolinos. <\/p>\n<figure class=\"wp-block-image size-large\"><img data-attachment-id=\"7913\" data-permalink=\"https:\/\/cordobanewsnet.wordpress.com\/2023\/04\/20\/corte-de-agua-en-zona-norte-de-cordoba\/img_6134\/\" data-orig-file=\"http:\/\/nuevacordoba.net\/wp-content\/uploads\/2023\/04\/corte-de-agua-en-zona-norte-de-cordoba.jpg\" data-orig-size=\"791,445\" data-comments-opened=\"1\" data-image-meta=\"{&quot;aperture&quot;:&quot;0&quot;,&quot;credit&quot;:&quot;&quot;,&quot;camera&quot;:&quot;&quot;,&quot;caption&quot;:&quot;&quot;,&quot;created_timestamp&quot;:&quot;0&quot;,&quot;copyright&quot;:&quot;&quot;,&quot;focal_length&quot;:&quot;0&quot;,&quot;iso&quot;:&quot;0&quot;,&quot;shutter_speed&quot;:&quot;0&quot;,&quot;title&quot;:&quot;&quot;,&quot;orientation&quot;:&quot;1&quot;}\" data-image-title=\"img_6134\" data-image-description data-image-caption data-medium-file=\"http:\/\/nuevacordoba.net\/wp-content\/uploads\/2023\/04\/corte-de-agua-en-zona-norte-de-cordoba.jpg?w=300\" data-large-file=\"http:\/\/nuevacordoba.net\/wp-content\/uploads\/2023\/04\/corte-de-agua-en-zona-norte-de-cordoba.jpg?w=736\" src=\"http:\/\/nuevacordoba.net\/wp-content\/uploads\/2023\/04\/corte-de-agua-en-zona-norte-de-cordoba.jpg\" class=\"wp-image-7913\" srcset=\"http:\/\/nuevacordoba.net\/wp-content\/uploads\/2023\/04\/corte-de-agua-en-zona-norte-de-cordoba.jpg 791w, http:\/\/nuevacordoba.net\/wp-content\/uploads\/2023\/04\/corte-de-agua-en-zona-norte-de-cordoba.jpg?w=150 150w, http:\/\/nuevacordoba.net\/wp-content\/uploads\/2023\/04\/corte-de-agua-en-zona-norte-de-cordoba.jpg?w=300 300w, http:\/\/nuevacordoba.net\/wp-content\/uploads\/2023\/04\/corte-de-agua-en-zona-norte-de-cordoba.jpg?w=768 768w\" sizes=\"(max-width: 791px) 100vw, 791px\"><\/figure>\n<p>Seg\u00fan detall\u00f3 la empresa, el operativo finalizar\u00eda en la madrugada del viernes 21 de abril y en ese momento el sistema comenzar\u00eda a restituirse de manera paulatina.<\/p>\n<div class=\"wordads-ad-wrapper\">\n<div class=\"wordads-ad\">\n<p>Anuncio publicitario<\/p>\n<p><span onclick=\"javascript:__tcfapi( 'showUi' );\">Ajustes de privacidad<\/span><\/p>\n<\/div>\n<\/div>\n<div id=\"jp-post-flair\" class=\"sharedaddy sd-like-enabled sd-sharing-enabled\">\n<div class=\"sharedaddy sd-sharing-enabled\">\n<div class=\"robots-nocontent sd-block sd-social sd-social-icon-text sd-sharing\">\n<h3 class=\"sd-title\">Share this:<\/h3>\n<\/div>\n<\/div>\n<div class=\"sharedaddy sd-block sd-like jetpack-likes-widget-wrapper jetpack-likes-widget-unloaded\" id=\"like-post-wrapper-143108178-7914-644212b6c4f1b\" data-src=\"\/\/widgets.wp.com\/likes\/index.html?ver=20230309#blog_id=143108178&amp;post_id=7914&amp;origin=cordobanewsnet.wordpress.com&amp;obj_id=143108178-7914-644212b6c4f1b\" data-name=\"like-post-frame-143108178-7914-644212b6c4f1b\" data-title=\"Me gusta o Compartir\">\n<h3 class=\"sd-title\">Me gusta esto:<\/h3>\n<p><span class=\"button\"><span>Me gusta<\/span><\/span> <span class=\"loading\">Cargando&#8230;<\/span><\/p>\n<p><span class=\"sd-text-color\"><\/span><\/div>\n<p><h3 class=\"jp-relatedposts-headline\"><em>Relacionado<\/em><\/h3>\n<\/p>\n<\/div><\/div>\n<p><!--\/.post-content--> <\/p>\n<footer class=\"post-meta-container clear\" readability=\"0.59030837004405\">\n<div class=\"entry-author author-avatar-show\" readability=\"14.031746031746\">\n<div class=\"author-avatar\"> <img loading=\"lazy\" alt src=\"http:\/\/nuevacordoba.net\/wp-content\/uploads\/2023\/04\/corte-de-agua-en-zona-norte-de-cordoba-1.jpg\" class=\"avatar avatar-90\" height=\"90\" width=\"90\"> <\/div>\n<p><!-- .author-avatar --> <\/p>\n<p><h2 class=\"author-title\">Publicado por <span class=\"author-name\">angelaponso<\/span><\/h2>\n<\/p>\n<p><!-- .author-heading --> <\/p>\n<p class=\"author-bio\"> <a class=\"author-link\" href=\"https:\/\/cordobanewsnet.wordpress.com\/author\/angelaponso\/\" rel=\"author\"> Ver todas las entradas de angelaponso <\/a> <\/p>\n<p><!-- .author-bio --> <\/div>\n<p><!-- .entry-auhtor --> <\/footer>\n<p> <!-- \/post-meta-container --> <!-- #respond --> <\/p>\n","protected":false},"excerpt":{"rendered":"<p>A partir de las 19:00 de este jueves, Aguas Cordobesas cortar\u00e1 el servicio en m\u00e1s de 100 barrios de la zona norte de la ciudad de C\u00f3rdoba. El motivo es por tareas de mantenimiento sobre el conducto de salida de la Planta Suqu\u00eda de 1.500 mil\u00edmetros de di\u00e1metro, ubicado en barrio Los Carolinos. Seg\u00fan detall\u00f3 [&hellip;]<\/p>\n","protected":false},"author":1,"featured_media":31415,"comment_status":"closed","ping_status":"closed","sticky":false,"template":"","format":"standard","meta":[],"categories":[14],"tags":[],"_links":{"self":[{"href":"http:\/\/nuevacordoba.net\/index.php\/wp-json\/wp\/v2\/posts\/31414"}],"collection":[{"href":"http:\/\/nuevacordoba.net\/index.php\/wp-json\/wp\/v2\/posts"}],"about":[{"href":"http:\/\/nuevacordoba.net\/index.php\/wp-json\/wp\/v2\/types\/post"}],"author":[{"embeddable":true,"href":"http:\/\/nuevacordoba.net\/index.php\/wp-json\/wp\/v2\/users\/1"}],"replies":[{"embeddable":true,"href":"http:\/\/nuevacordoba.net\/index.php\/wp-json\/wp\/v2\/comments?post=31414"}],"version-history":[{"count":0,"href":"http:\/\/nuevacordoba.net\/index.php\/wp-json\/wp\/v2\/posts\/31414\/revisions"}],"wp:featuredmedia":[{"embeddable":true,"href":"http:\/\/nuevacordoba.net\/index.php\/wp-json\/wp\/v2\/media\/31415"}],"wp:attachment":[{"href":"http:\/\/nuevacordoba.net\/index.php\/wp-json\/wp\/v2\/media?parent=31414"}],"wp:term":[{"taxonomy":"category","embeddable":true,"href":"http:\/\/nuevacordoba.net\/index.php\/wp-json\/wp\/v2\/categories?post=31414"},{"taxonomy":"post_tag","embeddable":true,"href":"http:\/\/nuevacordoba.net\/index.php\/wp-json\/wp\/v2\/tags?post=31414"}],"curies":[{"name":"wp","href":"https:\/\/api.w.org\/{rel}","templated":true}]}}