{"id":31428,"date":"2023-04-21T12:27:35","date_gmt":"2023-04-21T12:27:35","guid":{"rendered":"http:\/\/nuevacordoba.net\/index.php\/2023\/04\/21\/sin-rumbo-huracan-perdio-contra-emelec-en-ecuador\/"},"modified":"2023-04-21T12:27:35","modified_gmt":"2023-04-21T12:27:35","slug":"sin-rumbo-huracan-perdio-contra-emelec-en-ecuador","status":"publish","type":"post","link":"http:\/\/nuevacordoba.net\/index.php\/2023\/04\/21\/sin-rumbo-huracan-perdio-contra-emelec-en-ecuador\/","title":{"rendered":"Sin rumbo: Hurac\u00e1n perdi\u00f3 contra Emelec en Ecuador"},"content":{"rendered":"<figure class=\"mb-3\"><img loading=\"lazy\" data-src=\"http:\/\/nuevacordoba.net\/wp-content\/uploads\/2023\/04\/sin-rumbo-huracan-perdio-contra-emelec-en-ecuador.jpg\" src=\"https:\/\/www.telam.com.ar\/assets\/img\/not_image.png\" class=\" lazy \" width=\"100%\" height=\"100%\" alt=\"Huracn sigue sin levantar cabeza y suma una nueva derrota Foto TW CAHuracan\"><figcaption> Hurac\u00e1n sigue sin levantar cabeza y suma una nueva derrota \/ Foto TW CAHuracan <\/figcaption><\/figure>\n<p>Hurac\u00e1n perdi\u00f3 este jueves ante Emelec por 1-0, en Ecuador, por la segunda fecha del Grupo B de la Copa Sudamericana, y sigue en ca\u00edda libre.<\/p>\n<p>El defensor argentino Ca\u00edn Fara marc\u00f3 el gol de la victoria del equipo local a los 16 minutos del primer tiempo.<\/p>\n<p>Pese a la derrota, el \u00abglobo\u00bb qued\u00f3 en lo m\u00e1s alto del parejo grupo B, donde todos tienen 3 puntos, por diferencia de gol ya que en el debut hab\u00eda goleado a Guaran\u00ed por 4-1 en Parque de los Patricios.<\/p>\n<p>Bajo una intensa lluvia en Guayaquil, Hurac\u00e1n sum\u00f3 su cuarto partido sin ganar y sin marcar goles entre la Liga Profesional y Copa Sudamericana.<\/p>\n<p>El \u00abglobo\u00bb solo gan\u00f3 uno de los \u00faltimo once partidos, con siete derrotas y tres empates, y cay\u00f3 en un pozo luego de un arranque prometedor de 2023 que lo tuvo hasta en la puerta de ingreso a la fase de grupos de la Copa Libertadores.<\/p>\n<p>En un flojo partido marcado por la incesante lluvia y el mal estado del campo de juego del estadio George Capwell, Emelec aprovech\u00f3 la primera y m\u00e1s clara ocasi\u00f3n clara de gol para ponerse en ventaja y quedarse con la victoria.<\/p>\n<p>A los 16 minutos, el rosarino Fara conect\u00f3 un buen cabezazo en el \u00e1rea chica tras un tiro de esquina desde la izquierda.<\/p>\n<p>El defensor, de 29 a\u00f1os, lleg\u00f3 a Emelec en enero de este a\u00f1o luego de ser campe\u00f3n ecuatoriano con Aucas, club al que hab\u00eda arribado despu\u00e9s de ascender a Primera Divisi\u00f3n con Tigre.<\/p>\n<p>En los minutos restantes, Hurac\u00e1n fue en busca del empate sin ideas y choc\u00f3 constantemente con la defensa de Emelec que se aferr\u00f3 a la ventaja para cortar una racha negativa de cuatro derrotas en fila, que hab\u00eda puesto en duda la continuidad del entrenador argentino Miguel Rondelli.<\/p>\n<p>En el segundo tiempo, el juego result\u00f3 casi imposible por los charcos de agua que se formaron por lluvia que azot\u00f3 a Guayquil durante toda la noche.<\/p>\n<p>Hurac\u00e1n no levanta cabeza y el pr\u00f3ximo lunes visitar\u00e1 a Tigre por la fecha 13 del torneo 2023 de la Liga Profesional.<\/p>\n<p>Luego, recibir\u00e1 a Arsenal, el viernes 28, y reci\u00e9n volver\u00e1 a jugar por Copa Sudamericana el martes 2 de mayo contra Danubio, de Uruguay, en Parque de los Patricios.<\/p>\n","protected":false},"excerpt":{"rendered":"<p>Hurac\u00e1n sigue sin levantar cabeza y suma una nueva derrota \/ Foto TW CAHuracan Hurac\u00e1n perdi\u00f3 este jueves ante Emelec por 1-0, en Ecuador, por la segunda fecha del Grupo B de la Copa Sudamericana, y sigue en ca\u00edda libre. El defensor argentino Ca\u00edn Fara marc\u00f3 el gol de la victoria del equipo local a [&hellip;]<\/p>\n","protected":false},"author":1,"featured_media":31429,"comment_status":"closed","ping_status":"closed","sticky":false,"template":"","format":"standard","meta":[],"categories":[10],"tags":[],"_links":{"self":[{"href":"http:\/\/nuevacordoba.net\/index.php\/wp-json\/wp\/v2\/posts\/31428"}],"collection":[{"href":"http:\/\/nuevacordoba.net\/index.php\/wp-json\/wp\/v2\/posts"}],"about":[{"href":"http:\/\/nuevacordoba.net\/index.php\/wp-json\/wp\/v2\/types\/post"}],"author":[{"embeddable":true,"href":"http:\/\/nuevacordoba.net\/index.php\/wp-json\/wp\/v2\/users\/1"}],"replies":[{"embeddable":true,"href":"http:\/\/nuevacordoba.net\/index.php\/wp-json\/wp\/v2\/comments?post=31428"}],"version-history":[{"count":0,"href":"http:\/\/nuevacordoba.net\/index.php\/wp-json\/wp\/v2\/posts\/31428\/revisions"}],"wp:featuredmedia":[{"embeddable":true,"href":"http:\/\/nuevacordoba.net\/index.php\/wp-json\/wp\/v2\/media\/31429"}],"wp:attachment":[{"href":"http:\/\/nuevacordoba.net\/index.php\/wp-json\/wp\/v2\/media?parent=31428"}],"wp:term":[{"taxonomy":"category","embeddable":true,"href":"http:\/\/nuevacordoba.net\/index.php\/wp-json\/wp\/v2\/categories?post=31428"},{"taxonomy":"post_tag","embeddable":true,"href":"http:\/\/nuevacordoba.net\/index.php\/wp-json\/wp\/v2\/tags?post=31428"}],"curies":[{"name":"wp","href":"https:\/\/api.w.org\/{rel}","templated":true}]}}