{"id":31460,"date":"2023-04-22T12:42:03","date_gmt":"2023-04-22T12:42:03","guid":{"rendered":"http:\/\/nuevacordoba.net\/index.php\/2023\/04\/22\/despidieron-a-la-editora-de-la-revista-que-publico-la-falsa-entrevista-a-schumacher\/"},"modified":"2023-04-22T12:42:03","modified_gmt":"2023-04-22T12:42:03","slug":"despidieron-a-la-editora-de-la-revista-que-publico-la-falsa-entrevista-a-schumacher","status":"publish","type":"post","link":"http:\/\/nuevacordoba.net\/index.php\/2023\/04\/22\/despidieron-a-la-editora-de-la-revista-que-publico-la-falsa-entrevista-a-schumacher\/","title":{"rendered":"Despidieron a la editora de la revista que public\u00f3 la falsa entrevista a Schumacher"},"content":{"rendered":"<figure class=\"mb-3\"><img loading=\"lazy\" data-src=\"http:\/\/nuevacordoba.net\/wp-content\/uploads\/2023\/04\/despidieron-a-la-editora-de-la-revista-que-publico-la-falsa-entrevista-a-schumacher.jpg\" src=\"https:\/\/www.telam.com.ar\/assets\/img\/not_image.png\" class=\" lazy \" width=\"100%\" height=\"100%\" alt=\"Falsa entrevista a Michael Schumacher Foto AFP\"><figcaption> Falsa entrevista a Michael Schumacher. Foto: AFP. <\/figcaption><\/figure>\n<p>La editora jefe de la revista alemana Die Aktuelle, Anne Hoffmann, que public\u00f3 una falsa entrevista a Michael Schumacher, realizada con una inteligencia artificial, <strong>fue destituida tras 14 a\u00f1os en el cargo<\/strong>, anunci\u00f3 el grupo de medios germanos Funke.<\/p>\n<p>\u00abEste art\u00edculo de mal gusto y enga\u00f1ador no debi\u00f3 aparecer nunca. No corresponde en ning\u00fan caso a las normas de periodismo que nosotros y nuestros lectores esperamos\u00bb lament\u00f3 en un comunicado Bianca Pohlmann, directora de las revistas del grupo Funke.<\/p>\n<p>\u00abLa redactora jefe de Die Aktuelle, Anne Hoffmann, que asum\u00eda la responsabilidad period\u00edstica de la revista desde 2009, ha sido <strong>cesada de sus funciones\u00bb desde este s\u00e1bado<\/strong>, a\u00f1ade, presentando sus \u00abexcusas\u00bb a la familia del legendario piloto alem\u00e1n de F\u00f3rmula 1, consign\u00f3 la agencia de noticias AFP.<\/p>\n<p>La revista hab\u00eda presumido de haber obtenido una entrevista con Michael Schumacher, la primera desde su accidente de esqu\u00ed y su grave traumatismo craneal a finales de 2013 en los Alpes franceses.<\/p>\n<p>El mi\u00e9rcoles, la revista, especializada en informaciones de gente famosa, <strong>public\u00f3 la \u00abentrevista\u00bb y revel\u00f3 que hab\u00eda sido generada con una inteligencia artificial<\/strong>. El art\u00edculo ten\u00eda citas atribuidas a Schumacher, hablando de su vida familiar desde el accidente y de su estado de salud.<\/p>\n<p>Tras esta publicaci\u00f3n, la familia del siete veces campe\u00f3n mundial de F\u00f3rmula Uno hab\u00eda anunciado su intenci\u00f3n de presentar una denuncia.<\/p>\n<p><strong>La familia de Michael Schumacher, que tiene 54 a\u00f1os, protege sin fisuras la intimidad del ex piloto<\/strong>, quien no ha sido visto en p\u00fablico desde su accidente. Casi ninguna informaci\u00f3n se ha filtrado desde entonces sobre su estado de salud.<\/p>\n<p>Schumacher dej\u00f3 el hospital seis meses despu\u00e9s de su accidente y fue colocado en una cama medicalizada en la mansi\u00f3n familiar en Suiza, en Gland. <\/p>\n","protected":false},"excerpt":{"rendered":"<p>Falsa entrevista a Michael Schumacher. Foto: AFP. La editora jefe de la revista alemana Die Aktuelle, Anne Hoffmann, que public\u00f3 una falsa entrevista a Michael Schumacher, realizada con una inteligencia artificial, fue destituida tras 14 a\u00f1os en el cargo, anunci\u00f3 el grupo de medios germanos Funke. \u00abEste art\u00edculo de mal gusto y enga\u00f1ador no debi\u00f3 [&hellip;]<\/p>\n","protected":false},"author":1,"featured_media":31461,"comment_status":"closed","ping_status":"closed","sticky":false,"template":"","format":"standard","meta":[],"categories":[10],"tags":[],"_links":{"self":[{"href":"http:\/\/nuevacordoba.net\/index.php\/wp-json\/wp\/v2\/posts\/31460"}],"collection":[{"href":"http:\/\/nuevacordoba.net\/index.php\/wp-json\/wp\/v2\/posts"}],"about":[{"href":"http:\/\/nuevacordoba.net\/index.php\/wp-json\/wp\/v2\/types\/post"}],"author":[{"embeddable":true,"href":"http:\/\/nuevacordoba.net\/index.php\/wp-json\/wp\/v2\/users\/1"}],"replies":[{"embeddable":true,"href":"http:\/\/nuevacordoba.net\/index.php\/wp-json\/wp\/v2\/comments?post=31460"}],"version-history":[{"count":0,"href":"http:\/\/nuevacordoba.net\/index.php\/wp-json\/wp\/v2\/posts\/31460\/revisions"}],"wp:featuredmedia":[{"embeddable":true,"href":"http:\/\/nuevacordoba.net\/index.php\/wp-json\/wp\/v2\/media\/31461"}],"wp:attachment":[{"href":"http:\/\/nuevacordoba.net\/index.php\/wp-json\/wp\/v2\/media?parent=31460"}],"wp:term":[{"taxonomy":"category","embeddable":true,"href":"http:\/\/nuevacordoba.net\/index.php\/wp-json\/wp\/v2\/categories?post=31460"},{"taxonomy":"post_tag","embeddable":true,"href":"http:\/\/nuevacordoba.net\/index.php\/wp-json\/wp\/v2\/tags?post=31460"}],"curies":[{"name":"wp","href":"https:\/\/api.w.org\/{rel}","templated":true}]}}