{"id":31470,"date":"2023-04-22T13:21:10","date_gmt":"2023-04-22T13:21:10","guid":{"rendered":"http:\/\/cordobanewsnet.wordpress.com\/2023\/04\/22\/cordoba-balearon-a-un-taxista-en-un-intento-de-robo\/"},"modified":"2023-04-22T13:21:10","modified_gmt":"2023-04-22T13:21:10","slug":"cordoba-balearon-a-un-taxista-en-un-intento-de-robo","status":"publish","type":"post","link":"http:\/\/nuevacordoba.net\/index.php\/2023\/04\/22\/cordoba-balearon-a-un-taxista-en-un-intento-de-robo\/","title":{"rendered":"C\u00f3rdoba: balearon a un taxista en un intento de robo"},"content":{"rendered":"<p><!-- \/featured-media --> <\/p>\n<div class=\"post-content clear\" readability=\"41.914141414141\">\n<p>El ataque se produjo en la esquina de Amen\u00e1bar y Valpara\u00edso, en barrio Jard\u00edn. La v\u00edctima conduc\u00eda un Fiat Siena cuando se produjo el violento episodio.<\/p>\n<p>\u00abLo hab\u00eda tomado en el centro y le estaba pagando. Me dio el vuelto, sent\u00ed que dijo \u2018nos van a robar\u2019 y le pegaron un tiro\u00bb, declar\u00f3 Sandra una testigo.<\/p>\n<figure class=\"wp-block-image size-large\"><img data-attachment-id=\"7915\" data-permalink=\"https:\/\/cordobanewsnet.wordpress.com\/2023\/04\/22\/cordoba-balearon-a-un-taxista-en-un-intento-de-robo\/img_6198\/\" data-orig-file=\"http:\/\/nuevacordoba.net\/wp-content\/uploads\/2023\/04\/cordoba-balearon-a-un-taxista-en-un-intento-de-robo.jpg\" data-orig-size=\"791,445\" data-comments-opened=\"1\" data-image-meta=\"{&quot;aperture&quot;:&quot;0&quot;,&quot;credit&quot;:&quot;&quot;,&quot;camera&quot;:&quot;&quot;,&quot;caption&quot;:&quot;&quot;,&quot;created_timestamp&quot;:&quot;0&quot;,&quot;copyright&quot;:&quot;&quot;,&quot;focal_length&quot;:&quot;0&quot;,&quot;iso&quot;:&quot;0&quot;,&quot;shutter_speed&quot;:&quot;0&quot;,&quot;title&quot;:&quot;&quot;,&quot;orientation&quot;:&quot;1&quot;}\" data-image-title=\"img_6198\" data-image-description data-image-caption data-medium-file=\"http:\/\/nuevacordoba.net\/wp-content\/uploads\/2023\/04\/cordoba-balearon-a-un-taxista-en-un-intento-de-robo.jpg?w=300\" data-large-file=\"http:\/\/nuevacordoba.net\/wp-content\/uploads\/2023\/04\/cordoba-balearon-a-un-taxista-en-un-intento-de-robo.jpg?w=736\" src=\"http:\/\/nuevacordoba.net\/wp-content\/uploads\/2023\/04\/cordoba-balearon-a-un-taxista-en-un-intento-de-robo.jpg\" class=\"wp-image-7915\" srcset=\"http:\/\/nuevacordoba.net\/wp-content\/uploads\/2023\/04\/cordoba-balearon-a-un-taxista-en-un-intento-de-robo.jpg 791w, http:\/\/nuevacordoba.net\/wp-content\/uploads\/2023\/04\/cordoba-balearon-a-un-taxista-en-un-intento-de-robo.jpg?w=150 150w, http:\/\/nuevacordoba.net\/wp-content\/uploads\/2023\/04\/cordoba-balearon-a-un-taxista-en-un-intento-de-robo.jpg?w=300 300w, http:\/\/nuevacordoba.net\/wp-content\/uploads\/2023\/04\/cordoba-balearon-a-un-taxista-en-un-intento-de-robo.jpg?w=768 768w\" sizes=\"(max-width: 791px) 100vw, 791px\"><\/figure>\n<p>El violento episodio desencaden\u00f3 una protesta de taxistas en el centro de C\u00f3rdoba para pedir m\u00e1s medidas de seguridad. Los trabajadores se movilizaron hasta la central de Polic\u00eda para manifestarse.<\/p>\n<div id=\"jp-post-flair\" class=\"sharedaddy sd-like-enabled sd-sharing-enabled\">\n<div class=\"sharedaddy sd-sharing-enabled\">\n<div class=\"robots-nocontent sd-block sd-social sd-social-icon-text sd-sharing\">\n<h3 class=\"sd-title\">Share this:<\/h3>\n<\/div>\n<\/div>\n<div class=\"sharedaddy sd-block sd-like jetpack-likes-widget-wrapper jetpack-likes-widget-unloaded\" id=\"like-post-wrapper-143108178-7916-6443e44194141\" data-src=\"\/\/widgets.wp.com\/likes\/index.html?ver=20230309#blog_id=143108178&amp;post_id=7916&amp;origin=cordobanewsnet.wordpress.com&amp;obj_id=143108178-7916-6443e44194141\" data-name=\"like-post-frame-143108178-7916-6443e44194141\" data-title=\"Me gusta o Compartir\">\n<h3 class=\"sd-title\">Me gusta esto:<\/h3>\n<p><span class=\"button\"><span>Me gusta<\/span><\/span> <span class=\"loading\">Cargando&#8230;<\/span><\/p>\n<p><span class=\"sd-text-color\"><\/span><\/div>\n<p><h3 class=\"jp-relatedposts-headline\"><em>Relacionado<\/em><\/h3>\n<\/p>\n<\/div><\/div>\n<p><!--\/.post-content--> <\/p>\n<footer class=\"post-meta-container clear\" readability=\"0.85350318471338\">\n<div class=\"entry-author author-avatar-show\" readability=\"14.031746031746\">\n<div class=\"author-avatar\"> <img loading=\"lazy\" alt src=\"http:\/\/nuevacordoba.net\/wp-content\/uploads\/2023\/04\/cordoba-balearon-a-un-taxista-en-un-intento-de-robo-1.jpg\" class=\"avatar avatar-90\" height=\"90\" width=\"90\"> <\/div>\n<p><!-- .author-avatar --> <\/p>\n<p><h2 class=\"author-title\">Publicado por <span class=\"author-name\">angelaponso<\/span><\/h2>\n<\/p>\n<p><!-- .author-heading --> <\/p>\n<p class=\"author-bio\"> <a class=\"author-link\" href=\"https:\/\/cordobanewsnet.wordpress.com\/author\/angelaponso\/\" rel=\"author\"> Ver todas las entradas de angelaponso <\/a> <\/p>\n<p><!-- .author-bio --> <\/div>\n<p><!-- .entry-auhtor --> <\/footer>\n<p> <!-- \/post-meta-container --> <!-- #respond --> <\/p>\n","protected":false},"excerpt":{"rendered":"<p>El ataque se produjo en la esquina de Amen\u00e1bar y Valpara\u00edso, en barrio Jard\u00edn. La v\u00edctima conduc\u00eda un Fiat Siena cuando se produjo el violento episodio. \u00abLo hab\u00eda tomado en el centro y le estaba pagando. Me dio el vuelto, sent\u00ed que dijo \u2018nos van a robar\u2019 y le pegaron un tiro\u00bb, declar\u00f3 Sandra una [&hellip;]<\/p>\n","protected":false},"author":1,"featured_media":31471,"comment_status":"closed","ping_status":"closed","sticky":false,"template":"","format":"standard","meta":[],"categories":[14],"tags":[],"_links":{"self":[{"href":"http:\/\/nuevacordoba.net\/index.php\/wp-json\/wp\/v2\/posts\/31470"}],"collection":[{"href":"http:\/\/nuevacordoba.net\/index.php\/wp-json\/wp\/v2\/posts"}],"about":[{"href":"http:\/\/nuevacordoba.net\/index.php\/wp-json\/wp\/v2\/types\/post"}],"author":[{"embeddable":true,"href":"http:\/\/nuevacordoba.net\/index.php\/wp-json\/wp\/v2\/users\/1"}],"replies":[{"embeddable":true,"href":"http:\/\/nuevacordoba.net\/index.php\/wp-json\/wp\/v2\/comments?post=31470"}],"version-history":[{"count":0,"href":"http:\/\/nuevacordoba.net\/index.php\/wp-json\/wp\/v2\/posts\/31470\/revisions"}],"wp:featuredmedia":[{"embeddable":true,"href":"http:\/\/nuevacordoba.net\/index.php\/wp-json\/wp\/v2\/media\/31471"}],"wp:attachment":[{"href":"http:\/\/nuevacordoba.net\/index.php\/wp-json\/wp\/v2\/media?parent=31470"}],"wp:term":[{"taxonomy":"category","embeddable":true,"href":"http:\/\/nuevacordoba.net\/index.php\/wp-json\/wp\/v2\/categories?post=31470"},{"taxonomy":"post_tag","embeddable":true,"href":"http:\/\/nuevacordoba.net\/index.php\/wp-json\/wp\/v2\/tags?post=31470"}],"curies":[{"name":"wp","href":"https:\/\/api.w.org\/{rel}","templated":true}]}}