{"id":31505,"date":"2023-04-23T18:55:17","date_gmt":"2023-04-23T18:55:17","guid":{"rendered":"http:\/\/nuevacordoba.net\/index.php\/2023\/04\/23\/lali-gonzalez-y-mey-scapola-rescatan-en-teatro-las-cosas-maravillosas-de-la-vida\/"},"modified":"2023-04-23T18:55:17","modified_gmt":"2023-04-23T18:55:17","slug":"lali-gonzalez-y-mey-scapola-rescatan-en-teatro-las-cosas-maravillosas-de-la-vida","status":"publish","type":"post","link":"http:\/\/nuevacordoba.net\/index.php\/2023\/04\/23\/lali-gonzalez-y-mey-scapola-rescatan-en-teatro-las-cosas-maravillosas-de-la-vida\/","title":{"rendered":"Lali Gonz\u00e1lez y Mey Sc\u00e1pola rescatan en teatro \u00abLas cosas maravillosas\u00bb de la vida"},"content":{"rendered":"<figure class=\"mb-3\"><img loading=\"lazy\" data-src=\"http:\/\/nuevacordoba.net\/wp-content\/uploads\/2023\/04\/lali-gonzalez-y-mey-scapola-rescatan-en-teatro-las-cosas-maravillosas-de-la-vida.jpg\" src=\"https:\/\/www.telam.com.ar\/assets\/img\/not_image.png\" class=\" lazy \" width=\"100%\" height=\"100%\" alt=\"Tanto Lali como Mey brillaron en la ficcin televisiva de los ltimos aos Foto Ral Ferrari\"><figcaption> Tanto Lali como Mey brillaron en la ficci\u00f3n televisiva de los \u00faltimos a\u00f1os. (Foto: Ra\u00fal Ferrari) <\/figcaption><\/figure>\n<p>La segunda temporada de <strong>\u00abLas cosas maravillosas\u00bb<\/strong>, unipersonal dirigido este a\u00f1o por <strong>Mey Sc\u00e1pola y con Lali Gonz\u00e1lez<\/strong> como primera protagonista de una saga que, seg\u00fan la directora, \u00abrefleja c\u00f3mo m\u00e1s all\u00e1 del dolor la vida puede ser una fiesta\u00bb, se estrena este lunes en el porte\u00f1o Multiteatro.<\/p>\n<p>\u00abYo quiero destacar la mirada luminosa, optimista y compasiva de la vida que tiene esta obra. Estamos muy acostumbrados a no aceptar los momentos felices y a desconfiar hasta cuando todo sale bien\u00bb, expres\u00f3 Gonz\u00e1lez en una charla con T\u00e9lam.<\/p>\n<p>\u00abSe va a diferentes lugares donde el espectador est\u00e1 invitado a viajar por esta historia y salir de la sala de un modo reflexivo. Rescato que tratamos de ponerle picard\u00eda y algo de comedia para trabajar todo ese contraste\u00bb, agreg\u00f3<strong> la actriz paraguaya que brill\u00f3 en el filme \u00ab7 Cajas\u00bb, protagoniz\u00f3 la ficci\u00f3n \u00abLa 1-5\/18\u00bb<\/strong> en eltrece y hoy conduce en esa pantalla el ciclo \u00ab\u00bfDe qu\u00e9 signo sos?\u00bb, entre otros trabajos.<\/p>\n<p>Con texto de Duncan Macmillan y Jonny Donahoe, y adaptaci\u00f3n de Pablo Gershanik, el unipersonal que cuenta con una puesta muy austera narra un tema universal donde se reflejan las luces y sombras de la vida a partir de un personaje que encara una lista de cosas o de peque\u00f1os momentos hermosos para una madre que sufre depresi\u00f3n.<\/p>\n<p>\u00abEs una propuesta que refleja c\u00f3mo m\u00e1s all\u00e1 del dolor la vida puede ser una fiesta o que a pesar de las complejidades que se nos presentan las cosas pueden ser hermosas, porque el dolor va acompa\u00f1ado del amor y la tristeza nunca es total\u00bb, cont\u00f3 Sc\u00e1pola, quien <strong>particip\u00f3 de ficciones como \u00abGuapas\u00bb, \u00abGraduados\u00bb, \u00abEducando a Nina\u00bb y \u00abSimona\u00bb.<\/strong><\/p>\n<p>La pieza se estren\u00f3 en Argentina en 2022 con Peter Lanzani como protagonista bajo la direcci\u00f3n de Dalia Elnecav\u00e9, y este a\u00f1o contar\u00e1 con un elenco rotativo, que cambiar\u00e1 cada ocho semanas, y luego de Lali Gonz\u00e1lez ser\u00e1 Franco Masini quien encabece la puesta, que sube a escena los lunes y martes a las 20 en la sala ubicada en avenida Corrientes 1283.<\/p>\n<figure class=\"mb-3\"><img loading=\"lazy\" data-src=\"http:\/\/nuevacordoba.net\/wp-content\/uploads\/2023\/04\/lali-gonzalez-y-mey-scapola-rescatan-en-teatro-las-cosas-maravillosas-de-la-vida-1.jpg\" src=\"https:\/\/www.telam.com.ar\/assets\/img\/not_image.png\" class=\" lazy \" width=\"100%\" height=\"100%\" alt=\"La obra pide que no haya elementos escenogrficos ni utilera nada que remita al teatro y que la gente est incorporada en la propuesta dice Scpola Fotos Ral Ferrari \"><figcaption> \u00abLa obra pide que no haya elementos escenogr\u00e1ficos, ni utiler\u00eda, nada que remita al teatro y que la gente est\u00e9 incorporada en la propuesta\u00bb, dice Sc\u00e1pola. (Fotos: Ra\u00fal Ferrari.) <\/figcaption><\/figure>\n<p><strong>-\u00bfQu\u00e9 las motiv\u00f3 a ser parte de esta propuesta?<\/strong><\/p>\n<p><strong>Mey Sc\u00e1pola:<\/strong> La vi el a\u00f1o pasado y me encant\u00f3 el texto, me pareci\u00f3 un \u00abejercicio\u00bb teatral, un proceso maravilloso para un director porque no ten\u00e9s m\u00e1s que un actor o una actriz y un texto. La obra pide que no haya elementos escenogr\u00e1ficos, ni utiler\u00eda, nada que remita al teatro y que la gente est\u00e9 incorporada en la propuesta. La cuarta pared est\u00e1 rota desde que la gente entra. Les pido a los actores que adem\u00e1s de contar el cuento tienen que decirle al espectador que va a participar, que es parte, si bien no es una obra interactiva, ni inmersiva, palabras a las que les huyo.<\/p>\n<p><strong>Lali Gonz\u00e1lez:<\/strong> Hace mucho tiempo que no hago teatro de texto. Cuando empec\u00e9 a leer y a investigar sobre la obra realmente me llam\u00f3 mucho la atenci\u00f3n, me empez\u00f3 a mover cosas y a llevar a otros lugares porque es bastante conmovedora y dif\u00edcil. Es un texto fuerte, un camino a la resiliencia, que me toc\u00f3 fibras y lugares que desconoc\u00eda como actriz, como mujer, como mam\u00e1, y me llev\u00f3 lejos de mi zona de confort que son los shows, el stand up o la comedia y hoy doy gracias que este trabajo tenga mi cuerpo y mi voz.<\/p>\n<p>Para m\u00ed hay un antes y un despu\u00e9s a partir de esta obra, fue volver a mi esencia y a m\u00ed formaci\u00f3n, a cuando decid\u00ed dedicarme a la actuaci\u00f3n y soltar el Derecho, porque soy abogada tambi\u00e9n, trabaj\u00e9 en el Poder Judicial de Paraguay. Hoy miro para atr\u00e1s y digo en qu\u00e9 momento hice tantas cosas (risas).<\/p>\n<p><strong>-Mey, mencion\u00e1s que se rompe la cuarta pared en la obra, \u00bfc\u00f3mo?<\/strong><\/p>\n<p><strong>Mey:<\/strong> Desde el primer momento cuando la actriz o el actor recibe al espectador en la sala, los ubica en las butacas y les dice \u00abme ayudan a contar un cuento\u00bb o \u00abquieren ser parte de algo que les voy a contar\u00bb. La narraci\u00f3n es totalmente con la cuarta pared derribada. La gente tiene que sentir que los estamos invitando a venir a casa un rato.<\/p>\n<p><strong>-\u00bfQu\u00e9 destacan de este unipersonal?<\/strong><\/p>\n<p><strong>Mey:<\/strong>&nbsp;Tiene una emocionalidad muy particular, supongo que es por algo del v\u00ednculo entre padres e hijos. Si algo duele hay que seguir, la vida duele un mont\u00f3n pero tambi\u00e9n puede ser bella. Lo conmovedor del texto es c\u00f3mo salva al personaje hacer algo por el otro, c\u00f3mo transforma a uno hacer algo por alguien que ama. Todo lo que hac\u00e9s para que la vida sea un poco m\u00e1s amorosa y liviana. Es una obra que te invita a estar en el presente, como dice Lali, y para m\u00ed termina siendo una historia de amor.<\/p>\n<p><strong>Lali:<\/strong> Esta obra me puso m\u00e1s atenta, m\u00e1s presente, porque yo me considero a veces una persona un poco fr\u00eda, que est\u00e1 a la defensiva con todo, y este papel me llev\u00f3 a un lugar m\u00e1s vulnerable, sobre todo ahora que me toca vivir en una ciudad tan grande (Buenos Aires) y con trabajos m\u00e1s intensos, entonces me ayud\u00f3 a pararme de otra forma.<\/p>\n<p><strong>-\u00bfC\u00f3mo describen al personaje?<\/strong><\/p>\n<p><strong>Mey:<\/strong>&nbsp;Es un narrador, un personaje completamente emp\u00e1tico, muy vulnerable, y todo eso no va en desmedro de lo esperanzador, es de esas personas que no se regodean en el conflicto que tienen, sino que son realmente luminosas.<\/p>\n<p><strong>Lali:<\/strong> Como un desaf\u00edo, un reto. No es un personaje que tiene una forma de hablar, de caminar, es una Lali que se desnuda completamente a diferencia de la tele. Soy una narradora que le estoy contando algo al p\u00fablico, creando un espacio, aromas, sola en el escenario. Es uno de los trabajos m\u00e1s dif\u00edciles de mi carrera.<\/p>\n<p><strong>-\u00bfC\u00f3mo interviene el humor en un tema delicado como la salud mental?<\/strong><\/p>\n<p><strong>Mey:<\/strong>&nbsp;Todos los temas se pueden tratar con humor pero siempre con distancia. En este caso es un adulto narrando lo que le pas\u00f3 a los siete a\u00f1os y c\u00f3mo lo atraves\u00f3, entonces al haber pasado 20 a\u00f1os de lo ocurrido est\u00e1 esa distancia. Se cuenta c\u00f3mo esa lista la acompa\u00f1\u00f3 toda la vida y que en ella hab\u00eda muchos momentos graciosos y otros que van m\u00e1s abajo. Dirigir esta obra es como un electrocardiograma, la obra sube y baja todo el tiempo como imagino yo que una persona con todos esos miedos y con problemas de salud mental tambi\u00e9n lo hace.<\/p>\n<p><strong>Lali:<\/strong>&nbsp;Tiene que ver con esa frescura y complicidad que se tiene con el p\u00fablico a la hora de hacer unipersonales, ese contacto con ellos, desde un lugar amoroso y p\u00edcaro. Es importante el c\u00f3mo se cuenta, el color con el que lo hace cada actor y yo vengo de hacer comedia en teatro, esta es mi primera obra dram\u00e1tica y la hago como soy yo, de forma simp\u00e1tica, p\u00edcara, sincera y real.<\/p>\n<p><strong>-Mey, \u00bfc\u00f3mo experiment\u00e1s trabajar con un elenco rotativo y qu\u00e9 tuviste en cuenta para elegir a los int\u00e9rpretes?<\/strong><\/p>\n<p>-La gente que pens\u00e9 en convocar ten\u00eda que tener algunas caracter\u00edsticas, quien sea que haga esta experiencia tiene que mostrar un lugar profundamente amoroso.<\/p>\n<p>Soy de las que pienso que como directora ten\u00e9s que enamorarte de quien est\u00e1s dirigiendo, metaf\u00f3ricamente. Estoy ensayando con tres personas al mismo tiempo y con cada uno es un proceso distinto. Si bien tengo una base, a cada uno le tengo que poner el ingrediente que mejor quede con ese actor, con uno tengo que laburar m\u00e1s la vulnerabilidad, con otro que no sea tan solemne o la profundidad y con otro la voz, y as\u00ed con todos. Es complejo y enriquecedor a la vez.<\/p>\n<figure class=\"mb-3\"><img loading=\"lazy\" data-src=\"http:\/\/nuevacordoba.net\/wp-content\/uploads\/2023\/04\/lali-gonzalez-y-mey-scapola-rescatan-en-teatro-las-cosas-maravillosas-de-la-vida-2.jpg\" src=\"https:\/\/www.telam.com.ar\/assets\/img\/not_image.png\" class=\" lazy \" width=\"100%\" height=\"100%\" alt=\"Destaco la mirada luminosa optimista y compasiva de la vida que tiene esta obra Estamos muy acostumbrados a no aceptar los momentos felices y a desconfiar hasta cuando todo sale bien afirma Gonzlez Foto Ral Ferrari\"><figcaption> \u00abDestaco la mirada luminosa, optimista y compasiva de la vida que tiene esta obra. Estamos muy acostumbrados a no aceptar los momentos felices y a desconfiar hasta cuando todo sale bien\u00bb, afirma Gonz\u00e1lez. (Foto: Ra\u00fal Ferrari). <\/figcaption><\/figure>\n<p><strong>-Lali, \u00bfc\u00f3mo viv\u00eds el rol de conductora en un canal como eltrece?<\/strong><\/p>\n<p>-Mi carrera se volc\u00f3 mucho m\u00e1s al cine y reci\u00e9n en los \u00faltimos dos a\u00f1os a la televisi\u00f3n. Para ser conductora en Argentina tuve que aprender cosas nuevas porque nunca lo hab\u00eda hecho, no ten\u00eda mucho contacto con la televisi\u00f3n o por lo menos antes no quer\u00eda.<\/p>\n<p>Este es otro costado en el necesite tener las agallas para ponerme al frente de un programa con doce figuras que me acompa\u00f1an d\u00eda a d\u00eda y cinco participantes, pero lo estoy disfrutando, es el momento en el que me mato de risa con las cosas que pasamos.<\/p>\n<p><strong>-\u00bfTienen otros proyectos?<\/strong><\/p>\n<p><strong>Mey:<\/strong> Escrib\u00ed la obra de teatro \u00abSim\u00f3n\u00bb y fue elegida para que sea una miniserie en una plataforma. Estoy como guionista y directora adaptando mi texto teatral al formato serie.<\/p>\n<p><strong>Lali:<\/strong> Me sali\u00f3 tambi\u00e9n una pel\u00edcula de la productora de Ricardo Dar\u00edn y hay escenas que se graban en Paraguay, entonces tengo que estar yendo y viniendo. Es de Netflix y la dirige Sebasti\u00e1n Borensztein, con Griselda Siciliani, Joaqu\u00edn Furriel y el Puma Goity. <\/p>\n","protected":false},"excerpt":{"rendered":"<p>Tanto Lali como Mey brillaron en la ficci\u00f3n televisiva de los \u00faltimos a\u00f1os. (Foto: Ra\u00fal Ferrari) La segunda temporada de \u00abLas cosas maravillosas\u00bb, unipersonal dirigido este a\u00f1o por Mey Sc\u00e1pola y con Lali Gonz\u00e1lez como primera protagonista de una saga que, seg\u00fan la directora, \u00abrefleja c\u00f3mo m\u00e1s all\u00e1 del dolor la vida puede ser una [&hellip;]<\/p>\n","protected":false},"author":1,"featured_media":31506,"comment_status":"closed","ping_status":"closed","sticky":false,"template":"","format":"standard","meta":[],"categories":[9],"tags":[],"_links":{"self":[{"href":"http:\/\/nuevacordoba.net\/index.php\/wp-json\/wp\/v2\/posts\/31505"}],"collection":[{"href":"http:\/\/nuevacordoba.net\/index.php\/wp-json\/wp\/v2\/posts"}],"about":[{"href":"http:\/\/nuevacordoba.net\/index.php\/wp-json\/wp\/v2\/types\/post"}],"author":[{"embeddable":true,"href":"http:\/\/nuevacordoba.net\/index.php\/wp-json\/wp\/v2\/users\/1"}],"replies":[{"embeddable":true,"href":"http:\/\/nuevacordoba.net\/index.php\/wp-json\/wp\/v2\/comments?post=31505"}],"version-history":[{"count":0,"href":"http:\/\/nuevacordoba.net\/index.php\/wp-json\/wp\/v2\/posts\/31505\/revisions"}],"wp:featuredmedia":[{"embeddable":true,"href":"http:\/\/nuevacordoba.net\/index.php\/wp-json\/wp\/v2\/media\/31506"}],"wp:attachment":[{"href":"http:\/\/nuevacordoba.net\/index.php\/wp-json\/wp\/v2\/media?parent=31505"}],"wp:term":[{"taxonomy":"category","embeddable":true,"href":"http:\/\/nuevacordoba.net\/index.php\/wp-json\/wp\/v2\/categories?post=31505"},{"taxonomy":"post_tag","embeddable":true,"href":"http:\/\/nuevacordoba.net\/index.php\/wp-json\/wp\/v2\/tags?post=31505"}],"curies":[{"name":"wp","href":"https:\/\/api.w.org\/{rel}","templated":true}]}}