{"id":31530,"date":"2023-04-24T12:46:42","date_gmt":"2023-04-24T12:46:42","guid":{"rendered":"http:\/\/nuevacordoba.net\/index.php\/2023\/04\/24\/barracas-central-ante-el-entonado-defensa-y-justicia\/"},"modified":"2023-04-24T12:46:42","modified_gmt":"2023-04-24T12:46:42","slug":"barracas-central-ante-el-entonado-defensa-y-justicia","status":"publish","type":"post","link":"http:\/\/nuevacordoba.net\/index.php\/2023\/04\/24\/barracas-central-ante-el-entonado-defensa-y-justicia\/","title":{"rendered":"Barracas Central ante el entonado Defensa y Justicia"},"content":{"rendered":"<figure class=\"mb-3\"><img loading=\"lazy\" data-src=\"http:\/\/nuevacordoba.net\/wp-content\/uploads\/2023\/04\/barracas-central-ante-el-entonado-defensa-y-justicia.jpg\" src=\"https:\/\/www.telam.com.ar\/assets\/img\/not_image.png\" class=\" lazy \" width=\"100%\" height=\"100%\" alt=\"Foto Archivo Tlam\"><figcaption> Foto: Archivo T\u00e9lam. <\/figcaption><\/figure>\n<p>Barracas Central recibir\u00e1 este lunes al entonado Defensa y Justicia en busca del primer triunfo del ciclo del entrenador Sergio Rondina.<\/p>\n<p>El partido correspondiente a la fecha 13 del torneo 2023 de la Liga Profesional se jugar\u00e1 desde las 15.30 en el estadio Claudio Tapia, con arbitraje de Silvio Trucco y transmisi\u00f3n de ESPN Premium.<\/p>\n<p>El \u00abHuevo\u00bb Rondina debut\u00f3 al frente de Barracas Central con un <a href=\"https:\/\/www.telam.com.ar\/notas\/202304\/625700-velez-barracas-liga-profesional.html\" target=\"_blank\" rel=\"noopener\">empate sin goles contra V\u00e9lez Sarsfield<\/a> en Liniers e intentar\u00e1 sumar su primera victoria en su estreno como local.<\/p>\n<p>Defensa y Justicia suma dos triunfos en fila en el campeonato y el mi\u00e9rcoles pasado extendi\u00f3 su racha positiva en la Copa Sudamericana con la<a href=\"https:\/\/www.telam.com.ar\/notas\/202304\/625922-futbol-defensa-justicia-primera-victoria-sudamericana-america-brasil.html\" target=\"_blank\" rel=\"noopener\"> victoria ante Am\u00e9rica, de Brasil, en Florencio Varela.<\/a><\/p>\n<p>El \u00abHalc\u00f3n\u00bb se ubica en la s\u00e9ptima posici\u00f3n con 21 puntos, mientras que Barracas est\u00e1 22do con 13 unidades.<\/p>\n<p>En el conjunto de Florencio Varela podr\u00eda reaparecer desde el inicio el defensor Nazareno Colombo, quien sum\u00f3 unos minutos por Copa Sudamericana luego de tres partidos ausente por lesi\u00f3n.<\/p>\n<p>El \u00fanico antecedente entre Barracas y Defensa en Primera Divisi\u00f3n fue en agosto del a\u00f1o pasado con un triunfo del \u00abguapo\u00bb por 3-1 en el estadio \u00abChiqui\u00bb Tapia.<\/p>\n<p><strong>Probables formaciones<\/strong>&nbsp;<\/p>\n<p><strong>Barracas Central<\/strong>: Andr\u00e9s Des\u00e1bato; Mauro Peinipil, Agust\u00edn Dattola, Francisco \u00c1lvarez, Juan Ignacio D\u00edaz y Rodrigo Ins\u00faa; Carlos Arce, Facundo Mater e Iv\u00e1n Tapia; Bruno Sep\u00falveda y Ricardo Centuri\u00f3n. DT: Sergio Rondina.<\/p>\n<p><strong>Defensa y Justicia:<\/strong> Ezequiel Unsain; Agust\u00edn Sant&#8217;Anna, Nazareno Colombo o Juli\u00e1n Malatini, Tom\u00e1s Cardona y Alexis Soto; Kevin Guti\u00e9rrez y Juli\u00e1n L\u00f3pez; Santiago Solari, David Barbona, Gast\u00f3n Togni; y Nicol\u00e1s Fern\u00e1ndez. DT: Julio Vaccari.<\/p>\n<p>\u00c1rbitro: Silvio Trucco.<\/p>\n<p>VAR: Lucas Novelli<\/p>\n<p>Estadio: Claudio \u00abChiqui\u00bb Tapia<\/p>\n<p>Hora de inicio: 15.30<\/p>\n<p>TV: ESPN Premium. <\/p>\n","protected":false},"excerpt":{"rendered":"<p>Foto: Archivo T\u00e9lam. Barracas Central recibir\u00e1 este lunes al entonado Defensa y Justicia en busca del primer triunfo del ciclo del entrenador Sergio Rondina. El partido correspondiente a la fecha 13 del torneo 2023 de la Liga Profesional se jugar\u00e1 desde las 15.30 en el estadio Claudio Tapia, con arbitraje de Silvio Trucco y transmisi\u00f3n [&hellip;]<\/p>\n","protected":false},"author":1,"featured_media":31531,"comment_status":"closed","ping_status":"closed","sticky":false,"template":"","format":"standard","meta":[],"categories":[10],"tags":[],"_links":{"self":[{"href":"http:\/\/nuevacordoba.net\/index.php\/wp-json\/wp\/v2\/posts\/31530"}],"collection":[{"href":"http:\/\/nuevacordoba.net\/index.php\/wp-json\/wp\/v2\/posts"}],"about":[{"href":"http:\/\/nuevacordoba.net\/index.php\/wp-json\/wp\/v2\/types\/post"}],"author":[{"embeddable":true,"href":"http:\/\/nuevacordoba.net\/index.php\/wp-json\/wp\/v2\/users\/1"}],"replies":[{"embeddable":true,"href":"http:\/\/nuevacordoba.net\/index.php\/wp-json\/wp\/v2\/comments?post=31530"}],"version-history":[{"count":0,"href":"http:\/\/nuevacordoba.net\/index.php\/wp-json\/wp\/v2\/posts\/31530\/revisions"}],"wp:featuredmedia":[{"embeddable":true,"href":"http:\/\/nuevacordoba.net\/index.php\/wp-json\/wp\/v2\/media\/31531"}],"wp:attachment":[{"href":"http:\/\/nuevacordoba.net\/index.php\/wp-json\/wp\/v2\/media?parent=31530"}],"wp:term":[{"taxonomy":"category","embeddable":true,"href":"http:\/\/nuevacordoba.net\/index.php\/wp-json\/wp\/v2\/categories?post=31530"},{"taxonomy":"post_tag","embeddable":true,"href":"http:\/\/nuevacordoba.net\/index.php\/wp-json\/wp\/v2\/tags?post=31530"}],"curies":[{"name":"wp","href":"https:\/\/api.w.org\/{rel}","templated":true}]}}