{"id":31540,"date":"2023-04-24T17:09:08","date_gmt":"2023-04-24T17:09:08","guid":{"rendered":"http:\/\/nuevacordoba.net\/index.php\/2023\/04\/24\/el-debut-de-dolores-fonzi-en-direccion-y-un-intrigante-cinefilia-italiana-en-el-bafici\/"},"modified":"2023-04-24T17:09:08","modified_gmt":"2023-04-24T17:09:08","slug":"el-debut-de-dolores-fonzi-en-direccion-y-un-intrigante-cinefilia-italiana-en-el-bafici","status":"publish","type":"post","link":"http:\/\/nuevacordoba.net\/index.php\/2023\/04\/24\/el-debut-de-dolores-fonzi-en-direccion-y-un-intrigante-cinefilia-italiana-en-el-bafici\/","title":{"rendered":"El debut de Dolores Fonzi en direcci\u00f3n y un intrigante \u00abcinefilia\u00bb italiana en el Bafici"},"content":{"rendered":"<figure class=\"mb-3\"><img loading=\"lazy\" data-src=\"http:\/\/nuevacordoba.net\/wp-content\/uploads\/2023\/04\/el-debut-de-dolores-fonzi-en-direccion-y-un-intrigante-cinefilia-italiana-en-el-bafici.jpg\" src=\"https:\/\/www.telam.com.ar\/assets\/img\/not_image.png\" class=\" lazy \" width=\"100%\" height=\"100%\" alt=\"Sorprende por ser una pera prima el gran manejo en la direccin de cmara ya desde la primera escena con un cenital que se transforma en un americano secuencia Foto Prensa\"><figcaption> Sorprende, por ser una \u00f3pera prima, el gran manejo en la direcci\u00f3n de c\u00e1mara ya desde la primera escena, con un cenital que se transforma en un americano secuencia. \/ Foto: Prensa <\/figcaption><\/figure>\n<p>La tercera jornada de la Competencia Internacional del Bafici mostr\u00f3 a \u00abBlondi\u00bb, esperada \u00f3pera prima de Dolores Fonzi, quien cont\u00f3 con una sonora hinchada en la sala 1 de Gaumont, y a \u00abUna claustrocinefilia\u00bb, peque\u00f1o documental italiano de Alessandro Aniballi que, a trav\u00e9s de la intriga, se adentra en las paranoias de un cr\u00edtico de cine encerrado en su departamento.<\/p>\n<p>La cinta de Fonzi fue la encargada de cerrar la noche del s\u00e1bado en una abarrotada sala Leonardo Favio, con un p\u00fablico que aplaudi\u00f3 todo lo que pudo y que agot\u00f3 las entradas en tan solo una hora y media desde que salieron a la venta de manera online.<\/p>\n<p>Contenta,<strong> la actriz, debutante en la direcci\u00f3n, estuvo acompa\u00f1ada por su pareja y productor de la pel\u00edcula, Santiago Mitre<\/strong>, y un elenco encabezado por ella misma, Carla Peterson y Toto Rovito, adem\u00e1s de colegas como Joaqu\u00edn Furriel y Mex Urtizberea.<\/p>\n<p>La pel\u00edcula, con mucha autorreferencia -seg\u00fan dijo Fonzi en la presentaci\u00f3n-, narra el d\u00eda a d\u00eda de una joven madre y su hijo entrando a los 20 a\u00f1os, que viven como amigos: comparten gustos, consumen marihuana, van a recitales y toman alcohol.<\/p>\n<blockquote class><p>La pel\u00edcula, con mucha autorreferencia -seg\u00fan dijo Fonzi en la presentaci\u00f3n-, narra el d\u00eda a d\u00eda de una joven madre y su hijo entrando a los 20 a\u00f1os, que viven como amigos: comparten gustos, consumen marihuana, van a recitales y toman alcohol<\/p><\/blockquote>\n<p>La \u00fanica diferenica que se deja ver entre ambos es que Mirko (Rovito) vive su edad con miras a un futuro, mientras que ella, Blondi, se encuentra anclada y sin ning\u00fan tipo de remordimiento, en una adolescencia que pareciera no terminar de largar. Se puede intuir en ello el nacimiento de Mirko cuando la madre ten\u00eda 15 a\u00f1os.<\/p>\n<p>Aunque tambi\u00e9n Blondi sirve como ancla para los desvar\u00edos de su hermana, atrapada en una rutina de clase media alta de la que quiere escapar. As\u00ed, la protagonista se transforma en el antiestereotipo en el que pueden convivir la responsabilidad y el desenfreno.<\/p>\n<p><strong>Sorprende, por ser una \u00f3pera prima, el gran manejo en la direcci\u00f3n de c\u00e1mara ya desde la primera escena<\/strong>, con un cenital que se transforma en un americano secuencia. Tambi\u00e9n la buena decisi\u00f3n que tuvo en la fotograf\u00eda y el dise\u00f1o de arte de la pel\u00edcula. Sin embargo, queda un sinsabor en el desarrollo de algunos personajes, que quiz\u00e1 ten\u00edan m\u00e1s tela para cortar, como el de la hermana (Carla Petersen) y su marido (Leonardo Sbaraglia) o en la relaci\u00f3n Mirko-Blondi. P\u00e1rrafo aparte merece el excepcional trabajo de Rita Cortese, aportando puntadas esenciales para traccionar la comedia.<\/p>\n<p><strong>M\u00e1s temprano se proyect\u00f3 \u00abUna claustrocinefilia\u00bb. Alessandro Aniballi, su director, es cr\u00edtico de cine en el portal Quinlan y, como a casi todo el mundo, lo sorprendi\u00f3 el encierro de la pandemia en 2020<\/strong>. Comenzado el filme, uno ya bufa al pensar: \u00abOtro documental sobre la cuarentena y alguien que cree que es al \u00fanico que le pas\u00f3\u00bb. Pero al instante, Aniballi transforma el hecho m\u00e1s com\u00fan para toda la humanidad desde que se tenga uso de raz\u00f3n para mostrar y demostrar su amor por el cine y lo que el cine, justamente, le dio a la humanidad.<\/p>\n<p>A trav\u00e9s de cortes de variadas pel\u00edculas (\u00abAppocalypse Now\u00bb, \u00abEl gran Lebowski\u00bb o la \u00abDolce Vita\u00bb, entre la centena que pasan), este cr\u00edtico y montajista cuenta su d\u00eda a d\u00eda y las paranoias que, se da cuenta en ese momento, lo persiguen desde que naci\u00f3. Se trata de una pel\u00edcula que al cin\u00e9filo lo interpelar\u00e1 a trav\u00e9s de la cantidad de reconocibles im\u00e1genes que ver\u00e1, pero que a quien no siente esa pasi\u00f3n por el s\u00e9ptimo arte lo transportar\u00e1 a un mundo que de tan imaginario, se vuelve real.<\/p>\n<p>Adem\u00e1s, muestra algunos descubrimientos y homenajes de pel\u00edculas dentro de pel\u00edculas, que en muchos casos sorprende por la obsesi\u00f3n con la que trabaja Aniballi. Y, por si fuera poco, \u00e9l mismo es un personaje simp\u00e1tico y hasta caricaturesco, que detr\u00e1s de sus reboltosa cabellera asoma una incipiente pelada y unos ojos tan abiertos como los de alguien que teme al mundo o est\u00e1 mirando una pel\u00edcula. Simp\u00e1tica y atractiva, <strong>\u00abUna claustrocinefilia\u00bb se puede ver este martes a las 15 en la Sala Leopoldo Lugones y el mi\u00e9rcoles a las 16.45 en el Cine Lorca<\/strong>.<\/p>\n<p><strong>\u00abBlondi\u00bb, en tanto, se proyecta el lunes a las 21.15 en el Cultural San Mart\u00edn y el mi\u00e9rcoles a las 16.50 en la Alianza Francesa<\/strong>. <\/p>\n","protected":false},"excerpt":{"rendered":"<p>Sorprende, por ser una \u00f3pera prima, el gran manejo en la direcci\u00f3n de c\u00e1mara ya desde la primera escena, con un cenital que se transforma en un americano secuencia. \/ Foto: Prensa La tercera jornada de la Competencia Internacional del Bafici mostr\u00f3 a \u00abBlondi\u00bb, esperada \u00f3pera prima de Dolores Fonzi, quien cont\u00f3 con una sonora [&hellip;]<\/p>\n","protected":false},"author":1,"featured_media":31541,"comment_status":"closed","ping_status":"closed","sticky":false,"template":"","format":"standard","meta":[],"categories":[9],"tags":[],"_links":{"self":[{"href":"http:\/\/nuevacordoba.net\/index.php\/wp-json\/wp\/v2\/posts\/31540"}],"collection":[{"href":"http:\/\/nuevacordoba.net\/index.php\/wp-json\/wp\/v2\/posts"}],"about":[{"href":"http:\/\/nuevacordoba.net\/index.php\/wp-json\/wp\/v2\/types\/post"}],"author":[{"embeddable":true,"href":"http:\/\/nuevacordoba.net\/index.php\/wp-json\/wp\/v2\/users\/1"}],"replies":[{"embeddable":true,"href":"http:\/\/nuevacordoba.net\/index.php\/wp-json\/wp\/v2\/comments?post=31540"}],"version-history":[{"count":0,"href":"http:\/\/nuevacordoba.net\/index.php\/wp-json\/wp\/v2\/posts\/31540\/revisions"}],"wp:featuredmedia":[{"embeddable":true,"href":"http:\/\/nuevacordoba.net\/index.php\/wp-json\/wp\/v2\/media\/31541"}],"wp:attachment":[{"href":"http:\/\/nuevacordoba.net\/index.php\/wp-json\/wp\/v2\/media?parent=31540"}],"wp:term":[{"taxonomy":"category","embeddable":true,"href":"http:\/\/nuevacordoba.net\/index.php\/wp-json\/wp\/v2\/categories?post=31540"},{"taxonomy":"post_tag","embeddable":true,"href":"http:\/\/nuevacordoba.net\/index.php\/wp-json\/wp\/v2\/tags?post=31540"}],"curies":[{"name":"wp","href":"https:\/\/api.w.org\/{rel}","templated":true}]}}