{"id":31562,"date":"2023-04-25T14:09:37","date_gmt":"2023-04-25T14:09:37","guid":{"rendered":"https:\/\/www.ole.com.ar\/futbol-ascenso\/maximiliano-levy-presidente-almirante-brown-primera-b-nacional-comparacion-twitter-sarcasmo-patronato-real-madrid-postergacion_0_N16ncYaWvE.html"},"modified":"2023-04-25T14:09:37","modified_gmt":"2023-04-25T14:09:37","slug":"el-sarcasmo-del-presidente-de-almirante-brown-y-una-extrana-comparacion-con-el-real-madrid","status":"publish","type":"post","link":"http:\/\/nuevacordoba.net\/index.php\/2023\/04\/25\/el-sarcasmo-del-presidente-de-almirante-brown-y-una-extrana-comparacion-con-el-real-madrid\/","title":{"rendered":"El sarcasmo del presidente de Almirante Brown y una extra\u00f1a comparaci\u00f3n con el Real Madrid"},"content":{"rendered":"<p><time class=\"createDate\" datetime=\"2023-04-25T11:09:37-03:00\">25\/04\/2023 11:09hs.<\/time><time class=\"modificatedDate\" datetime=\"2023\/04\/25T11:09:36-03:00\"><\/time><\/p>\n<div id=\"storyBody\">\n<div class=\"custom-text \" readability=\"32.655737704918\">\n<p>Se pic\u00f3 entre dos potencias del Ascenso argentino. Al confirmarse la postergaci\u00f3n del encuentro reprogramado entre <a href=\"https:\/\/www.ole.com.ar\/tema\/patronato.html\" title=\"Patronato\" alt=\"Patronato\" class=\"slug\"><strong>Patronato<\/strong><\/a> y <a href=\"https:\/\/www.ole.com.ar\/tema\/almirante-brown.html\" title=\"Almirante Brown\" alt=\"Almirante Brown\" class=\"slug\"><strong>Almirante Brown<\/strong><\/a>, por la fecha 10 de la <a href=\"https:\/\/www.ole.com.ar\/tema\/primera-nacional.html\" title=\"Primera Nacional\" alt=\"Primera Nacional\" class=\"slug\"><strong>Primera Nacional<\/strong><\/a>, <strong>el presidente de la Fragata, <\/strong><a href=\"https:\/\/www.ole.com.ar\/tema\/maximiliano-levy.html\" title=\"Maximiliano Levy\" alt=\"Maximiliano Levy\" class=\"slug\"><strong>Maximiliano Levy<\/strong><\/a><strong>, explot\u00f3 contra el Patr\u00f3n, respondi\u00e9ndole una publicaci\u00f3n de Twitter<\/strong>.<\/p>\n<\/div>\n<div class=\"sc-a7166897-0 fTvehT\" readability=\"6.5\">\n<section readability=\"3\"><picture><img alt=\"\nEn el cierre de la fecha: San Mart\u00edn derrot\u00f3 a Alvarado y sigue subiendo en la tabla. \" src=\"http:\/\/nuevacordoba.net\/wp-content\/uploads\/2023\/04\/el-sarcasmo-del-presidente-de-almirante-brown-y-una-extrana-comparacion-con-el-real-madrid.jpg\" width=\"29\" height=\"29\" decoding=\"async\" data-nimg=\"future\" loading=\"lazy\"><\/picture>\n<p><span>Mir\u00e1 tambi\u00e9n<\/span><\/p>\n<hr>\n<h3>\nEn el cierre de la fecha: San Mart\u00edn derrot\u00f3 a Alvarado y sigue subiendo en la tabla.<br \/>\n<\/h3>\n<\/p>\n<\/section>\n<\/div>\n<div class=\"custom-text \" readability=\"39\">\n<p>En primera instancia, el combinado de Paran\u00e1 comunic\u00f3 mediante sus redes sociales un nuevo aplazo del enfrentamiento: \u00ab<strong>Debido a cuestiones log\u00edsticas relacionadas con la local\u00eda<\/strong>, el encuentro ante el Club Almirante Brown por la fecha 10 de la #PrimeraNacional, programado para este mi\u00e9rcoles 26\/4, ha sido postergado. <strong>El nuevo d\u00eda y horario ser\u00e1 confirmado en los pr\u00f3ximos d\u00edas<\/strong>\u00ab.<\/p>\n<\/div>\n<div class=\"custom-text \" readability=\"35.02427184466\">\n<p>Minutos despu\u00e9s, Levy escribi\u00f3 un comentario contra el Negro con un alto grado de sarcasmo y, de por medio, una extra\u00f1a comparaci\u00f3n: \u00ab<strong>No sab\u00eda que el <\/strong><a href=\"https:\/\/www.ole.com.ar\/tema\/real-madrid.html\" title=\"Real Madrid\" alt=\"Real Madrid\" class=\"slug\"><strong>Real Madrid<\/strong><\/a><strong> ten\u00eda una filial en Primera Nacional<\/strong>\u00ab. <\/p>\n<\/div>\n<div class=\"sc-996041c8-0 iUjELL\"><img alt=\"El presidente de Almirante Brown explot\u00f3 contra Patronato. (Prensa Almirante Brown)\" src=\"http:\/\/nuevacordoba.net\/wp-content\/uploads\/2023\/04\/el-sarcasmo-del-presidente-de-almirante-brown-y-una-extrana-comparacion-con-el-real-madrid-1.jpg\" width=\"72\" height=\"10\" decoding=\"async\" data-nimg=\"future\" loading=\"lazy\"><span>El presidente de Almirante Brown explot\u00f3 contra Patronato. (Prensa Almirante Brown)<\/span><\/div>\n<div class=\"custom-text \" readability=\"35.814159292035\">\n<p>Sin embargo, <strong>el enojo del dirigente Mirasol tiene sus motivos<\/strong>. No s\u00f3lo se trata de las <strong>constantes reprogramaciones<\/strong> sino que, tambi\u00e9n, de la <strong>cercan\u00eda del cl\u00e1sico contra <\/strong><a href=\"https:\/\/www.ole.com.ar\/tema\/nueva-chicago.html\" title=\"Nueva Chicago\" alt=\"Nueva Chicago\" class=\"slug\"><strong>Nueva Chicago<\/strong><\/a>, rival al que visitar\u00e1n en la fecha 17.<\/p>\n<\/div>\n<div class=\"sc-a7166897-0 fTvehT\" readability=\"6\">\n<section readability=\"2\"><picture><img alt=\"El Gasolero no hizo pie como local y perdi\u00f3 ante Flandria\" src=\"http:\/\/nuevacordoba.net\/wp-content\/uploads\/2023\/04\/el-sarcasmo-del-presidente-de-almirante-brown-y-una-extrana-comparacion-con-el-real-madrid-2.jpg\" width=\"29\" height=\"29\" decoding=\"async\" data-nimg=\"future\" loading=\"lazy\"><\/picture>\n<p><span>Mir\u00e1 tambi\u00e9n<\/span><\/p>\n<hr>\n<h3>El Gasolero no hizo pie como local y perdi\u00f3 ante Flandria<\/h3>\n<\/p>\n<\/section>\n<\/div>\n<div class=\"custom-text \" readability=\"41\">\n<p>Tal vez, esta era su semana perfecta para jugar frente a Patronato, ya que <strong>los hombres de Isidro Casanova llegaban descansados despu\u00e9s de tener una jornada libre del campeonato<\/strong>. Sin embargo, ahora, deber\u00e1n esperar otra fecha y, la misma, podr\u00eda ser en la semana previa al duelo ante el Torito de Mataderos. <\/p>\n<\/div>\n<p><h2>Levy tambi\u00e9n se cruz\u00f3 con un hincha<\/h2>\n<\/p>\n<div class=\"sc-996041c8-0 iUjELL\"><img alt=\"El presidente de Almirante Brown explot\u00f3 contra Patronato. (Doble Amarilla)\" src=\"http:\/\/nuevacordoba.net\/wp-content\/uploads\/2023\/04\/el-sarcasmo-del-presidente-de-almirante-brown-y-una-extrana-comparacion-con-el-real-madrid-3.jpg\" width=\"72\" height=\"10\" decoding=\"async\" data-nimg=\"future\" loading=\"lazy\"><span>El presidente de Almirante Brown explot\u00f3 contra Patronato. (Doble Amarilla)<\/span><\/div>\n<div class=\"custom-text \" readability=\"35\">\n<p>El presidente de Almirante Brown <strong>se tom\u00f3 el tiempo de responderle a un fan\u00e1tico del Patr\u00f3n<\/strong>, que le respondi\u00f3 su controversial tweet de la siguiente forma:<strong> \u00abRespet\u00e1 un poco, equipo chico\u00bb<\/strong>.<\/p>\n<\/div>\n<div class=\"sc-a7166897-0 fTvehT\" readability=\"6\">\n<section readability=\"2\"><picture><img alt=\"Consigui\u00f3 un triunfo ag\u00f3nico y rompi\u00f3 su mala racha \" src=\"http:\/\/nuevacordoba.net\/wp-content\/uploads\/2023\/04\/el-sarcasmo-del-presidente-de-almirante-brown-y-una-extrana-comparacion-con-el-real-madrid-4.jpg\" width=\"29\" height=\"29\" decoding=\"async\" data-nimg=\"future\" loading=\"lazy\"><\/picture>\n<p><span>Mir\u00e1 tambi\u00e9n<\/span><\/p>\n<hr>\n<h3>Consigui\u00f3 un triunfo ag\u00f3nico y rompi\u00f3 su mala racha<br \/>\n<\/h3>\n<\/p>\n<\/section>\n<\/div>\n<div class=\"custom-text \" readability=\"36\">\n<p>Cuando vio la terrible agresi\u00f3n hacia su club, <strong>Levy reforz\u00f3 su particular comparaci\u00f3n<\/strong> al publicar una imagen de una bandera representativa de los Merengues que dec\u00eda <strong>\u00abHasta el final, \u00a1Vamos Real!\u00bb<\/strong>. <\/p>\n<\/div>\n<\/div>\n","protected":false},"excerpt":{"rendered":"<p>25\/04\/2023 11:09hs. Se pic\u00f3 entre dos potencias del Ascenso argentino. Al confirmarse la postergaci\u00f3n del encuentro reprogramado entre Patronato y Almirante Brown, por la fecha 10 de la Primera Nacional, el presidente de la Fragata, Maximiliano Levy, explot\u00f3 contra el Patr\u00f3n, respondi\u00e9ndole una publicaci\u00f3n de Twitter. Mir\u00e1 tambi\u00e9n En el cierre de la fecha: San [&hellip;]<\/p>\n","protected":false},"author":1,"featured_media":31563,"comment_status":"closed","ping_status":"closed","sticky":false,"template":"","format":"standard","meta":[],"categories":[10],"tags":[],"_links":{"self":[{"href":"http:\/\/nuevacordoba.net\/index.php\/wp-json\/wp\/v2\/posts\/31562"}],"collection":[{"href":"http:\/\/nuevacordoba.net\/index.php\/wp-json\/wp\/v2\/posts"}],"about":[{"href":"http:\/\/nuevacordoba.net\/index.php\/wp-json\/wp\/v2\/types\/post"}],"author":[{"embeddable":true,"href":"http:\/\/nuevacordoba.net\/index.php\/wp-json\/wp\/v2\/users\/1"}],"replies":[{"embeddable":true,"href":"http:\/\/nuevacordoba.net\/index.php\/wp-json\/wp\/v2\/comments?post=31562"}],"version-history":[{"count":0,"href":"http:\/\/nuevacordoba.net\/index.php\/wp-json\/wp\/v2\/posts\/31562\/revisions"}],"wp:featuredmedia":[{"embeddable":true,"href":"http:\/\/nuevacordoba.net\/index.php\/wp-json\/wp\/v2\/media\/31563"}],"wp:attachment":[{"href":"http:\/\/nuevacordoba.net\/index.php\/wp-json\/wp\/v2\/media?parent=31562"}],"wp:term":[{"taxonomy":"category","embeddable":true,"href":"http:\/\/nuevacordoba.net\/index.php\/wp-json\/wp\/v2\/categories?post=31562"},{"taxonomy":"post_tag","embeddable":true,"href":"http:\/\/nuevacordoba.net\/index.php\/wp-json\/wp\/v2\/tags?post=31562"}],"curies":[{"name":"wp","href":"https:\/\/api.w.org\/{rel}","templated":true}]}}