{"id":31566,"date":"2023-04-25T13:02:52","date_gmt":"2023-04-25T13:02:52","guid":{"rendered":"https:\/\/cordoba.gob.ar\/?p=43642"},"modified":"2023-04-25T13:02:52","modified_gmt":"2023-04-25T13:02:52","slug":"hoy-comienza-el-primer-congreso-internacional-de-participacion-ciudadana-y-descentralizacion","status":"publish","type":"post","link":"http:\/\/nuevacordoba.net\/index.php\/2023\/04\/25\/hoy-comienza-el-primer-congreso-internacional-de-participacion-ciudadana-y-descentralizacion\/","title":{"rendered":"Hoy comienza el primer Congreso Internacional de Participaci\u00f3n Ciudadana y Descentralizaci\u00f3n"},"content":{"rendered":"<div><img src=\"http:\/\/nuevacordoba.net\/wp-content\/uploads\/2023\/04\/hoy-comienza-el-primer-congreso-internacional-de-participacion-ciudadana-y-descentralizacion.jpg\" class=\"ff-og-image-inserted\"><\/div>\n<ul>\n<li><strong>Tendr\u00e1 m\u00e1s de 100 expositores, panelistas y disertantes y cuatro sedes en simult\u00e1neo en donde se presentar\u00e1n m\u00e1s de 30 paneles y exposiciones.<\/strong><\/li>\n<li><strong>M\u00e1s informaci\u00f3n se puede encontrar en la web: <a href=\"https:\/\/yoparticipo2023.cordoba.gob.ar\/\">https:\/\/yoparticipo2023.cordoba.gob.ar\/<\/a><\/strong><\/li>\n<\/ul>\n<hr>\n<p>La Municipalidad de C\u00f3rdoba, junto con siete universidades de la regi\u00f3n, organizan el Primer Congreso Internacional de Participaci\u00f3n Ciudadana y Descentralizaci\u00f3n que se realizar\u00e1 desde hoy martes hasta el jueves 27 de abril en distintas sedes dentro del Casco Hist\u00f3rico de la Ciudad de C\u00f3rdoba.<\/p>\n<p>El Congreso Internacional tiene como objetivo intercambiar experiencias y pr\u00e1cticas a nivel nacional e internacional ejecutadas por diferentes ciudades, municipalidades y actores sociales que trabajan colaborativamente para mejorar sus realidades, aplicando procesos de participaci\u00f3n ciudadana y descentralizaci\u00f3n.<\/p>\n<p>Las universidades organizadoras que acompa\u00f1an al municipio son la Universidad Nacional de C\u00f3rdoba, la Universidad Cat\u00f3lica de C\u00f3rdoba, la Universidad Nacional de Villa Mar\u00eda, la Universidad Siglo 21, la Universidad Blas Pascal, la Universidad Tecnol\u00f3gica Nacional y el Instituto Universitario Aeron\u00e1utico.<\/p>\n<p>La apertura del evento tendr\u00e1 lugar a las 10 horas, en el Hotel Quinto Centenario, ex-Hotel Sheraton, ubicado en Duarte Quir\u00f3s 1300.<\/p>\n<p>El Congreso tendr\u00e1 cuatro sedes principales donde se desarrollar\u00e1n charlas, paneles y exposiciones, entre las cuales se encuentran:<\/p>\n<p>\u2013 Universidad Cat\u00f3lica de C\u00f3rdoba (U.C.C.), Sal\u00f3n Diego de Torres, Obispo Trejo 323.<\/p>\n<p>\u2013 Facultad de Derecho, U.N.C. \u2013 Aula Magna, Caseros 51.<\/p>\n<p>\u2013 Facultad de Ciencias Exactas, F\u00edsicas y Naturales (F.C.E.F y N.) [Sede Centro] U.N.C., Av. V\u00e9lez S\u00e1rsfield, 299.<\/p>\n<p>\u2013 Academia Nacional de Ciencias, Av. V\u00e9lez S\u00e1rsfield 249.<\/p>\n<p>El cierre del evento se realizar\u00e1 en el Teatro del Libertador General San Mart\u00edn, el jueves 27 de abril a las 19 hs., ubicado en Av. V\u00e9lez S\u00e1rsfield 365, con invitaci\u00f3n previa.<\/p>\n<p>Si bien la participaci\u00f3n es libre, gratuita y abierta para todo p\u00fablico, para participar ser\u00e1 necesario preinscribirse a trav\u00e9s del este <a href=\"https:\/\/forms.gle\/6Jb6FXmK8xhHv5U89\">link<\/a>.<\/p>\n<p>Quienes no se inscriban previamente podr\u00e1n hacerlo los d\u00edas de congreso en el Centro Cultural Nueva Andaluc\u00eda, ubicado en Duarte Quir\u00f3s 107 para recibir la constancia de participaci\u00f3n.<\/p>\n<p>Los temas a tratar ser\u00e1n la descentralizaci\u00f3n y nueva agenda del trabajo colaborativo entre la ciudadan\u00eda y el gobierno local, los Objetivos de Desarrollo Sostenible, la Nueva Agenda Urbana en las pol\u00edticas p\u00fablicas a nivel local, las Instituciones y Pr\u00e1cticas de Representaci\u00f3n y Participaci\u00f3n Ciudadana, la innovaci\u00f3n y la co-creaci\u00f3n de valor p\u00fablico, gobernanza digital y nuevos desaf\u00edos de la pol\u00edtica de Gobierno Abierto; y por \u00faltimo: el desarrollo territorial, la competitividad local y la econom\u00eda pol\u00edtica de la descentralizaci\u00f3n. Estos pilares son las principales tem\u00e1ticas a tratar en las exposiciones.<\/p>\n<p>El evento busca promover el intercambio de pr\u00e1cticas de gobernanza participativa, explorar reformas pol\u00edtico-institucionales que favorezcan la democracia directa e indirecta e identificar estrategias para fortalecer las relaciones entre diferentes niveles estatales a favor de la profundizaci\u00f3n de la democracia desde lo local hasta lo nacional<\/p>\n<p>Adem\u00e1s, se busca generar un espacio de encuentro entre distintos actores vinculados a la democracia local a nivel internacional y abordar los alcances, limitaciones y potencialidades de la gobernanza digital como una estrategia para construir y fortalecer la ciudadan\u00eda.<\/p>\n<p><strong>Disertantes locales, nacionales e internacionales<\/strong><\/p>\n<p>El pr\u00f3ximo Congreso Internacional de Participaci\u00f3n Ciudadana y Descentralizaci\u00f3n contar\u00e1 con la presencia de disertantes destacados provenientes de diferentes lugares de Latinoam\u00e9rica y Europa, entre ellos M\u00e9xico, Chile, Brasil (incluyendo ex-intendentes de Arrecife y Porto Alegre), Uruguay y Espa\u00f1a.<\/p>\n<p>Participar\u00e1n representantes de la Uni\u00f3n Iberoamericana de Municipalistas, ODS Iberoam\u00e9rica, el Parque Cient\u00edfico de Madrid, Espa\u00f1a y el C\u00f3nsul de Dinamarca y Suecia.<\/p>\n<p>Tambi\u00e9n estar\u00e1n presentes representantes del Observatorio Internacional de la Democracia Participativa (OIDP) y de la red internacional de democracia participativa.<\/p>\n<p>El Congreso contar\u00e1 con la presencia de destacados disertantes argentinos, provenientes de diferentes provincias y ciudades como Catamarca, C\u00f3rdoba (incluyendo la Municipalidad de Las Tapias y Villa Allende), Posadas, Entre R\u00edos, Mendoza, Rosario, Perez, Santa Fe, Neuqu\u00e9n, Salta, General Pico y La Pampa, as\u00ed como de la Ciudad de Catamarca.<\/p>\n<p>Tambi\u00e9n participar\u00e1 el consultor Arq. Gustavo Retrepo y representantes de varias universidades argentinas como la Universidad Nacional de La Plata, la Universidad Nacional de Rosario, la Universidad Nacional de Cuyo y la Universidad Nacional de R\u00edo Cuarto.<\/p>\n<p>La Organizaci\u00f3n de Regiones Unidas tambi\u00e9n estar\u00e1 presente en el congreso, brindando su visi\u00f3n y experiencia en materia de descentralizaci\u00f3n y participaci\u00f3n ciudadana en el \u00e1mbito regional.<\/p>\n<p>Asimismo, en el Congreso Internacional estar\u00e1n presentes representantes de las siete universidades de la regi\u00f3n, incluyendo docentes, acad\u00e9micos, rectores y expertos en las tem\u00e1ticas propuestas, adem\u00e1s de funcionarios municipales y provinciales de C\u00f3rdoba.<\/p>\n","protected":false},"excerpt":{"rendered":"<p>Tendr\u00e1 m\u00e1s de 100 expositores, panelistas y disertantes y cuatro sedes en simult\u00e1neo en donde se presentar\u00e1n m\u00e1s de 30 paneles y exposiciones. M\u00e1s informaci\u00f3n se puede encontrar en la web: https:\/\/yoparticipo2023.cordoba.gob.ar\/ La Municipalidad de C\u00f3rdoba, junto con siete universidades de la regi\u00f3n, organizan el Primer Congreso Internacional de Participaci\u00f3n Ciudadana y Descentralizaci\u00f3n que se [&hellip;]<\/p>\n","protected":false},"author":1,"featured_media":31567,"comment_status":"closed","ping_status":"closed","sticky":false,"template":"","format":"standard","meta":[],"categories":[14],"tags":[],"_links":{"self":[{"href":"http:\/\/nuevacordoba.net\/index.php\/wp-json\/wp\/v2\/posts\/31566"}],"collection":[{"href":"http:\/\/nuevacordoba.net\/index.php\/wp-json\/wp\/v2\/posts"}],"about":[{"href":"http:\/\/nuevacordoba.net\/index.php\/wp-json\/wp\/v2\/types\/post"}],"author":[{"embeddable":true,"href":"http:\/\/nuevacordoba.net\/index.php\/wp-json\/wp\/v2\/users\/1"}],"replies":[{"embeddable":true,"href":"http:\/\/nuevacordoba.net\/index.php\/wp-json\/wp\/v2\/comments?post=31566"}],"version-history":[{"count":0,"href":"http:\/\/nuevacordoba.net\/index.php\/wp-json\/wp\/v2\/posts\/31566\/revisions"}],"wp:featuredmedia":[{"embeddable":true,"href":"http:\/\/nuevacordoba.net\/index.php\/wp-json\/wp\/v2\/media\/31567"}],"wp:attachment":[{"href":"http:\/\/nuevacordoba.net\/index.php\/wp-json\/wp\/v2\/media?parent=31566"}],"wp:term":[{"taxonomy":"category","embeddable":true,"href":"http:\/\/nuevacordoba.net\/index.php\/wp-json\/wp\/v2\/categories?post=31566"},{"taxonomy":"post_tag","embeddable":true,"href":"http:\/\/nuevacordoba.net\/index.php\/wp-json\/wp\/v2\/tags?post=31566"}],"curies":[{"name":"wp","href":"https:\/\/api.w.org\/{rel}","templated":true}]}}