{"id":31600,"date":"2023-04-26T13:45:16","date_gmt":"2023-04-26T13:45:16","guid":{"rendered":"http:\/\/nuevacordoba.net\/index.php\/2023\/04\/26\/con-cancion-sobre-cancion-liliana-herrero-y-horacio-gonzalez-develan-otro-fito-paez\/"},"modified":"2023-04-26T13:45:16","modified_gmt":"2023-04-26T13:45:16","slug":"con-cancion-sobre-cancion-liliana-herrero-y-horacio-gonzalez-develan-otro-fito-paez","status":"publish","type":"post","link":"http:\/\/nuevacordoba.net\/index.php\/2023\/04\/26\/con-cancion-sobre-cancion-liliana-herrero-y-horacio-gonzalez-develan-otro-fito-paez\/","title":{"rendered":"Con \u00abCanci\u00f3n sobre canci\u00f3n\u00bb Liliana Herrero y Horacio Gonz\u00e1lez develan otro Fito P\u00e1ez"},"content":{"rendered":"<figure class=\"mb-3\"><img loading=\"lazy\" data-src=\"http:\/\/nuevacordoba.net\/wp-content\/uploads\/2023\/04\/con-cancion-sobre-cancion-liliana-herrero-y-horacio-gonzalez-develan-otro-fito-paez.jpg\" src=\"https:\/\/www.telam.com.ar\/assets\/img\/not_image.png\" class=\" lazy \" width=\"100%\" height=\"100%\" alt=\"La estudiosa de la msica y el socilogo y ensayista fallecido en junio de 2021 Foto Gentileza Josefina Chevalier\"><figcaption> La estudiosa de la m\u00fasica y el soci\u00f3logo y ensayista fallecido en junio de 2021. (Foto: Gentileza Josefina Chevalier) <\/figcaption><\/figure>\n<p>La exhibici\u00f3n en el marco del actual Bafici del<strong> documental \u00abCanci\u00f3n sobre canci\u00f3n\u00bb, de Fernando Arca<\/strong>, donde Liliana Herrero conversa con su compa\u00f1ero Horacio Gonz\u00e1lez acerca del disco hom\u00f3nimo que la int\u00e9rprete dedic\u00f3 a visitar repertorio de Fito P\u00e1ez, viene a completar el perfil p\u00fablico del rosarino en d\u00edas en los que un recorte de su vida asoma en formato de serie a trav\u00e9s de la plataforma Netflix.<\/p>\n<p><strong>Due\u00f1o de una vida intensa y dram\u00e1tica <\/strong>que dialog\u00f3 p\u00fablicamente con una obra profusa y notable, P\u00e1ez aparece aqu\u00ed como figura omnipresente gracias a sus canciones y tambi\u00e9n como un actor cultural capaz de pensar su lugar en el mundo, una caracter\u00edstica pr\u00e1cticamente negada en la versi\u00f3n de la serie.<\/p>\n<p>La confluencia de fechas entre los estrenos de \u00abCanci\u00f3n sobre canci\u00f3n\u00bb dentro del apartado \u00abM\u00fasica\u00bb del 24to. Bafici y de \u00abEl amor despu\u00e9s del amor\u00bb en la plataforma internacional resultan entonces una casualidad que complementa una posible aproximaci\u00f3n m\u00e1s integral y certera a Fito y sus mundos.<\/p>\n<p>Es que aunque el artista haya elegido -por cuestiones de formato, de relevancia o accesibilidad- mostrarse de una manera m\u00e1s rockera y estelar en la serie que lo cuenta entre sus productores, <strong>el P\u00e1ez curioso, creativo, reflexivo y pol\u00edtico<\/strong> que configuran Herrero y Gonz\u00e1lez en estas charlas por un disco y tambi\u00e9n por una vida compartida, sirven para dimensionarlo y, en alg\u00fan punto, para otorgarle mayor espesor al personaje.<\/p>\n<p>El \u00e1lbum registrado en 2018 tiene protag\u00f3nicas participaciones del guitarrista Pedro Rossi y el contrabajista Ariel Na\u00f3n, pero adem\u00e1s intervinieron Mart\u00edn Pantyrer (saxo y clarinete), Mariano Agustoni (piano y teclados), Mariano Cantero (percusi\u00f3n) y Federico Siksnys (bandone\u00f3n) para abordar \u00abGiros\u00bb, \u00abMariposa tecknicolor\u00bb, \u00abDel 63\u00bb, \u00abCarabelas nada\u00bb, \u00abDejarlas partir\u00bb, \u00abTatuaje falso\u00bb, \u00abTres agujas\u00bb, \u00ab\u00c1mbar violeta\u00bb, \u00abInstan-t\u00e1neas\u00bb, \u00abAbre\u00bb y \u00abDLG\u00bb.<\/p>\n<p>Y sentados en un sill\u00f3n de la casa en com\u00fan, <strong>Liliana y Horacio comparten la escucha de la placa<\/strong> (mientras la c\u00e1mara viaja entre peque\u00f1os clips realizados en el estudio y las miradas c\u00f3mplices y amorosas de los protagonistas del filme, todo ello retratado por la sensible fotograf\u00eda de Josefina Chevalier).<\/p>\n<p>All\u00ed la pareja recrea un ejercicio habitual: la charla en torno a cuestiones de la cultura argentina, en este caso con cada una de las piezas que integran \u00abCanci\u00f3n sobre canci\u00f3n\u00bb como disparador.<\/p>\n<figure class=\"mb-3\"><img loading=\"lazy\" data-src=\"http:\/\/nuevacordoba.net\/wp-content\/uploads\/2023\/04\/con-cancion-sobre-cancion-liliana-herrero-y-horacio-gonzalez-develan-otro-fito-paez-1.jpg\" src=\"https:\/\/www.telam.com.ar\/assets\/img\/not_image.png\" class=\" lazy \" width=\"100%\" height=\"100%\" alt=\"Con Horacio tenamos conversaciones en esta casa sobre los discos que yo estaba trabajando Pasaron muchas cosas en casi 40 aos que estuvimos juntos y en la pelcula aparecen cuenta Liliana Herrero Foto gentileza Josefina Chevalier\"><figcaption> \u00abCon Horacio ten\u00edamos conversaciones en esta casa sobre los discos que yo estaba trabajando&#8230; Pasaron muchas cosas en casi 40 a\u00f1os que estuvimos juntos y en la pel\u00edcula aparecen\u00bb, cuenta Liliana Herrero. (Foto gentileza Josefina Chevalier) <\/figcaption><\/figure>\n<p><strong>A casi cinco a\u00f1os de aquella experiencia <\/strong>y con las proyecciones del festival en curso, Herrero indica a T\u00e9lam: <strong>\u00abLa pel\u00edcula de alg\u00fan modo expresa el di\u00e1logo hist\u00f3rico que Horacio, Fito y yo<\/strong>, de a dos o entre los tres, hemos mantenido en a\u00f1os de conocernos.&nbsp;Pero en este caso, es la primera vez que algo que nosotros hac\u00edamos cotidianamente es filmado, pero ciertamente habl\u00e1bamos mucho sobre pel\u00edculas, libros, pol\u00edtica, cultura en general\u00bb.<\/p>\n<p>Acerca del lazo cotidiano con el soci\u00f3logo y ensayista fallecido en junio de 2021, agrega; \u00abTen\u00edamos conversaciones en esta casa sobre los discos que yo estaba trabajando o un art\u00edculo que \u00e9l estaba escribiendo para un diario. <strong>Pasaron muchas cosas en casi 40 a\u00f1os que estuvimos juntos<\/strong> y en la pel\u00edcula aparece parte de ese tipo de conversaci\u00f3n, esa vida ciertamente muy conversada\u00bb.<\/p>\n<p>Tras confesar que reencontrar este documento \u00abes muy conmovedor y emocionante\u00bb para ella porque \u00aba la vez aument\u00f3 un poco la extra\u00f1eza\u00bb que significa su vida sin \u00e9l, Liliana evoca: \u00abFue una charla con Horacio que tiene momentos de entusiasmo y de olvido de la c\u00e1mara y tiene momentos donde estamos los dos un poco nerviosos\u00bb.<\/p>\n<p>En esos intercambios ella pone en palabras el m\u00e9todo de trabajo que tiene para desarmar y componer los repertorios que asume que, en este caso, correspondi\u00f3 a un amigo en plena actividad con el riesgo que ello conllevaba.<\/p>\n<p><strong>\u00abSon canciones de Fito todas intervenidas con esos mecanismos que yo suelo usar<\/strong> para pensar la m\u00fasica de otros, que en este caso contiene su secreto en la palabra &#8216;sobre&#8217; que integra el t\u00edtulo del trabajo y que remite a una canci\u00f3n suya que no es parte del disco\u00bb, explica.<\/p>\n<p>Herrero considera que el concepto \u00absobre\u00bb \u00abgenera una situaci\u00f3n espiralada, una complicaci\u00f3n que puede irritar, pero lo que irrita siempre siempre obliga a pensar\u00bb.<\/p>\n<div class=\"video_repositive\"> <a class=\"video_sticky\" href=\"javascript:void();\" onclick=\"removeStuckVideo(true);\"><i class=\"far fa-window-close\"><\/i><\/a> <\/p>\n<div id=\"OZAAENkV8LM\" class=\"video_telam\" readability=\"6\">\n<div class=\"feature_article_inner\" readability=\"32\">\n<p><h2 class=\"text-center\">\u00abCanci\u00f3n sobre canci\u00f3n\u00bb (Trailer)<\/h2>\n<\/p><\/div>\n<p>VER VIDEO <i class=\"fas fa-play\"><\/i><\/p>\n<\/p><\/div><\/div>\n<p>En ese intercambio donde cari\u00f1o e ideas se reparten, Gonz\u00e1lez dice, por ejemplo, <strong>\u00abFito no fue enteramente comprendido en sus hallazgos: escribi\u00f3 novelas, hizo pel\u00edculas<\/strong>, hizo innumerables canciones desparejas, fue enumerativo, subi\u00f3 y baj\u00f3 repentinamente sin avisar lo que iba a hacer y quiz\u00e1s ahora estamos tratando de comprenderlo y tampoco llegamos al punto necesario para lograrlo\u00bb.<\/p>\n<p>\u00abFito -se explaya el intelectual en la filmaci\u00f3n- es un poeta, es un director de cine, es un novelista y en ninguna de esas cosas es enteramente reconocido como tal y al mismo tiempo es un desesperado, es un desenfadado, es un arist\u00f3crata y eso se lo festejo y tambi\u00e9n se lo condeno, es <strong>un gran aceptador de las d\u00e1divas del mundo\u00bb.<\/strong><\/p>\n<p>Para quien fuera director de la Biblioteca Nacional y comparti\u00f3 con P\u00e1ez el libro \u00abNapole\u00f3n y su tremendamente emperatriz\u00bb (1988) el artista \u00abes alguien que no revela todo aquello que enteramente lo aflige, lo transforma, lo vulnera, lo destruye, lo demuele y que enteramente lo enamora. Encubre aquello que lo emociona y que lo liquida y eso mismo lo convierte en un gran poeta porque <strong>uno no es un gran poeta si uno no puede encubrirse en aquello que lo castiga<\/strong>\u00ab.<\/p>\n<p>Casi en el cierre del filme y otra vez como hablando al presente por venir que tiene a P\u00e1ez como personaje de su propia vida en la serie que se estrenar\u00e1 ma\u00f1ana, Gonz\u00e1lez concluye: \u00ab<strong>Fito tiene que ser recobrado y reconstituido porque \u00e9l carga a Charly y Spinetta,<\/strong>&nbsp;tiene que ser indicado como alguien que no sabe qui\u00e9n es pese a que hizo mucho por saber qui\u00e9n es. Ojal\u00e1 consiga revelarse a s\u00ed mismo como quien es\u00bb.<\/p>\n<p>\u00abCanci\u00f3n sobre canci\u00f3n\u00bb con guion que su director urdi\u00f3 junto a Carlos Villalba, se estren\u00f3 el domingo en El Cultural San Mart\u00edn, el lunes se vio en Arthaus y sus otras proyecciones previstas son el mi\u00e9rcoles 26 a las 18.15 en el Museo del Cine y el domingo a las 20.30 en la sala 4 del Cine Multiplex Monumental Lavalle.<\/p>\n<div class=\"jumbotron pt-4 mt-3\" readability=\"60\">\n<h3 class=\"module-title\">Herrero, Parodi y Fal\u00fa reponen a Gonz\u00e1lez con un ciclo en el Tasso en torno a Mojones<\/h3>\n<p><span>As\u00ed como la imagen y las palabras de <strong>Horacio Gonz\u00e1lez<\/strong> se corporizan en pantalla grande de la mano de <strong>\u201cCanci\u00f3n sobre canci\u00f3n\u201d<\/strong>, que se ve en Bafici, su ideario tiene otra recuperaci\u00f3n gracias a la publicaci\u00f3n del disco-libro <strong>\u00abMojones-Signos y Memorias de la Patria\u00bb<\/strong> y de un ciclo que <strong>Teresa Parodi, Juan Fal\u00fa y Liliana Herrero<\/strong>, autores e int\u00e9rpretes del repertorio, dar\u00e1n en mayo en el Torquato Tasso porte\u00f1o.<\/span><\/p>\n<p><span><strong>\u201cFijate qu\u00e9 coincidencia extraordinaria que estemos presentando \u2018Mojones\u2026\u2019 que trabajamos en casa con Juan y Teresa y en el que Horacio intervino muchas veces y termin\u00f3 escribiendo el texto introductorio y los pr\u00f3logos a cada canci\u00f3n\u201d<\/strong>, comenta Herrero a T\u00e9lam.<\/span><\/p>\n<p><span>El proyecto, que tuvo su estreno en vivo agosto de 2021 en el Centro Cultural Kirchner con un aforo limitado por la pandemia, ahora toma forma en un disco-libro y ser\u00e1 asumido por sus tres mentores en los s\u00e1bados de mayo, desde las 20, en la sala sita en Defensa 1575.<\/span><\/p>\n<p><span>Aunque el material y su puesta en vivo incluy\u00f3 a m\u00e1s artistas (<strong>Pedro Rossi<\/strong> en guitarra, <strong>Facundo Guevara<\/strong> en percusi\u00f3n, <strong>Ariel Na\u00f3n<\/strong> en contrabajo y <strong>Lili\u00e1n Saba<\/strong> en piano), las cuatro funciones sabatinas del mes pr\u00f3ximo en el Tasso tendr\u00e1 un elenco acotado.<\/span><\/p>\n<p><span><strong>\u201cPor primera vez vamos a hacer el repertorio de \u2018Mojones\u2026\u2019 solamente con Teresa y Juan, pero yo siento que de nuevo estamos ante m\u00e1s que un tr\u00edo, sino ante un cuarteto donde uno no est\u00e1, sin duda\u201d<\/strong>, reflexionada, emocionada, la int\u00e9rprete entrerriana.<\/span><\/p>\n<p><span>\u00abMojones-Signos y Memorias de la Patria\u00bb re\u00fane las obras <strong>\u201cEl nombre sin fin\u201d<\/strong> (sobre los amores del pueblo), <strong>\u201cEl canto primero\u201d, \u201cBando\u201d, \u201cEn esa so, ledad\u201d, \u201cMart\u00edn\u201d, \u201cLa Plaza\u201d, \u201cPa\u00f1uelito sin adi\u00f3s\u201d, \u201cRemanso azul\u201d, \u201cLa bengala\u201d, \u201cLos sue\u00f1os que no perdimos\u201d <\/strong>y<strong> \u201cVidala del que no est\u00e1\u201d<\/strong>.<\/span><\/p>\n<\/p><\/div>\n","protected":false},"excerpt":{"rendered":"<p>La estudiosa de la m\u00fasica y el soci\u00f3logo y ensayista fallecido en junio de 2021. (Foto: Gentileza Josefina Chevalier) La exhibici\u00f3n en el marco del actual Bafici del documental \u00abCanci\u00f3n sobre canci\u00f3n\u00bb, de Fernando Arca, donde Liliana Herrero conversa con su compa\u00f1ero Horacio Gonz\u00e1lez acerca del disco hom\u00f3nimo que la int\u00e9rprete dedic\u00f3 a visitar repertorio [&hellip;]<\/p>\n","protected":false},"author":1,"featured_media":31601,"comment_status":"closed","ping_status":"closed","sticky":false,"template":"","format":"standard","meta":[],"categories":[9],"tags":[],"_links":{"self":[{"href":"http:\/\/nuevacordoba.net\/index.php\/wp-json\/wp\/v2\/posts\/31600"}],"collection":[{"href":"http:\/\/nuevacordoba.net\/index.php\/wp-json\/wp\/v2\/posts"}],"about":[{"href":"http:\/\/nuevacordoba.net\/index.php\/wp-json\/wp\/v2\/types\/post"}],"author":[{"embeddable":true,"href":"http:\/\/nuevacordoba.net\/index.php\/wp-json\/wp\/v2\/users\/1"}],"replies":[{"embeddable":true,"href":"http:\/\/nuevacordoba.net\/index.php\/wp-json\/wp\/v2\/comments?post=31600"}],"version-history":[{"count":0,"href":"http:\/\/nuevacordoba.net\/index.php\/wp-json\/wp\/v2\/posts\/31600\/revisions"}],"wp:featuredmedia":[{"embeddable":true,"href":"http:\/\/nuevacordoba.net\/index.php\/wp-json\/wp\/v2\/media\/31601"}],"wp:attachment":[{"href":"http:\/\/nuevacordoba.net\/index.php\/wp-json\/wp\/v2\/media?parent=31600"}],"wp:term":[{"taxonomy":"category","embeddable":true,"href":"http:\/\/nuevacordoba.net\/index.php\/wp-json\/wp\/v2\/categories?post=31600"},{"taxonomy":"post_tag","embeddable":true,"href":"http:\/\/nuevacordoba.net\/index.php\/wp-json\/wp\/v2\/tags?post=31600"}],"curies":[{"name":"wp","href":"https:\/\/api.w.org\/{rel}","templated":true}]}}