{"id":31616,"date":"2023-04-26T18:05:01","date_gmt":"2023-04-26T18:05:01","guid":{"rendered":"http:\/\/cordobanewsnet.wordpress.com\/2023\/04\/26\/tenia-17-anos-y-se-mato-al-chocar-una-moto-robada-contra-un-auto-en-cordoba\/"},"modified":"2023-04-26T18:05:01","modified_gmt":"2023-04-26T18:05:01","slug":"tenia-17-anos-y-se-mato-al-chocar-una-moto-robada-contra-un-auto-en-cordoba","status":"publish","type":"post","link":"http:\/\/nuevacordoba.net\/index.php\/2023\/04\/26\/tenia-17-anos-y-se-mato-al-chocar-una-moto-robada-contra-un-auto-en-cordoba\/","title":{"rendered":"Ten\u00eda 17 a\u00f1os y se mat\u00f3 al chocar una moto robada contra un auto en C\u00f3rdoba"},"content":{"rendered":"<p><!-- \/featured-media --> <\/p>\n<div class=\"post-content clear\" readability=\"36.459459459459\">\n<p>Un tr\u00e1gico accidente de tr\u00e1nsito tuvo lugar en la ciudad de C\u00f3rdoba, cuando un menor de 17 a\u00f1os, muri\u00f3 tras colisionar con un auto en la intersecci\u00f3n de las calles Cajamarca y Alto del Tala de barrio Ampliaci\u00f3n Cabildo. <\/p>\n<figure class=\"wp-block-image size-large\"><img data-attachment-id=\"7921\" data-permalink=\"https:\/\/cordobanewsnet.wordpress.com\/2023\/04\/26\/tenia-17-anos-y-se-mato-al-chocar-una-moto-robada-contra-un-auto-en-cordoba\/img_6308\/\" data-orig-file=\"http:\/\/nuevacordoba.net\/wp-content\/uploads\/2023\/04\/tenia-17-anos-y-se-mato-al-chocar-una-moto-robada-contra-un-auto-en-cordoba.jpg\" data-orig-size=\"968,645\" data-comments-opened=\"1\" data-image-meta=\"{&quot;aperture&quot;:&quot;0&quot;,&quot;credit&quot;:&quot;&quot;,&quot;camera&quot;:&quot;&quot;,&quot;caption&quot;:&quot;&quot;,&quot;created_timestamp&quot;:&quot;0&quot;,&quot;copyright&quot;:&quot;&quot;,&quot;focal_length&quot;:&quot;0&quot;,&quot;iso&quot;:&quot;0&quot;,&quot;shutter_speed&quot;:&quot;0&quot;,&quot;title&quot;:&quot;&quot;,&quot;orientation&quot;:&quot;1&quot;}\" data-image-title=\"img_6308\" data-image-description data-image-caption data-medium-file=\"http:\/\/nuevacordoba.net\/wp-content\/uploads\/2023\/04\/tenia-17-anos-y-se-mato-al-chocar-una-moto-robada-contra-un-auto-en-cordoba.jpg?w=300\" data-large-file=\"http:\/\/nuevacordoba.net\/wp-content\/uploads\/2023\/04\/tenia-17-anos-y-se-mato-al-chocar-una-moto-robada-contra-un-auto-en-cordoba.jpg?w=736\" src=\"http:\/\/nuevacordoba.net\/wp-content\/uploads\/2023\/04\/tenia-17-anos-y-se-mato-al-chocar-una-moto-robada-contra-un-auto-en-cordoba.jpg\" class=\"wp-image-7921\" srcset=\"http:\/\/nuevacordoba.net\/wp-content\/uploads\/2023\/04\/tenia-17-anos-y-se-mato-al-chocar-una-moto-robada-contra-un-auto-en-cordoba.jpg 968w, http:\/\/nuevacordoba.net\/wp-content\/uploads\/2023\/04\/tenia-17-anos-y-se-mato-al-chocar-una-moto-robada-contra-un-auto-en-cordoba.jpg?w=150 150w, http:\/\/nuevacordoba.net\/wp-content\/uploads\/2023\/04\/tenia-17-anos-y-se-mato-al-chocar-una-moto-robada-contra-un-auto-en-cordoba.jpg?w=300 300w, http:\/\/nuevacordoba.net\/wp-content\/uploads\/2023\/04\/tenia-17-anos-y-se-mato-al-chocar-una-moto-robada-contra-un-auto-en-cordoba.jpg?w=768 768w\" sizes=\"(max-width: 968px) 100vw, 968px\"><\/figure>\n<p>El joven circulaba en una motocicleta robada al momento del siniestro. <\/p>\n<div id=\"jp-post-flair\" class=\"sharedaddy sd-like-enabled sd-sharing-enabled\">\n<div class=\"sharedaddy sd-sharing-enabled\">\n<div class=\"robots-nocontent sd-block sd-social sd-social-icon-text sd-sharing\">\n<h3 class=\"sd-title\">Share this:<\/h3>\n<\/div>\n<\/div>\n<div class=\"sharedaddy sd-block sd-like jetpack-likes-widget-wrapper jetpack-likes-widget-unloaded\" id=\"like-post-wrapper-143108178-7922-644a36d738fe9\" data-src=\"\/\/widgets.wp.com\/likes\/index.html?ver=20230309#blog_id=143108178&amp;post_id=7922&amp;origin=cordobanewsnet.wordpress.com&amp;obj_id=143108178-7922-644a36d738fe9\" data-name=\"like-post-frame-143108178-7922-644a36d738fe9\" data-title=\"Me gusta o Compartir\">\n<h3 class=\"sd-title\">Me gusta esto:<\/h3>\n<p><span class=\"button\"><span>Me gusta<\/span><\/span> <span class=\"loading\">Cargando&#8230;<\/span><\/p>\n<p><span class=\"sd-text-color\"><\/span><\/div>\n<p><h3 class=\"jp-relatedposts-headline\"><em>Relacionado<\/em><\/h3>\n<\/p>\n<\/div><\/div>\n<p><!--\/.post-content--> <\/p>\n<footer class=\"post-meta-container clear\" readability=\"0.70526315789474\">\n<div class=\"entry-author author-avatar-show\" readability=\"14.031746031746\">\n<div class=\"author-avatar\"> <img loading=\"lazy\" alt src=\"http:\/\/nuevacordoba.net\/wp-content\/uploads\/2023\/04\/tenia-17-anos-y-se-mato-al-chocar-una-moto-robada-contra-un-auto-en-cordoba-1.jpg\" class=\"avatar avatar-90\" height=\"90\" width=\"90\"> <\/div>\n<p><!-- .author-avatar --> <\/p>\n<p><h2 class=\"author-title\">Publicado por <span class=\"author-name\">angelaponso<\/span><\/h2>\n<\/p>\n<p><!-- .author-heading --> <\/p>\n<p class=\"author-bio\"> <a class=\"author-link\" href=\"https:\/\/cordobanewsnet.wordpress.com\/author\/angelaponso\/\" rel=\"author\"> Ver todas las entradas de angelaponso <\/a> <\/p>\n<p><!-- .author-bio --> <\/div>\n<p><!-- .entry-auhtor --> <\/footer>\n<p> <!-- \/post-meta-container --> <!-- #respond --> <\/p>\n","protected":false},"excerpt":{"rendered":"<p>Un tr\u00e1gico accidente de tr\u00e1nsito tuvo lugar en la ciudad de C\u00f3rdoba, cuando un menor de 17 a\u00f1os, muri\u00f3 tras colisionar con un auto en la intersecci\u00f3n de las calles Cajamarca y Alto del Tala de barrio Ampliaci\u00f3n Cabildo. El joven circulaba en una motocicleta robada al momento del siniestro. Share this: Me gusta esto: [&hellip;]<\/p>\n","protected":false},"author":1,"featured_media":31617,"comment_status":"closed","ping_status":"closed","sticky":false,"template":"","format":"standard","meta":[],"categories":[14],"tags":[],"_links":{"self":[{"href":"http:\/\/nuevacordoba.net\/index.php\/wp-json\/wp\/v2\/posts\/31616"}],"collection":[{"href":"http:\/\/nuevacordoba.net\/index.php\/wp-json\/wp\/v2\/posts"}],"about":[{"href":"http:\/\/nuevacordoba.net\/index.php\/wp-json\/wp\/v2\/types\/post"}],"author":[{"embeddable":true,"href":"http:\/\/nuevacordoba.net\/index.php\/wp-json\/wp\/v2\/users\/1"}],"replies":[{"embeddable":true,"href":"http:\/\/nuevacordoba.net\/index.php\/wp-json\/wp\/v2\/comments?post=31616"}],"version-history":[{"count":0,"href":"http:\/\/nuevacordoba.net\/index.php\/wp-json\/wp\/v2\/posts\/31616\/revisions"}],"wp:featuredmedia":[{"embeddable":true,"href":"http:\/\/nuevacordoba.net\/index.php\/wp-json\/wp\/v2\/media\/31617"}],"wp:attachment":[{"href":"http:\/\/nuevacordoba.net\/index.php\/wp-json\/wp\/v2\/media?parent=31616"}],"wp:term":[{"taxonomy":"category","embeddable":true,"href":"http:\/\/nuevacordoba.net\/index.php\/wp-json\/wp\/v2\/categories?post=31616"},{"taxonomy":"post_tag","embeddable":true,"href":"http:\/\/nuevacordoba.net\/index.php\/wp-json\/wp\/v2\/tags?post=31616"}],"curies":[{"name":"wp","href":"https:\/\/api.w.org\/{rel}","templated":true}]}}