{"id":3166,"date":"2021-04-13T07:54:00","date_gmt":"2021-04-13T07:54:00","guid":{"rendered":"http:\/\/nuevacordoba.net\/index.php\/2021\/04\/13\/schiaretti-defendio-la-autonomia-acompanamos-cuando-las-cosas-son-buenas\/"},"modified":"2021-04-13T07:54:00","modified_gmt":"2021-04-13T07:54:00","slug":"schiaretti-defendio-la-autonomia-acompanamos-cuando-las-cosas-son-buenas","status":"publish","type":"post","link":"http:\/\/nuevacordoba.net\/index.php\/2021\/04\/13\/schiaretti-defendio-la-autonomia-acompanamos-cuando-las-cosas-son-buenas\/","title":{"rendered":"Schiaretti defendi\u00f3 la autonom\u00eda: Acompa\u00f1amos cuando las cosas son buenas"},"content":{"rendered":"<div><img src=\"http:\/\/nuevacordoba.net\/wp-content\/uploads\/2021\/04\/schiaretti-defendio-la-autonomia-acompanamos-cuando-las-cosas-son-buenas.jpg\" class=\"ff-og-image-inserted\"><\/div>\n<p>El gobernador de la provincia de C\u00f3rdoba, Juan Schiaretti, valor\u00f3 la \u201cimpronta cordobesa\u201d para avanzar con el plan de obras p\u00fablicas que se ejecuta en la Capital y en localidades del interior, a pesar de las dificultades que genera la pandemia por el Covid-19.<\/p>\n<p>Al inaugurar ayer el puente Sargento Cabral, en el sector este de la Capital, y previo a recibir en el Panal al ministro de Obras P\u00fablicas de la Naci\u00f3n, Gabriel Katopodis, el primer mandatario defendi\u00f3 el concepto de \u201cautonom\u00eda\u201d, una bandera pol\u00edtica y de gesti\u00f3n con la que marca distancia de la administraci\u00f3n de Alberto Fern\u00e1ndez en temas en los que no tiene coincidencias.<\/p>\n<p>Los dichos de Schiaretti se producen en momentos en que se da por ca\u00eddo un entendimiento electoral entre Hacemos por C\u00f3rdoba y el Frente de Todos para los comicios legislativos de este a\u00f1o.<\/p>\n<p>As\u00ed se pronunci\u00f3 el titular del Panal: \u201cEn C\u00f3rdoba, nuestros equipos municipal y provincial siempre trabajan juntos. Nunca peleando. Siempre intentando unir. Los cordobeses tenemos esa impronta. Esa impronta de saber que acompa\u00f1amos cuando las cosas son buenas para nuestra provincia, y podemos no acompa\u00f1ar y plantearlo cuando no son buenas, pero siempre defendiendo a C\u00f3rdoba y su progreso\u201d.<\/p>\n<div class=\"block-ad-node\">\n<div>\n<p> <span>Publicidad<\/span> <\/p>\n<\/div>\n<\/div>\n<p>Schiaretti comparti\u00f3 el acto con el intendente capitalino Mart\u00edn Llaryora. En su discurso, el mandatario destac\u00f3 que con el jefe del Palacio 6 de Julio forman \u201cun mismo equipo\u201d. \u201cTrabajamos juntos. Y lo hacemos para que mejore la vida de los cordobeses todos los d\u00edas un poco\u201d, resalt\u00f3.<\/p>\n<p>De la apertura del nuevo puente, que demand\u00f3 una inversi\u00f3n total en lo que se denomina el \u201ccorredor Costanera\u201d de $ 2.480 millones y est\u00e1 emplazado donde antes exist\u00eda el tradicional vado de Sargento Cabral, tambi\u00e9n participaron el vicegobernador, Manuel Calvo, y la diputada nacional Alejandra Vigo. La esposa del gobernador podr\u00eda encabezar la boleta del Senado por el PJ cordob\u00e9s.<\/p>\n<p class=\"SubTitulo\">Con Katopodis y Caserio<\/p>\n<p>Una hora despu\u00e9s de cortar la cinta del flamante puente, Schiaretti recibi\u00f3 en su despacho del Centro C\u00edvico al ministro Katopodis. Del encuentro participaron tambi\u00e9n el senador Carlos Caserio, la diputada kirchnerista Gabriela Est\u00e9vez y el secretario de Obras P\u00fablicas de Naci\u00f3n, el villamariense Mart\u00edn Gill.<\/p>\n<p>Para Caserio, distanciado pol\u00edticamente del Gobierno provincial desde 2019, cuando decidi\u00f3 apoyar con firmeza el proyecto presidencialista de Alberto Fern\u00e1ndez, represent\u00f3 la vuelta al Panal y el reencuentro con Schiaretti, a quien viene cuestionando p\u00fablicamente por no alinearse y respaldar la gesti\u00f3n nacional.<\/p>\n<div class=\"block-ad-node\">\n<div>\n<p> <span>Publicidad<\/span> <\/p>\n<\/div>\n<\/div>\n<p>\u201cEl trato se dio en un marco institucional y fue muy cordial\u201d, comentaron fuentes del Centro C\u00edvico sobre el encuentro. De pol\u00edtica electoral no se habl\u00f3.<\/p>\n<p>En la reuni\u00f3n se firmaron acuerdos para obras de agua potable y saneamiento cloacal en localidades del interior. En di\u00e1logo con<strong> La Voz<\/strong>, el ministro de Servicios P\u00fablicos provincial, Fabi\u00e1n L\u00f3pez, coment\u00f3 que los convenios son por un monto total de 2.700 millones de pesos. Las obras las ejecutar\u00e1 la Provincia y el financiamiento llegar\u00e1 del Enohsa nacional.<\/p>\n<p>Se trata de 37 obras de agua potable y de cloacas en distintas localidades del interior. 12 de esos trabajos son para saneamiento cloacal, mientras que otras est\u00e1n vinculadas a construcci\u00f3n de redes de colectoras cloacales en 20 localidades.<\/p>\n<div class=\"block-ad-node\">\n<div>\n<p> <span>Publicidad<\/span> <\/p>\n<\/div>\n<\/div>\n<p>Adem\u00e1s, los gobiernos provincial y nacional firmaron un acta para la construcci\u00f3n de dos edificios modulares hospitalarios en la ciudad de C\u00f3rdoba, que estar\u00e1n destinados a prevenci\u00f3n y control de adicciones.<\/p>\n<p>Katopodis, Caserio, Est\u00e9vez y Gill tambi\u00e9n visitaron, junto con autoridades provinciales, el avance de la obra de ampliaci\u00f3n y refuncionalizaci\u00f3n de la planta de tratamiento cloacal de Bajo Grande. Seg\u00fan constataron, el avance de los trabajos llega al 86 por ciento y se espera una habilitaci\u00f3n parcial de la planta para agosto.<\/p>\n<p>Los albertistas visitaron los trabajos de bacheo que se realizan en la Capital y que forman parte del plan nacional Argentina Hace. El recorrido de Katopodis por C\u00f3rdoba tuvo paradas en las instalaciones modulares para pacientes Covid de los hospitales de Santa Mar\u00eda de Punilla y de Santa Rosa de Calamuchita.<\/p><figcaption class=\"title is-margin-t is-font-small is-font-sans-serif\">Acuerdo. Katopodis y Llaryora acordaron la construcci\u00f3n de centros de salud. (Prensa Municipalidad)<\/figcaption><p class=\"SubTitulo\">Sigue la buena sinton\u00eda entre Llaryora y Naci\u00f3n<\/p>\n<p>La administraci\u00f3n capitalina que comanda el intendente Mart\u00edn Llaryora rubric\u00f3 ayer nuevos convenios con la Naci\u00f3n. En el Palacio 6 de Julio, el jefe municipal y el ministro de Obras P\u00fablicas, Gabriel Katopodis, firmaron acuerdos para la construcci\u00f3n de cuatro centros de emergencia que ser\u00e1n construidos en Arg\u00fcello Norte, Talleres, Guarnici\u00f3n A\u00e9rea y Quebrada de las Rosas.<\/p>\n<p>Estos centros de salud de mediana complejidad contar\u00e1n con atenci\u00f3n ambulatoria, complementada con un \u00e1rea de internaci\u00f3n de tipo intermedia, que permite realizar atenci\u00f3n general, de emergencias, guardia, diagn\u00f3stico por RX, an\u00e1lisis de laboratorio, dispensa de f\u00e1rmacos y vacunaci\u00f3n, se inform\u00f3.<\/p>\n<p>La construcci\u00f3n de estos establecimientos sanitarios hab\u00eda sido uno de los compromisos asumidos por Llaryora el pasado 1\u00b0 de marzo.<\/p>\n<p>\u201cEstos centros de emergencia y urgencia son casi cuatro m\u00f3dulos hospitalarios, que depender\u00e1n del hospital de Urgencias, posibilitando as\u00ed atender las necesidades de m\u00e1s vecinos de nuestra ciudad\u201d, coment\u00f3 el intendente, que agradeci\u00f3 por el apoyo del Gobierno nacional.<\/p>\n<p>En tanto, Katopodis destac\u00f3 que la inversi\u00f3n en C\u00f3rdoba creci\u00f3 35 por ciento en esta gesti\u00f3n, frente a la administraci\u00f3n de Mauricio Macri.<\/p>\n<div class=\"ctaNewsNotaContainer\" readability=\"6.5\">\n<div class=\"newsletterTextContainer\" readability=\"33\">\n<p> S\u00cdNTESIS POL\u00cdTICA<\/p>\n<p> Informaci\u00f3n exclusiva y el mejor an\u00e1lisis, los lunes en tu correo.<\/p>\n<form method=\"post\" action-xhr=\"https:\/\/www.lavoz.com.ar\/newsletters\/sintesis-politica\/signup\" id=\"newsletter-signup\" class=\"newsletterForm\" target=\"_blank\" custom-validation-reporting=\"as-you-go\" on=\"submit:AMP.setState({formLoading:true});submit-success:AMP.setState({formSuccess:true})\">\n<div submit-success class=\"is-paddingless-l\" readability=\"6\"> <template type=\"amp-mustache\" readability=\"2\"><\/p>\n<p> <strong>\u00a1Gracias por suscribirte!<\/strong><\/p>\n<p> <\/template><\/div>\n<div submit-error class=\"is-paddingless-l\" readability=\"6.5\"> <template type=\"amp-mustache\" readability=\"3\"><\/p>\n<p> <strong>Ha ocurrido un error, por favor intente nuevamente m\u00e1s tarde.<\/strong><\/p>\n<p> <\/template><\/div>\n<\/form>\n<\/div>\n<\/div>\n<div class=\"column is-inline-block\" readability=\"5.1111111111111\">\n<div class=\"notification is-padding-lr\" readability=\"5.962962962963\"> <a class=\"no-decoration is-font-bold\" href=\"https:\/\/www.lavoz.com.ar\/edicion-impresa\">Edici\u00f3n Impresa<\/a><\/p>\n<p class=\"is-font-sans-serif\">El texto original de este art\u00edculo fue publicado el 13\/04\/2021 en nuestra edici\u00f3n impresa.<\/p>\n<\/div>\n<\/div>\n<div>\n<p> <span>Publicidad<\/span> <\/p>\n<\/div>\n","protected":false},"excerpt":{"rendered":"<p>El gobernador de la provincia de C\u00f3rdoba, Juan Schiaretti, valor\u00f3 la \u201cimpronta cordobesa\u201d para avanzar con el plan de obras p\u00fablicas que se ejecuta en la Capital y en localidades del interior, a pesar de las dificultades que genera la pandemia por el Covid-19. Al inaugurar ayer el puente Sargento Cabral, en el sector este [&hellip;]<\/p>\n","protected":false},"author":1,"featured_media":3167,"comment_status":"closed","ping_status":"closed","sticky":false,"template":"","format":"standard","meta":[],"categories":[12],"tags":[],"_links":{"self":[{"href":"http:\/\/nuevacordoba.net\/index.php\/wp-json\/wp\/v2\/posts\/3166"}],"collection":[{"href":"http:\/\/nuevacordoba.net\/index.php\/wp-json\/wp\/v2\/posts"}],"about":[{"href":"http:\/\/nuevacordoba.net\/index.php\/wp-json\/wp\/v2\/types\/post"}],"author":[{"embeddable":true,"href":"http:\/\/nuevacordoba.net\/index.php\/wp-json\/wp\/v2\/users\/1"}],"replies":[{"embeddable":true,"href":"http:\/\/nuevacordoba.net\/index.php\/wp-json\/wp\/v2\/comments?post=3166"}],"version-history":[{"count":0,"href":"http:\/\/nuevacordoba.net\/index.php\/wp-json\/wp\/v2\/posts\/3166\/revisions"}],"wp:featuredmedia":[{"embeddable":true,"href":"http:\/\/nuevacordoba.net\/index.php\/wp-json\/wp\/v2\/media\/3167"}],"wp:attachment":[{"href":"http:\/\/nuevacordoba.net\/index.php\/wp-json\/wp\/v2\/media?parent=3166"}],"wp:term":[{"taxonomy":"category","embeddable":true,"href":"http:\/\/nuevacordoba.net\/index.php\/wp-json\/wp\/v2\/categories?post=3166"},{"taxonomy":"post_tag","embeddable":true,"href":"http:\/\/nuevacordoba.net\/index.php\/wp-json\/wp\/v2\/tags?post=3166"}],"curies":[{"name":"wp","href":"https:\/\/api.w.org\/{rel}","templated":true}]}}