{"id":31673,"date":"2023-04-28T15:15:10","date_gmt":"2023-04-28T15:15:10","guid":{"rendered":"https:\/\/www.bbc.com\/mundo\/noticias-america-latina-65395478"},"modified":"2023-04-28T15:15:10","modified_gmt":"2023-04-28T15:15:10","slug":"3-grietas-de-la-alabada-economia-de-paraguay-y-que-puede-hacer-el-pais-para-evitar-que-sigan-creciendo","status":"publish","type":"post","link":"http:\/\/nuevacordoba.net\/index.php\/2023\/04\/28\/3-grietas-de-la-alabada-economia-de-paraguay-y-que-puede-hacer-el-pais-para-evitar-que-sigan-creciendo\/","title":{"rendered":"3 grietas de la alabada econom\u00eda de Paraguay (y qu\u00e9 puede hacer el pa\u00eds para evitar que sigan creciendo)"},"content":{"rendered":"<div dir=\"ltr\" class=\"e1j2237y6 bbc-q4ibpr ebmt73l0\">\n<div class=\"bbc-1atl7vu euvj3t14\">\n<ul role=\"list\" class=\"bbc-k0l9bd euvj3t12\">\n<li role=\"listitem\" class=\"bbc-1a3w4ok euvj3t11\">Cecilia Barr\u00eda<\/li>\n<li role=\"listitem\" class=\"bbc-1p92jtu euvj3t10\">BBC News Mundo<\/li>\n<\/ul>\n<\/div>\n<\/div>\n<p><time datetime=\"2023-04-28\" class=\"bbc-1dafq0j e1mklfmt0\">2 horas<\/time><\/p>\n<div dir=\"ltr\" class=\"bbc-1ka88fa ebmt73l0\">\n<figure class=\"bbc-1qdcvv9 e1aczekt0\">\n<div dir=\"ltr\" class=\"bbc-172p16q ebmt73l0\">\n<div dir=\"ltr\" class=\"bbc-189y18v ebmt73l0\" readability=\"6.5\">\n<div data-e2e=\"image-placeholder\" class=\"bbc-997y1y eihqrxw0\" readability=\"8\"><img loading=\"lazy\" sizes=\"(min-width: 1008px) 645px, 100vw\" srcset=\"http:\/\/nuevacordoba.net\/wp-content\/uploads\/2023\/04\/3-grietas-de-la-alabada-economia-de-paraguay-y-que-puede-hacer-el-pais-para-evitar-que-sigan-creciendo-6.jpg 240w, http:\/\/nuevacordoba.net\/wp-content\/uploads\/2023\/04\/3-grietas-de-la-alabada-economia-de-paraguay-y-que-puede-hacer-el-pais-para-evitar-que-sigan-creciendo-7.jpg 320w, http:\/\/nuevacordoba.net\/wp-content\/uploads\/2023\/04\/3-grietas-de-la-alabada-economia-de-paraguay-y-que-puede-hacer-el-pais-para-evitar-que-sigan-creciendo-8.jpg 480w, http:\/\/nuevacordoba.net\/wp-content\/uploads\/2023\/04\/3-grietas-de-la-alabada-economia-de-paraguay-y-que-puede-hacer-el-pais-para-evitar-que-sigan-creciendo-9.jpg 624w, http:\/\/nuevacordoba.net\/wp-content\/uploads\/2023\/04\/3-grietas-de-la-alabada-economia-de-paraguay-y-que-puede-hacer-el-pais-para-evitar-que-sigan-creciendo-10.jpg 800w\" src=\"http:\/\/nuevacordoba.net\/wp-content\/uploads\/2023\/04\/3-grietas-de-la-alabada-economia-de-paraguay-y-que-puede-hacer-el-pais-para-evitar-que-sigan-creciendo.jpg\" alt=\"Manifestante con una bandera de Paraguay en una protesta. Foto de archivo.\" width=\"976\" height=\"549\" class=\"e3vrtyk0 bbc-rb7xa0 e1mo64ex0\"><\/p>\n<p role=\"text\" class=\"bbc-1s1cxbv ewbcsnk0\"><span class=\"bbc-m04vo2\">Fuente de la imagen, <\/span><span lang=\"en-GB\">Getty Images<\/span><\/p>\n<\/div>\n<\/div>\n<div dir=\"ltr\" class=\"bbc-3edg7g ebmt73l0\" readability=\"6\"><figcaption dir=\"ltr\" class=\"bbc-rhuvwm e6i104o0\" readability=\"2\"><span class=\"bbc-m04vo2\">Pie de foto, <\/span><\/p>\n<p>Los paraguayos concurren a las urnas este domingo.<\/p>\n<\/figcaption><\/div>\n<\/div>\n<\/figure>\n<\/div>\n<div dir=\"ltr\" class=\"bbc-19j92fr ebmt73l0\" readability=\"9\">\n<p dir=\"ltr\" class=\"bbc-hhl7in e17g058b0\"><b>La econom\u00eda de Paraguay ha sido elogiada en el pasado por los organismos internacionales por el crecimiento, la reducci\u00f3n de la pobreza y el orden en las finanzas fiscales.<\/b><\/p>\n<\/div>\n<div dir=\"ltr\" class=\"bbc-19j92fr ebmt73l0\" readability=\"9\">\n<p dir=\"ltr\" class=\"bbc-hhl7in e17g058b0\">Sin embargo, presenta una serie de grietas que suponen un reto para un pa\u00eds que este domingo acude a las urnas para elegir al pr\u00f3ximo presidente.<\/p>\n<\/div>\n<div dir=\"ltr\" class=\"bbc-19j92fr ebmt73l0\" readability=\"11\">\n<p dir=\"ltr\" class=\"bbc-hhl7in e17g058b0\">El candidato oficialista del conservador Partido Colorado, <b>Santiago Pe\u00f1a<\/b>, se enfrenta al opositor <b>Efra\u00edn Alegre<\/b> para llevar las riendas de la naci\u00f3n sudamericana durante los pr\u00f3ximos cinco a\u00f1os en unos comicios cuyos resultados se espera sean re\u00f1idos.<\/p>\n<\/div>\n<div dir=\"ltr\" class=\"bbc-19j92fr ebmt73l0\" readability=\"11\">\n<p dir=\"ltr\" class=\"bbc-hhl7in e17g058b0\">El ganador tendr\u00e1 que enfrentar varios desaf\u00edos econ\u00f3micos y sociales como la evasi\u00f3n de impuestos, la informalidad laboral, el duro impacto de la sequ\u00eda y la pobreza que afecta especialmente a los campesinos e ind\u00edgenas.<\/p>\n<\/div>\n<div dir=\"ltr\" class=\"bbc-19j92fr ebmt73l0\" readability=\"15\">\n<p dir=\"ltr\" class=\"bbc-hhl7in e17g058b0\">En cuanto a las finanzas p\u00fablicas, el nuevo presidente tendr\u00e1 que hacerse cargo de un alto <b>d\u00e9ficit fiscal <\/b>para un pa\u00eds como Paraguay (de un 3% del Producto Interno Bruto, PIB) que merma las posibilidades de inversi\u00f3n p\u00fablica en salud, educaci\u00f3n, vivienda, y en el acceso a servicios tan b\u00e1sicos como el alcantarillado. <\/p>\n<\/div>\n<div dir=\"ltr\" class=\"bbc-19j92fr ebmt73l0\" readability=\"13\">\n<p dir=\"ltr\" class=\"bbc-hhl7in e17g058b0\">Con la agricultura y la ganader\u00eda como base de su crecimiento econ\u00f3mico, Paraguay es actualmente el tercer exportador mundial de soja y el octavo de carne de vacuno, dos sectores que, por a\u00f1os, han definido el rumbo econ\u00f3mico de la naci\u00f3n.<\/p>\n<\/div>\n<div dir=\"ltr\" class=\"bbc-19j92fr ebmt73l0\" readability=\"10\">\n<p dir=\"ltr\" class=\"bbc-hhl7in e17g058b0\">Siendo un pa\u00eds con una de las cargas tributarias m\u00e1s bajas de la regi\u00f3n, las grandes empresas que producen y exportan estos productos suelen estar <b>en el centro de acalorados debates <\/b>sobre los beneficios econ\u00f3micos que le aportan a las arcas fiscales.<\/p>\n<\/div>\n<div dir=\"ltr\" class=\"bbc-19j92fr ebmt73l0\" readability=\"12\">\n<p dir=\"ltr\" class=\"bbc-hhl7in e17g058b0\">Frente a los desaf\u00edos, Alegre, el candidato que lidera la alianza de centro-izquierda Concertaci\u00f3n Nacional, ha dicho que favorecer\u00e1 la austeridad fiscal para recortar el gasto del sector p\u00fablico en lugar de aumentar los impuestos a los agricultores del pa\u00eds.<\/p>\n<\/div>\n<div dir=\"ltr\" class=\"bbc-19j92fr ebmt73l0\" readability=\"11\">\n<p dir=\"ltr\" class=\"bbc-hhl7in e17g058b0\">Pe\u00f1a, la principal carta del partido gobernante, se comprometi\u00f3 durante la campa\u00f1a a terminar con la evasi\u00f3n de impuestos e impulsar pol\u00edticas para que m\u00e1s personas trabajen en la econom\u00eda formal. Tampoco tiene en sus planes una subida de impuestos.<\/p>\n<\/div>\n<div dir=\"ltr\" class=\"bbc-19j92fr ebmt73l0\" readability=\"11\">\n<p dir=\"ltr\" class=\"bbc-hhl7in e17g058b0\">Con motivo de las elecciones, BBC Mundo muestra en gr\u00e1ficos algunas de las grietas que dejan al descubierto las precariedades del sistema econ\u00f3mico y social paraguayo, as\u00ed como a los avances que el pa\u00eds ha logrado en los \u00faltimos a\u00f1os.<\/p>\n<\/div>\n<p><h2 id=\"1-La-econom\u00eda-depende-del-campo\" tabindex=\"-1\" class=\"bbc-1f03ibc eglt09e0\">1. La econom\u00eda depende del campo<\/h2>\n<\/p>\n<div dir=\"ltr\" class=\"bbc-19j92fr ebmt73l0\" readability=\"12\">\n<p dir=\"ltr\" class=\"bbc-hhl7in e17g058b0\">Los cimientos productivos del pa\u00eds sudamericano, que comparte frontera con Brasil, Argentina y Bolivia, est\u00e1n basados en la riqueza de la tierra, ya que apenas hay industria en el pa\u00eds.<\/p>\n<\/div>\n<div dir=\"ltr\" class=\"bbc-19j92fr ebmt73l0\" readability=\"13\">\n<p dir=\"ltr\" class=\"bbc-hhl7in e17g058b0\">El problema es que los golpes que le han dado las fuertes inundaciones y las peores sequ\u00edas de las \u00faltimas d\u00e9cadas a la producci\u00f3n agropecuaria, especialmente a la soja, <b>hacen que el crecimiento econ\u00f3mico suba y baje, de un a\u00f1o a otro, como si fuera una monta\u00f1a rusa.<\/b><\/p>\n<\/div>\n<div dir=\"ltr\" class=\"bbc-1ka88fa ebmt73l0\">\n<figure class=\"bbc-1qdcvv9 e1aczekt0\">\n<div dir=\"ltr\" class=\"bbc-172p16q ebmt73l0\">\n<div dir=\"ltr\" class=\"bbc-189y18v ebmt73l0\" readability=\"6.5\">\n<div data-e2e=\"image-placeholder\" class=\"bbc-997y1y eihqrxw0\" readability=\"8\"><noscript><img loading=\"lazy\" sizes=\"(min-width: 1008px) 645px, 100vw\" srcset=\"http:\/\/nuevacordoba.net\/wp-content\/uploads\/2023\/04\/3-grietas-de-la-alabada-economia-de-paraguay-y-que-puede-hacer-el-pais-para-evitar-que-sigan-creciendo-11.jpg 240w, http:\/\/nuevacordoba.net\/wp-content\/uploads\/2023\/04\/3-grietas-de-la-alabada-economia-de-paraguay-y-que-puede-hacer-el-pais-para-evitar-que-sigan-creciendo-12.jpg 320w, http:\/\/nuevacordoba.net\/wp-content\/uploads\/2023\/04\/3-grietas-de-la-alabada-economia-de-paraguay-y-que-puede-hacer-el-pais-para-evitar-que-sigan-creciendo-13.jpg 480w, http:\/\/nuevacordoba.net\/wp-content\/uploads\/2023\/04\/3-grietas-de-la-alabada-economia-de-paraguay-y-que-puede-hacer-el-pais-para-evitar-que-sigan-creciendo-14.jpg 624w, http:\/\/nuevacordoba.net\/wp-content\/uploads\/2023\/04\/3-grietas-de-la-alabada-economia-de-paraguay-y-que-puede-hacer-el-pais-para-evitar-que-sigan-creciendo-15.jpg 800w\" src=\"http:\/\/nuevacordoba.net\/wp-content\/uploads\/2023\/04\/3-grietas-de-la-alabada-economia-de-paraguay-y-que-puede-hacer-el-pais-para-evitar-que-sigan-creciendo-1.jpg\" alt=\"Trabajador rural sobre un tractor en campos de agricultura en Paraguay.\" width=\"976\" height=\"549\" class=\"e3vrtyk0 bbc-rb7xa0 e1mo64ex0\"><\/noscript><\/p>\n<p role=\"text\" class=\"bbc-1s1cxbv ewbcsnk0\"><span class=\"bbc-m04vo2\">Fuente de la imagen, <\/span><span lang=\"en-GB\">Getty Images<\/span><\/p>\n<\/div>\n<\/div>\n<div dir=\"ltr\" class=\"bbc-3edg7g ebmt73l0\" readability=\"6\"><figcaption dir=\"ltr\" class=\"bbc-rhuvwm e6i104o0\" readability=\"2\"><span class=\"bbc-m04vo2\">Pie de foto, <\/span><\/p>\n<p>Paraguay es el tercer exportador mundial de soja.<\/p>\n<\/figcaption><\/div>\n<\/div>\n<\/figure>\n<\/div>\n<div dir=\"ltr\" class=\"bbc-19j92fr ebmt73l0\" readability=\"11\">\n<p dir=\"ltr\" class=\"bbc-hhl7in e17g058b0\">La abrupta ca\u00edda del PIB en 2012, 2019 o 2020, por ejemplo, estuvo influida por la falta de lluvias o la combinaci\u00f3n de inundaciones y sequ\u00eda.<\/p>\n<\/div>\n<div dir=\"ltr\" class=\"bbc-19j92fr ebmt73l0\" readability=\"10\">\n<p dir=\"ltr\" class=\"bbc-hhl7in e17g058b0\">As\u00ed tambi\u00e9n ocurri\u00f3 en 2021, cuando la cosecha de granos cay\u00f3 66%, solo que no se not\u00f3 tanto en el PIB porque el pa\u00eds ven\u00eda recuper\u00e1ndose de la pandemia.<\/p>\n<\/div>\n<div dir=\"ltr\" class=\"bbc-19j92fr ebmt73l0\" readability=\"7\">\n<p dir=\"ltr\" class=\"bbc-hhl7in e17g058b0\">Y la historia volvi\u00f3 a repetirse el a\u00f1o pasado con una nueva sequ\u00eda.<\/p>\n<\/div>\n<div dir=\"ltr\" class=\"bbc-19j92fr ebmt73l0\" readability=\"9\">\n<p dir=\"ltr\" class=\"bbc-hhl7in e17g058b0\">As\u00ed, el factor clim\u00e1tico afecta las cosechas y se convierte en un problema estructural de la econom\u00eda paraguaya. <\/p>\n<\/div>\n<div dir=\"ltr\" class=\"bbc-19j92fr ebmt73l0\" readability=\"10\">\n<p dir=\"ltr\" class=\"bbc-hhl7in e17g058b0\">A futuro, las estimaciones apuntan a que <b>los fen\u00f3menos clim\u00e1ticos tendr\u00e1n una mayor incidencia en la matriz productiva<\/b>, dejando al pa\u00eds sujeto a una alta volatilidad econ\u00f3mica.<\/p>\n<\/div>\n<div dir=\"ltr\" class=\"bbc-19j92fr ebmt73l0\" readability=\"11\">\n<p dir=\"ltr\" class=\"bbc-hhl7in e17g058b0\">Entre los principales productos de exportaci\u00f3n de Paraguay est\u00e1n la soja y la carne de vacuno (como lo muestra el siguiente gr\u00e1fico) y, aunque se han hecho esfuerzos por diversificar las fuentes de ingresos, <b>la generaci\u00f3n de productos con valor agregado contin\u00faa siendo baja.<\/b><\/p>\n<\/div>\n<div dir=\"ltr\" class=\"bbc-19j92fr ebmt73l0\">\n<div id=\"include-1\" tabindex=\"-1\" class=\"bbc-1npwuzj ebapeti0\">\n<div class=\"flourish-container\" id=\"flourish-container-vjeastasia-800-flourish_on_slack-VJAMERICAS-1177\" readability=\"6\">\n<div class=\"flourish-fallback\" id=\"flourish-fallback-vjeastasia-800-flourish_on_slack-VJAMERICAS-1177\" readability=\"7\">\n<p>Este contenido parece no funcionar en este dispositivo<\/p>\n<\/p><\/div><\/div><\/div>\n<\/div>\n<div dir=\"ltr\" class=\"bbc-19j92fr ebmt73l0\" readability=\"10\">\n<p dir=\"ltr\" class=\"bbc-hhl7in e17g058b0\">\u00abVivimos en un primitivismo productivo\u00bb, le dice a BBC Mundo V\u00edctor Ra\u00fal Ben\u00edtez, investigador del centro de estudios Fundaci\u00f3n Getulio Vargas. <\/p>\n<\/div>\n<div dir=\"ltr\" class=\"bbc-1ka88fa ebmt73l0\">\n<figure class=\"bbc-1qdcvv9 e1aczekt0\">\n<div dir=\"ltr\" class=\"bbc-172p16q ebmt73l0\">\n<div dir=\"ltr\" class=\"bbc-189y18v ebmt73l0\" readability=\"6.5\">\n<div data-e2e=\"image-placeholder\" class=\"bbc-997y1y eihqrxw0\" readability=\"8\"><noscript><img loading=\"lazy\" sizes=\"(min-width: 1008px) 645px, 100vw\" srcset=\"http:\/\/nuevacordoba.net\/wp-content\/uploads\/2023\/04\/3-grietas-de-la-alabada-economia-de-paraguay-y-que-puede-hacer-el-pais-para-evitar-que-sigan-creciendo-16.jpg 240w, http:\/\/nuevacordoba.net\/wp-content\/uploads\/2023\/04\/3-grietas-de-la-alabada-economia-de-paraguay-y-que-puede-hacer-el-pais-para-evitar-que-sigan-creciendo-17.jpg 320w, http:\/\/nuevacordoba.net\/wp-content\/uploads\/2023\/04\/3-grietas-de-la-alabada-economia-de-paraguay-y-que-puede-hacer-el-pais-para-evitar-que-sigan-creciendo-18.jpg 480w, http:\/\/nuevacordoba.net\/wp-content\/uploads\/2023\/04\/3-grietas-de-la-alabada-economia-de-paraguay-y-que-puede-hacer-el-pais-para-evitar-que-sigan-creciendo-19.jpg 624w, http:\/\/nuevacordoba.net\/wp-content\/uploads\/2023\/04\/3-grietas-de-la-alabada-economia-de-paraguay-y-que-puede-hacer-el-pais-para-evitar-que-sigan-creciendo-20.jpg 800w\" src=\"http:\/\/nuevacordoba.net\/wp-content\/uploads\/2023\/04\/3-grietas-de-la-alabada-economia-de-paraguay-y-que-puede-hacer-el-pais-para-evitar-que-sigan-creciendo-2.jpg\" alt=\"Vacas en un camino en Paraguay.\" width=\"976\" height=\"549\" class=\"e3vrtyk0 bbc-rb7xa0 e1mo64ex0\"><\/noscript><\/p>\n<p role=\"text\" class=\"bbc-1s1cxbv ewbcsnk0\"><span class=\"bbc-m04vo2\">Fuente de la imagen, <\/span><span lang=\"en-GB\">Reuters<\/span><\/p>\n<\/div>\n<\/div>\n<div dir=\"ltr\" class=\"bbc-3edg7g ebmt73l0\" readability=\"7\"><figcaption dir=\"ltr\" class=\"bbc-rhuvwm e6i104o0\" readability=\"4\"><span class=\"bbc-m04vo2\">Pie de foto, <\/span><\/p>\n<p>La ganader\u00eda es, junto a la agricultura, uno de los principales motores de la econom\u00eda paraguaya.<\/p>\n<\/figcaption><\/div>\n<\/div>\n<\/figure>\n<\/div>\n<div dir=\"ltr\" class=\"bbc-19j92fr ebmt73l0\" readability=\"11\">\n<p dir=\"ltr\" class=\"bbc-hhl7in e17g058b0\">Por otro lado, el pa\u00eds solo tiene un promedio de <b>nueve a\u00f1os de escolaridad<\/b>, una gran barrera para que el pa\u00eds avance hacia una \u00abeconom\u00eda del conocimiento\u00bb, apunta Ben\u00edtez.<\/p>\n<\/div>\n<div dir=\"ltr\" class=\"bbc-19j92fr ebmt73l0\" readability=\"11\">\n<p dir=\"ltr\" class=\"bbc-hhl7in e17g058b0\">Seg\u00fan el presidente <b>Mario Abdo<\/b>, el pa\u00eds est\u00e1 avanzando en su proceso de industrializaci\u00f3n con un aumento \u00absin precedentes\u00bb en la exportaci\u00f3n de bienes manufacturados, al tiempo que la inversi\u00f3n privada \u00abse duplic\u00f3 en los \u00faltimos cuatro a\u00f1os\u00bb.<\/p>\n<\/div>\n<div dir=\"ltr\" class=\"bbc-19j92fr ebmt73l0\" readability=\"11\">\n<p dir=\"ltr\" class=\"bbc-hhl7in e17g058b0\">Enfocado en atraer m\u00e1s inversiones al pa\u00eds, el mandatario ha abierto las puertas de Paraguay para incentivar una mayor flujo de capitales, una pol\u00edtica reconocida por sus partidarios y criticada por sus detractores por la falta de regulaciones.<\/p>\n<\/div>\n<p><h2 id=\"2-El-64-de-los-paraguayos-trabaja-en-la-informalidad\" tabindex=\"-1\" class=\"bbc-1f03ibc eglt09e0\">2. El 64% de los paraguayos trabaja en la informalidad<\/h2>\n<\/p>\n<div dir=\"ltr\" class=\"bbc-19j92fr ebmt73l0\" readability=\"7\">\n<p dir=\"ltr\" class=\"bbc-hhl7in e17g058b0\">Dos de cada tres trabajadores paraguayos est\u00e1n en el <b>sector informal<\/b>.<\/p>\n<\/div>\n<div dir=\"ltr\" class=\"bbc-19j92fr ebmt73l0\" readability=\"12\">\n<p dir=\"ltr\" class=\"bbc-hhl7in e17g058b0\">Eso significa que sus actividades no est\u00e1n reguladas por ley y, por lo tanto, no tienen acceso a un contrato, ni a un salario m\u00ednimo, ni a los beneficios sociales asociados a un trabajo en regla.<\/p>\n<\/div>\n<div dir=\"ltr\" class=\"bbc-19j92fr ebmt73l0\">\n<div id=\"include-2\" tabindex=\"-1\" class=\"bbc-1npwuzj ebapeti0\">\n<div class=\"flourish-container\" id=\"flourish-container-vjeastasia-800-flourish_on_slack-VJAMERICAS-1178\" readability=\"6\">\n<div class=\"flourish-fallback\" id=\"flourish-fallback-vjeastasia-800-flourish_on_slack-VJAMERICAS-1178\" readability=\"7\">\n<p>Este contenido parece no funcionar en este dispositivo<\/p>\n<\/p><\/div><\/div><\/div>\n<\/div>\n<div dir=\"ltr\" class=\"bbc-19j92fr ebmt73l0\" readability=\"14\">\n<p dir=\"ltr\" class=\"bbc-hhl7in e17g058b0\">Suelen vivir al d\u00eda, con serias dificultades para cubrir sus necesidades b\u00e1sicas, sin ahorros para la jubilaci\u00f3n y en una situaci\u00f3n precaria en la que, frente a cualquier imprevisto, no tienen c\u00f3mo defenderse ante condiciones adversas, como una enfermedad grave.<\/p>\n<\/div>\n<div dir=\"ltr\" class=\"bbc-19j92fr ebmt73l0\" readability=\"12\">\n<p dir=\"ltr\" class=\"bbc-hhl7in e17g058b0\">Entre los informales est\u00e1n, por ejemplo, los vendedores ambulantes, las trabajadoras dom\u00e9sticas, los independientes sin salario fijo y muchos otros.<\/p>\n<\/div>\n<div dir=\"ltr\" class=\"bbc-19j92fr ebmt73l0\" readability=\"14\">\n<p dir=\"ltr\" class=\"bbc-hhl7in e17g058b0\">Son el 64,2% de la poblaci\u00f3n econ\u00f3micamente activa, <b>una tasa muy superior al promedio de trabajo informal en Am\u00e9rica Latina<\/b><b>,<\/b> que bordea el 50%, seg\u00fan las estimaciones de la Organizaci\u00f3n Internacional del Trabajo, OIT.<\/p>\n<\/div>\n<div dir=\"ltr\" class=\"bbc-1ka88fa ebmt73l0\">\n<figure class=\"bbc-1qdcvv9 e1aczekt0\">\n<div dir=\"ltr\" class=\"bbc-172p16q ebmt73l0\">\n<div dir=\"ltr\" class=\"bbc-189y18v ebmt73l0\" readability=\"6.5\">\n<div data-e2e=\"image-placeholder\" class=\"bbc-997y1y eihqrxw0\" readability=\"8\"><noscript><img loading=\"lazy\" sizes=\"(min-width: 1008px) 645px, 100vw\" srcset=\"http:\/\/nuevacordoba.net\/wp-content\/uploads\/2023\/04\/3-grietas-de-la-alabada-economia-de-paraguay-y-que-puede-hacer-el-pais-para-evitar-que-sigan-creciendo-21.jpg 240w, http:\/\/nuevacordoba.net\/wp-content\/uploads\/2023\/04\/3-grietas-de-la-alabada-economia-de-paraguay-y-que-puede-hacer-el-pais-para-evitar-que-sigan-creciendo-22.jpg 320w, http:\/\/nuevacordoba.net\/wp-content\/uploads\/2023\/04\/3-grietas-de-la-alabada-economia-de-paraguay-y-que-puede-hacer-el-pais-para-evitar-que-sigan-creciendo-23.jpg 480w, http:\/\/nuevacordoba.net\/wp-content\/uploads\/2023\/04\/3-grietas-de-la-alabada-economia-de-paraguay-y-que-puede-hacer-el-pais-para-evitar-que-sigan-creciendo-24.jpg 624w, http:\/\/nuevacordoba.net\/wp-content\/uploads\/2023\/04\/3-grietas-de-la-alabada-economia-de-paraguay-y-que-puede-hacer-el-pais-para-evitar-que-sigan-creciendo-25.jpg 800w\" src=\"http:\/\/nuevacordoba.net\/wp-content\/uploads\/2023\/04\/3-grietas-de-la-alabada-economia-de-paraguay-y-que-puede-hacer-el-pais-para-evitar-que-sigan-creciendo-3.jpg\" alt=\"Puesto de venta de frutas y verduras en Paraguay.\" width=\"976\" height=\"549\" class=\"e3vrtyk0 bbc-rb7xa0 e1mo64ex0\"><\/noscript><\/p>\n<p role=\"text\" class=\"bbc-1s1cxbv ewbcsnk0\"><span class=\"bbc-m04vo2\">Fuente de la imagen, <\/span><span lang=\"en-GB\">Getty Images<\/span><\/p>\n<\/div>\n<\/div>\n<div dir=\"ltr\" class=\"bbc-3edg7g ebmt73l0\" readability=\"7\"><figcaption dir=\"ltr\" class=\"bbc-rhuvwm e6i104o0\" readability=\"4\"><span class=\"bbc-m04vo2\">Pie de foto, <\/span><\/p>\n<p>Los vendedores ambulantes, los independientes sin salario fijo y las trabajadoras dom\u00e9sticas est\u00e1n entre los trabajadores informales en Paraguay.<\/p>\n<\/figcaption><\/div>\n<\/div>\n<\/figure>\n<\/div>\n<div dir=\"ltr\" class=\"bbc-19j92fr ebmt73l0\" readability=\"9\">\n<p dir=\"ltr\" class=\"bbc-hhl7in e17g058b0\">Muchos de estos trabajadores paraguayos forman parte de la denominada \u00abeconom\u00eda subterr\u00e1nea\u00bb, la cual incluye actividades legales e ilegales.<\/p>\n<\/div>\n<div dir=\"ltr\" class=\"bbc-19j92fr ebmt73l0\" readability=\"7\">\n<p dir=\"ltr\" class=\"bbc-hhl7in e17g058b0\">La situaci\u00f3n afecta especialmente a los j\u00f3venes y las mujeres del mundo rural.<\/p>\n<\/div>\n<p><h2 id=\"3-Exporta-energ\u00eda-limpia-e-importa-energ\u00eda-sucia\" tabindex=\"-1\" class=\"bbc-1f03ibc eglt09e0\">3. Exporta energ\u00eda limpia e importa energ\u00eda sucia<\/h2>\n<\/p>\n<div dir=\"ltr\" class=\"bbc-19j92fr ebmt73l0\" readability=\"12\">\n<p dir=\"ltr\" class=\"bbc-hhl7in e17g058b0\">Junto con Albania, Paraguay es el pa\u00eds de producci\u00f3n de energ\u00eda el\u00e9ctrica m\u00e1s limpia del mundo, escribi\u00f3 Silvia Morimoto, la representante del Programa de Naciones Unidas para el Desarrollo (PNUD) en Paraguay.<\/p>\n<\/div>\n<div dir=\"ltr\" class=\"bbc-19j92fr ebmt73l0\" readability=\"12\">\n<p dir=\"ltr\" class=\"bbc-hhl7in e17g058b0\">Adem\u00e1s, est\u00e1 entre los pa\u00edses con<b> la mayor producci\u00f3n de hidroelectricidad per c\u00e1pita<\/b> a nivel global, la cual proviene principalmente de sus grandes represas binacionales: Itaip\u00fa y Yacyret\u00e1, que comparte con sus vecinos Brasil y Argentina.<\/p>\n<\/div>\n<div dir=\"ltr\" class=\"bbc-1ka88fa ebmt73l0\">\n<figure class=\"bbc-1qdcvv9 e1aczekt0\">\n<div dir=\"ltr\" class=\"bbc-172p16q ebmt73l0\">\n<div dir=\"ltr\" class=\"bbc-189y18v ebmt73l0\" readability=\"6.5\">\n<div data-e2e=\"image-placeholder\" class=\"bbc-997y1y eihqrxw0\" readability=\"8\"><noscript><img loading=\"lazy\" sizes=\"(min-width: 1008px) 645px, 100vw\" srcset=\"http:\/\/nuevacordoba.net\/wp-content\/uploads\/2023\/04\/3-grietas-de-la-alabada-economia-de-paraguay-y-que-puede-hacer-el-pais-para-evitar-que-sigan-creciendo-26.jpg 240w, http:\/\/nuevacordoba.net\/wp-content\/uploads\/2023\/04\/3-grietas-de-la-alabada-economia-de-paraguay-y-que-puede-hacer-el-pais-para-evitar-que-sigan-creciendo-27.jpg 320w, http:\/\/nuevacordoba.net\/wp-content\/uploads\/2023\/04\/3-grietas-de-la-alabada-economia-de-paraguay-y-que-puede-hacer-el-pais-para-evitar-que-sigan-creciendo-28.jpg 480w, http:\/\/nuevacordoba.net\/wp-content\/uploads\/2023\/04\/3-grietas-de-la-alabada-economia-de-paraguay-y-que-puede-hacer-el-pais-para-evitar-que-sigan-creciendo-29.jpg 624w, http:\/\/nuevacordoba.net\/wp-content\/uploads\/2023\/04\/3-grietas-de-la-alabada-economia-de-paraguay-y-que-puede-hacer-el-pais-para-evitar-que-sigan-creciendo-30.jpg 800w\" src=\"http:\/\/nuevacordoba.net\/wp-content\/uploads\/2023\/04\/3-grietas-de-la-alabada-economia-de-paraguay-y-que-puede-hacer-el-pais-para-evitar-que-sigan-creciendo-4.jpg\" alt=\"Represa de Yacyret\u00e1.\" width=\"976\" height=\"549\" class=\"e3vrtyk0 bbc-rb7xa0 e1mo64ex0\"><\/noscript><\/p>\n<p role=\"text\" class=\"bbc-1s1cxbv ewbcsnk0\"><span class=\"bbc-m04vo2\">Fuente de la imagen, <\/span><span lang=\"en-GB\">Getty Images<\/span><\/p>\n<\/div>\n<\/div>\n<div dir=\"ltr\" class=\"bbc-3edg7g ebmt73l0\" readability=\"6.5\"><figcaption dir=\"ltr\" class=\"bbc-rhuvwm e6i104o0\" readability=\"3\"><span class=\"bbc-m04vo2\">Pie de foto, <\/span><\/p>\n<p>Las represas de Itaip\u00fa y Yacyret\u00e1 proveen a Paraguay de enormes cantidades de energ\u00eda el\u00e9ctrica limpia.<\/p>\n<\/figcaption><\/div>\n<\/div>\n<\/figure>\n<\/div>\n<div dir=\"ltr\" class=\"bbc-19j92fr ebmt73l0\" readability=\"8\">\n<p dir=\"ltr\" class=\"bbc-hhl7in e17g058b0\">Con una gran oferta, el pa\u00eds exporta energ\u00eda el\u00e9ctrica limpia.<\/p>\n<\/div>\n<div dir=\"ltr\" class=\"bbc-19j92fr ebmt73l0\" readability=\"12\">\n<p dir=\"ltr\" class=\"bbc-hhl7in e17g058b0\">Sin embargo, en los \u00faltimos a\u00f1os est\u00e1 exportando cada vez menos hidroelectricidad y <b>est\u00e1 importando cada vez m\u00e1s derivados de petr\u00f3leo<\/b>, que se utilizan en el transporte, como lo muestra el gr\u00e1fico.<\/p>\n<\/div>\n<div dir=\"ltr\" class=\"bbc-19j92fr ebmt73l0\" readability=\"8\">\n<p dir=\"ltr\" class=\"bbc-hhl7in e17g058b0\">De hecho, el 41% de su consumo energ\u00e9tico proviene de combustibles f\u00f3siles.<\/p>\n<\/div>\n<div dir=\"ltr\" class=\"bbc-19j92fr ebmt73l0\">\n<div id=\"include-3\" tabindex=\"-1\" class=\"bbc-1npwuzj ebapeti0\">\n<div class=\"flourish-container\" id=\"flourish-container-vjeastasia-800-flourish_on_slack-VJAMERICAS-1179\" readability=\"6\">\n<div class=\"flourish-fallback\" id=\"flourish-fallback-vjeastasia-800-flourish_on_slack-VJAMERICAS-1179\" readability=\"7\">\n<p>Este contenido parece no funcionar en este dispositivo<\/p>\n<\/p><\/div><\/div><\/div>\n<\/div>\n<div dir=\"ltr\" class=\"bbc-19j92fr ebmt73l0\" readability=\"13\">\n<p dir=\"ltr\" class=\"bbc-hhl7in e17g058b0\">Ver\u00f3nica R. Prado, especialista en Energ\u00eda del Banco Interamericano de Desarrollo en Paraguay, argumenta que el crecimiento del parque automotor<b> satura las rutas, disminuye la calidad del aire, y aumenta \u00abla dependencia del pa\u00eds de combustibles f\u00f3siles\u00bb. <\/b><\/p>\n<\/div>\n<div dir=\"ltr\" class=\"bbc-19j92fr ebmt73l0\" readability=\"10\">\n<p dir=\"ltr\" class=\"bbc-hhl7in e17g058b0\">Esta situaci\u00f3n, le dice a BBC Mundo, puede afectar negativamente su seguridad energ\u00e9tica en el futuro.<\/p>\n<\/div>\n<div dir=\"ltr\" class=\"bbc-19j92fr ebmt73l0\" readability=\"13\">\n<p dir=\"ltr\" class=\"bbc-hhl7in e17g058b0\">En el otro lado de la balanza, est\u00e1 la ca\u00edda de la exportaci\u00f3n de energ\u00eda hidroel\u00e9ctrica, una tendencia que se explica por factores como la creciente demanda interna, la sequ\u00eda y la falta de inversiones en infraestructura, agrega.<\/p>\n<\/div>\n<div dir=\"ltr\" class=\"bbc-19j92fr ebmt73l0\" readability=\"11\">\n<p dir=\"ltr\" class=\"bbc-hhl7in e17g058b0\">A futuro se espera que el consumo de energ\u00eda el\u00e9ctrica siga aumentando y, frente a ese escenario, Prado dice que el pa\u00eds requiere <b>un plan para diversificar su matriz energ\u00e9tica<\/b> e invertir en infraestructura que permita transmitir y distribuir la electricidad.<\/p>\n<\/div>\n<div dir=\"ltr\" class=\"bbc-19j92fr ebmt73l0\" readability=\"9\">\n<p dir=\"ltr\" class=\"bbc-hhl7in e17g058b0\">En otras palabras, no basta con generar la electricidad, hay que hacerla llegar a los hogares.<\/p>\n<\/div>\n<div dir=\"ltr\" class=\"bbc-19j92fr ebmt73l0\" readability=\"12\">\n<p dir=\"ltr\" class=\"bbc-hhl7in e17g058b0\">Manuel Ferreira, exministro de Hacienda y presidente de la Consultora MF Econom\u00eda Inversiones, dice que para disminuir la dependencia de la importaci\u00f3n de derivados del petr\u00f3leo, el pa\u00eds tiene dos caminos.<\/p>\n<\/div>\n<div dir=\"ltr\" class=\"bbc-19j92fr ebmt73l0\" readability=\"9\">\n<p dir=\"ltr\" class=\"bbc-hhl7in e17g058b0\">Uno de ellos es invertir en electromovilidad. \u00abParaguay podr\u00eda ir sustituyendo parte de su parque automotor por uno el\u00e9ctrico\u00bb, dice en di\u00e1logo con BBC Mundo.<\/p>\n<\/div>\n<div dir=\"ltr\" class=\"bbc-19j92fr ebmt73l0\" readability=\"7\">\n<p dir=\"ltr\" class=\"bbc-hhl7in e17g058b0\">El otro es atraer industrias que necesiten energ\u00eda hidroel\u00e9ctrica para su funcionamiento.<\/p>\n<\/div>\n<div dir=\"ltr\" class=\"bbc-19j92fr ebmt73l0\" readability=\"8\">\n<p dir=\"ltr\" class=\"bbc-hhl7in e17g058b0\">Este a\u00f1o Brasil y Paraguay iniciar\u00e1n negociaciones para redefinir algunas de las cl\u00e1usulas del tratado por el que los dos pa\u00edses construyeron hace 50 a\u00f1os la hidroel\u00e9ctrica de Itaip\u00fa. <\/p>\n<\/div>\n<div dir=\"ltr\" class=\"bbc-19j92fr ebmt73l0\" readability=\"8\">\n<p dir=\"ltr\" class=\"bbc-hhl7in e17g058b0\">El acuerdo que logren ambos pa\u00edses ser\u00e1 clave para los futuros planes de desarrollo energ\u00e9tico del pa\u00eds.<\/p>\n<\/div>\n<div class=\"bbc-sffzb7 e1hrqbfn0\" readability=\"7\">\n<p><h2 id=\"Por-qu\u00e9-el-pa\u00eds-ha-sido-elogiado-por-organismos-internacionales\" tabindex=\"-1\" class=\"bbc-1f03ibc eglt09e0\">\u00bfPor qu\u00e9 el pa\u00eds ha sido elogiado por organismos internacionales?<\/h2>\n<\/p>\n<\/div>\n<div dir=\"ltr\" class=\"bbc-19j92fr ebmt73l0\" readability=\"13\">\n<p dir=\"ltr\" class=\"bbc-hhl7in e17g058b0\">Aunque uno de cada cuatro paraguayos vive en la pobreza, seg\u00fan el Instituto Nacional de Estad\u00edstica (INE), y un 20% de los ni\u00f1os ind\u00edgenas sufre desnutrici\u00f3n cr\u00f3nica, seg\u00fan Unicef, <b>el pa\u00eds ha mostrado una mejor\u00eda en sus indicadores sociales<\/b><b>.<\/b><\/p>\n<\/div>\n<div dir=\"ltr\" class=\"bbc-19j92fr ebmt73l0\" readability=\"8\">\n<p dir=\"ltr\" class=\"bbc-hhl7in e17g058b0\">En las \u00faltimas dos d\u00e9cadas la pobreza total baj\u00f3 de un 58% a un 25% y la pobreza rural de un 70% a un 34%.<\/p>\n<\/div>\n<div dir=\"ltr\" class=\"bbc-19j92fr ebmt73l0\" readability=\"13\">\n<p dir=\"ltr\" class=\"bbc-hhl7in e17g058b0\">Y, pese a la dependencia del pa\u00eds de la industria agropecuaria, que lo ha vuelto m\u00e1s vulnerable al impacto del cambio clim\u00e1tico, organismos internacionales como el Banco Mundial y el Fondo Monetario Internacional han elogiado el aumento del PIB en las \u00faltimas dos d\u00e9cadas y la <b>\u00absolidez\u00bb de las pol\u00edticas macroecon\u00f3micas<\/b>.<\/p>\n<\/div>\n<div dir=\"ltr\" class=\"bbc-19j92fr ebmt73l0\" readability=\"12\">\n<p dir=\"ltr\" class=\"bbc-hhl7in e17g058b0\">Tanto as\u00ed, que hasta 2018 el pa\u00eds sol\u00eda ser presentado como un modelo de \u00e9xito entre los pa\u00edses latinoamericanos. En menos de dos d\u00e9cadas, el PIB se duplic\u00f3 y el crecimiento econ\u00f3mico promedio anual lleg\u00f3 a situarse sobre el 4%, mientras las cuentas fiscales gozaban de buena salud.<\/p>\n<\/div>\n<div dir=\"ltr\" class=\"bbc-19j92fr ebmt73l0\" readability=\"12\">\n<p dir=\"ltr\" class=\"bbc-hhl7in e17g058b0\">Por otro lado, el Programa de Naciones Unidas para el Desarrollo (PNUD) ha destacado que en los \u00faltimos 20 a\u00f1os existe una <b>\u00abtendencia positiva\u00bb <\/b>de los indicadores sociales, aunque recomienda ser \u00abcautelosamente optimistas\u00bb, porque las brechas de desigualdad permanecen.<\/p>\n<\/div>\n<div dir=\"ltr\" class=\"bbc-19j92fr ebmt73l0\" readability=\"9\">\n<p dir=\"ltr\" class=\"bbc-hhl7in e17g058b0\">El \u00cdndice de Desarrollo Humano (IDH) de Paraguay <b>pas\u00f3 de un nivel \u00abmedio\u00bb en 2001 a uno \u00abalto\u00bb en 2020<\/b>, se\u00f1ala el organismo.<\/p>\n<\/div>\n<div dir=\"ltr\" class=\"bbc-19j92fr ebmt73l0\" readability=\"8\">\n<p dir=\"ltr\" class=\"bbc-hhl7in e17g058b0\">Otros indicadores muestran una disminuci\u00f3n sustancial de la desnutrici\u00f3n infantil y una desigualdad de ingresos menor que la de muchos pa\u00edses latinoamericanos.<\/p>\n<\/div>\n<div dir=\"ltr\" class=\"bbc-19j92fr ebmt73l0\" readability=\"12\">\n<p dir=\"ltr\" class=\"bbc-hhl7in e17g058b0\">Pero desde 2018 los indicadores ya no son tan positivos y el pa\u00eds ha tardado en recuperarse de la pandemia que, junto a los sucesos clim\u00e1ticos, entre otros facotres, han puesto en evidencia las grietas del modelo.<\/p>\n<\/div>\n<div dir=\"ltr\" class=\"bbc-1ka88fa ebmt73l0\">\n<figure class=\"bbc-1qdcvv9 e1aczekt0\">\n<div dir=\"ltr\" class=\"bbc-172p16q ebmt73l0\">\n<div dir=\"ltr\" class=\"bbc-189y18v ebmt73l0\" readability=\"6.5\">\n<div data-e2e=\"image-placeholder\" class=\"bbc-997y1y eihqrxw0\" readability=\"8\"><noscript><img loading=\"lazy\" sizes=\"(min-width: 1008px) 645px, 100vw\" srcset=\"http:\/\/nuevacordoba.net\/wp-content\/uploads\/2023\/04\/3-grietas-de-la-alabada-economia-de-paraguay-y-que-puede-hacer-el-pais-para-evitar-que-sigan-creciendo.png 240w, http:\/\/nuevacordoba.net\/wp-content\/uploads\/2023\/04\/3-grietas-de-la-alabada-economia-de-paraguay-y-que-puede-hacer-el-pais-para-evitar-que-sigan-creciendo-31.jpg 320w, http:\/\/nuevacordoba.net\/wp-content\/uploads\/2023\/04\/3-grietas-de-la-alabada-economia-de-paraguay-y-que-puede-hacer-el-pais-para-evitar-que-sigan-creciendo-32.jpg 480w, http:\/\/nuevacordoba.net\/wp-content\/uploads\/2023\/04\/3-grietas-de-la-alabada-economia-de-paraguay-y-que-puede-hacer-el-pais-para-evitar-que-sigan-creciendo-33.jpg 624w, http:\/\/nuevacordoba.net\/wp-content\/uploads\/2023\/04\/3-grietas-de-la-alabada-economia-de-paraguay-y-que-puede-hacer-el-pais-para-evitar-que-sigan-creciendo-5.jpg 640w\" src=\"http:\/\/nuevacordoba.net\/wp-content\/uploads\/2023\/04\/3-grietas-de-la-alabada-economia-de-paraguay-y-que-puede-hacer-el-pais-para-evitar-que-sigan-creciendo-5.jpg\" alt=\"l\u00ednea\" width=\"640\" height=\"2\" class=\"e3vrtyk0 bbc-rb7xa0 e1mo64ex0\"><\/noscript><\/p>\n<p role=\"text\" class=\"bbc-1s1cxbv ewbcsnk0\"><span class=\"bbc-m04vo2\">Fuente de la imagen, <\/span><span lang=\"en-GB\">Getty Images<\/span><\/p>\n<\/div>\n<\/div>\n<\/div>\n<\/figure>\n<\/div>\n<div dir=\"ltr\" class=\"bbc-19j92fr ebmt73l0\" readability=\"8\">\n<p dir=\"ltr\" class=\"bbc-hhl7in e17g058b0\"><i class=\"bbc-h1y5j7 eih42320\">Recuerda que<\/i><i class=\"bbc-h1y5j7 eih42320\"> puedes recibir notificaciones de BBC Mundo. Descarga la nueva versi\u00f3n de nuestra app y act\u00edvalas para no perderte nuestro mejor contenido.<\/i><\/p>\n<\/div>\n","protected":false},"excerpt":{"rendered":"<p>Cecilia Barr\u00eda BBC News Mundo 2 horas Fuente de la imagen, Getty Images Pie de foto, Los paraguayos concurren a las urnas este domingo. La econom\u00eda de Paraguay ha sido elogiada en el pasado por los organismos internacionales por el crecimiento, la reducci\u00f3n de la pobreza y el orden en las finanzas fiscales. Sin embargo, [&hellip;]<\/p>\n","protected":false},"author":1,"featured_media":31674,"comment_status":"closed","ping_status":"closed","sticky":false,"template":"","format":"standard","meta":[],"categories":[13],"tags":[],"_links":{"self":[{"href":"http:\/\/nuevacordoba.net\/index.php\/wp-json\/wp\/v2\/posts\/31673"}],"collection":[{"href":"http:\/\/nuevacordoba.net\/index.php\/wp-json\/wp\/v2\/posts"}],"about":[{"href":"http:\/\/nuevacordoba.net\/index.php\/wp-json\/wp\/v2\/types\/post"}],"author":[{"embeddable":true,"href":"http:\/\/nuevacordoba.net\/index.php\/wp-json\/wp\/v2\/users\/1"}],"replies":[{"embeddable":true,"href":"http:\/\/nuevacordoba.net\/index.php\/wp-json\/wp\/v2\/comments?post=31673"}],"version-history":[{"count":0,"href":"http:\/\/nuevacordoba.net\/index.php\/wp-json\/wp\/v2\/posts\/31673\/revisions"}],"wp:featuredmedia":[{"embeddable":true,"href":"http:\/\/nuevacordoba.net\/index.php\/wp-json\/wp\/v2\/media\/31674"}],"wp:attachment":[{"href":"http:\/\/nuevacordoba.net\/index.php\/wp-json\/wp\/v2\/media?parent=31673"}],"wp:term":[{"taxonomy":"category","embeddable":true,"href":"http:\/\/nuevacordoba.net\/index.php\/wp-json\/wp\/v2\/categories?post=31673"},{"taxonomy":"post_tag","embeddable":true,"href":"http:\/\/nuevacordoba.net\/index.php\/wp-json\/wp\/v2\/tags?post=31673"}],"curies":[{"name":"wp","href":"https:\/\/api.w.org\/{rel}","templated":true}]}}