{"id":31677,"date":"2023-04-28T15:06:05","date_gmt":"2023-04-28T15:06:05","guid":{"rendered":"http:\/\/cordobanewsnet.wordpress.com\/2023\/04\/28\/maestra-le-pego-a-un-nino-de-6-anos-con-autismo-en-cordoba\/"},"modified":"2023-04-28T15:06:05","modified_gmt":"2023-04-28T15:06:05","slug":"maestra-le-pego-a-un-nino-de-6-anos-con-autismo-en-cordoba","status":"publish","type":"post","link":"http:\/\/nuevacordoba.net\/index.php\/2023\/04\/28\/maestra-le-pego-a-un-nino-de-6-anos-con-autismo-en-cordoba\/","title":{"rendered":"Maestra le pego a un ni\u00f1o de 6 a\u00f1os con autismo en Cordoba"},"content":{"rendered":"<p><!-- \/featured-media --> <\/p>\n<div class=\"post-content clear\" readability=\"44.372222222222\">\n<p>El <a href=\"https:\/\/viapais.com.ar\/cordoba\/denunciaron-hechos-de-violencia-en-un-colegio-de-cordoba-mi-hijo-dice-que-tiene-miedo-de-venir\/\">Ministerio de Educaci\u00f3n de la provincia de C\u00f3rdoba<\/a> investiga una <a href=\"https:\/\/viapais.com.ar\/cordoba\/violencia-en-cordoba-denuncian-que-sus-hijos-son-amenazados-por-alumnos-de-otro-colegio\/\">denuncia <\/a>radicada por la madre de un nene de seis a\u00f1os que tiene Trastorno del Espectro Autista (TEA), el menor asiste al primer grado de una escuela primaria de barrio Yofre Norte y en medio de una clase en el aula, habr\u00eda sido golpeado en el pecho por una docente.<\/p>\n<p>Seg\u00fan la denuncia, el suceso ocurri\u00f3 este mi\u00e9rcoles en la escuela Fray Mamerto Esqui\u00fa, mientras la educadora le ataba los cordones a uno de sus alumnos y el menor diagnosticado con TEA reaccion\u00f3 de manera violenta contra su <a href=\"https:\/\/viapais.com.ar\/cordoba\/violencia-en-las-escuelas-de-cordoba-alumno-imputado-por-agredir-a-otro\/\">compa\u00f1ero<\/a><\/p>\n<figure class=\"wp-block-image size-large\"><img data-attachment-id=\"7925\" data-permalink=\"https:\/\/cordobanewsnet.wordpress.com\/2023\/04\/28\/maestra-le-pego-a-un-nino-de-6-anos-con-autismo-en-cordoba\/img_6362\/\" data-orig-file=\"http:\/\/nuevacordoba.net\/wp-content\/uploads\/2023\/04\/maestra-le-pego-a-un-nino-de-6-anos-con-autismo-en-cordoba.jpg\" data-orig-size=\"640,434\" data-comments-opened=\"1\" data-image-meta=\"{&quot;aperture&quot;:&quot;0&quot;,&quot;credit&quot;:&quot;&quot;,&quot;camera&quot;:&quot;&quot;,&quot;caption&quot;:&quot;&quot;,&quot;created_timestamp&quot;:&quot;0&quot;,&quot;copyright&quot;:&quot;&quot;,&quot;focal_length&quot;:&quot;0&quot;,&quot;iso&quot;:&quot;0&quot;,&quot;shutter_speed&quot;:&quot;0&quot;,&quot;title&quot;:&quot;&quot;,&quot;orientation&quot;:&quot;1&quot;}\" data-image-title=\"img_6362\" data-image-description data-image-caption data-medium-file=\"http:\/\/nuevacordoba.net\/wp-content\/uploads\/2023\/04\/maestra-le-pego-a-un-nino-de-6-anos-con-autismo-en-cordoba.jpg?w=300\" data-large-file=\"http:\/\/nuevacordoba.net\/wp-content\/uploads\/2023\/04\/maestra-le-pego-a-un-nino-de-6-anos-con-autismo-en-cordoba.jpg\" src=\"http:\/\/nuevacordoba.net\/wp-content\/uploads\/2023\/04\/maestra-le-pego-a-un-nino-de-6-anos-con-autismo-en-cordoba.jpg\" class=\"wp-image-7925\" srcset=\"http:\/\/nuevacordoba.net\/wp-content\/uploads\/2023\/04\/maestra-le-pego-a-un-nino-de-6-anos-con-autismo-en-cordoba.jpg 640w, http:\/\/nuevacordoba.net\/wp-content\/uploads\/2023\/04\/maestra-le-pego-a-un-nino-de-6-anos-con-autismo-en-cordoba.jpg?w=150 150w, http:\/\/nuevacordoba.net\/wp-content\/uploads\/2023\/04\/maestra-le-pego-a-un-nino-de-6-anos-con-autismo-en-cordoba.jpg?w=300 300w\" sizes=\"(max-width: 640px) 100vw, 640px\"><\/figure>\n<p>Ante esto, la educadora habr\u00eda golpeado con su pu\u00f1o en el pecho al peque\u00f1o. La maestra integradora fue testigo de lo acontecido dentro del aula y ante lo ocurrido, retir\u00f3 al menor para internar calmarlo.<\/p>\n<div class=\"wordads-ad-wrapper\">\n<div class=\"wordads-ad\">\n<p>Anuncio publicitario<\/p>\n<p><span onclick=\"javascript:__tcfapi( 'showUi' );\">Ajustes de privacidad<\/span><\/p>\n<\/div>\n<\/div>\n<div id=\"jp-post-flair\" class=\"sharedaddy sd-like-enabled sd-sharing-enabled\">\n<div class=\"sharedaddy sd-sharing-enabled\">\n<div class=\"robots-nocontent sd-block sd-social sd-social-icon-text sd-sharing\">\n<h3 class=\"sd-title\">Share this:<\/h3>\n<\/div>\n<\/div>\n<div class=\"sharedaddy sd-block sd-like jetpack-likes-widget-wrapper jetpack-likes-widget-unloaded\" id=\"like-post-wrapper-143108178-7926-644c045f9632e\" data-src=\"\/\/widgets.wp.com\/likes\/index.html?ver=20230309#blog_id=143108178&amp;post_id=7926&amp;origin=cordobanewsnet.wordpress.com&amp;obj_id=143108178-7926-644c045f9632e\" data-name=\"like-post-frame-143108178-7926-644c045f9632e\" data-title=\"Me gusta o Compartir\">\n<h3 class=\"sd-title\">Me gusta esto:<\/h3>\n<p><span class=\"button\"><span>Me gusta<\/span><\/span> <span class=\"loading\">Cargando&#8230;<\/span><\/p>\n<p><span class=\"sd-text-color\"><\/span><\/div>\n<p><h3 class=\"jp-relatedposts-headline\"><em>Relacionado<\/em><\/h3>\n<\/p>\n<\/div><\/div>\n<p><!--\/.post-content--> <\/p>\n<footer class=\"post-meta-container clear\" readability=\"0.74033149171271\">\n<div class=\"entry-author author-avatar-show\" readability=\"14.031746031746\">\n<div class=\"author-avatar\"> <img loading=\"lazy\" alt src=\"http:\/\/nuevacordoba.net\/wp-content\/uploads\/2023\/04\/maestra-le-pego-a-un-nino-de-6-anos-con-autismo-en-cordoba-1.jpg\" class=\"avatar avatar-90\" height=\"90\" width=\"90\"> <\/div>\n<p><!-- .author-avatar --> <\/p>\n<p><h2 class=\"author-title\">Publicado por <span class=\"author-name\">angelaponso<\/span><\/h2>\n<\/p>\n<p><!-- .author-heading --> <\/p>\n<p class=\"author-bio\"> <a class=\"author-link\" href=\"https:\/\/cordobanewsnet.wordpress.com\/author\/angelaponso\/\" rel=\"author\"> Ver todas las entradas de angelaponso <\/a> <\/p>\n<p><!-- .author-bio --> <\/div>\n<p><!-- .entry-auhtor --> <\/footer>\n<p> <!-- \/post-meta-container --> <!-- #respond --> <\/p>\n","protected":false},"excerpt":{"rendered":"<p>El Ministerio de Educaci\u00f3n de la provincia de C\u00f3rdoba investiga una denuncia radicada por la madre de un nene de seis a\u00f1os que tiene Trastorno del Espectro Autista (TEA), el menor asiste al primer grado de una escuela primaria de barrio Yofre Norte y en medio de una clase en el aula, habr\u00eda sido golpeado [&hellip;]<\/p>\n","protected":false},"author":1,"featured_media":31678,"comment_status":"closed","ping_status":"closed","sticky":false,"template":"","format":"standard","meta":[],"categories":[14],"tags":[],"_links":{"self":[{"href":"http:\/\/nuevacordoba.net\/index.php\/wp-json\/wp\/v2\/posts\/31677"}],"collection":[{"href":"http:\/\/nuevacordoba.net\/index.php\/wp-json\/wp\/v2\/posts"}],"about":[{"href":"http:\/\/nuevacordoba.net\/index.php\/wp-json\/wp\/v2\/types\/post"}],"author":[{"embeddable":true,"href":"http:\/\/nuevacordoba.net\/index.php\/wp-json\/wp\/v2\/users\/1"}],"replies":[{"embeddable":true,"href":"http:\/\/nuevacordoba.net\/index.php\/wp-json\/wp\/v2\/comments?post=31677"}],"version-history":[{"count":0,"href":"http:\/\/nuevacordoba.net\/index.php\/wp-json\/wp\/v2\/posts\/31677\/revisions"}],"wp:featuredmedia":[{"embeddable":true,"href":"http:\/\/nuevacordoba.net\/index.php\/wp-json\/wp\/v2\/media\/31678"}],"wp:attachment":[{"href":"http:\/\/nuevacordoba.net\/index.php\/wp-json\/wp\/v2\/media?parent=31677"}],"wp:term":[{"taxonomy":"category","embeddable":true,"href":"http:\/\/nuevacordoba.net\/index.php\/wp-json\/wp\/v2\/categories?post=31677"},{"taxonomy":"post_tag","embeddable":true,"href":"http:\/\/nuevacordoba.net\/index.php\/wp-json\/wp\/v2\/tags?post=31677"}],"curies":[{"name":"wp","href":"https:\/\/api.w.org\/{rel}","templated":true}]}}