{"id":31697,"date":"2023-04-29T13:45:40","date_gmt":"2023-04-29T13:45:40","guid":{"rendered":"https:\/\/www.espinof.com\/actores-y-actrices\/pesadilla-marvel-jonathan-majors-tiene-facil-solucion-usar-al-kang-adolescente-jovenes-vengadores"},"modified":"2023-04-29T13:45:40","modified_gmt":"2023-04-29T13:45:40","slug":"la-pesadilla-de-marvel-con-jonathan-majors-tiene-una-facil-solucion-usar-al-kang-adolescente-de-jovenes-vengadores","status":"publish","type":"post","link":"http:\/\/nuevacordoba.net\/index.php\/2023\/04\/29\/la-pesadilla-de-marvel-con-jonathan-majors-tiene-una-facil-solucion-usar-al-kang-adolescente-de-jovenes-vengadores\/","title":{"rendered":"La pesadilla de Marvel con Jonathan Majors tiene una f\u00e1cil soluci\u00f3n: usar al Kang adolescente de &#8216;J\u00f3venes Vengadores&#8217;"},"content":{"rendered":"<p>El culebr\u00f3n en <a href=\"https:\/\/www.espinof.com\/actores-y-actrices\/jonathan-majors-detenido-ser-acusado-agresion-a-mujer-pone-peligro-su-futuro-marvel\">torno a Jonathan Majors<\/a> no deja de crecer y crecer, y de hecho en las \u00faltimas horas se <a href=\"https:\/\/variety.com\/2023\/film\/news\/jonathan-majors-alleged-victim-order-of-protection-court-date-1235597245\/\">ha abierto un nuevo cap\u00edtulo<\/a>. El <strong>actor se ha convertido en una gran patata caliente <\/strong>y todos los ojos se han puesto de repente en Marvel, debido al papel de este como Kang en el UCM.<\/p>\n<p><!-- BREAK 1 --><\/p>\n<p>Y es que su personaje es la pieza fundamental para el camino hacia la <a href=\"https:\/\/www.espinof.com\/fecha-de-estreno\/vengadores-5-fecha-estreno-trailer-reparto-pelicula-superheroes-marvel\">quinta pel\u00edcula de Vengadores<\/a>, titulada &#8216;<strong>The Kang Dynasty<\/strong>&#8216;. Despu\u00e9s de debutar en el tramo final de &#8216;<a href=\"https:\/\/www.espinof.com\/fecha-de-estreno\/loki-todo-que-sabemos-temporada-2-serie-marvel-para-disney-plus-tom-hiddleston\">Loki<\/a>&#8216; como \u00abAquel que permanece\u00bb y ya como Kang 100% en &#8216;<a href=\"https:\/\/www.espinof.com\/criticas\/ant-man-avispa-quantumania-universo-marvel-recupera-su-esencia-comiquera-divertidisima-aventura-a-weird-science-apolillada-fase-4\">Ant-Man y la Avispa: Quantuman\u00eda<\/a>&#8216; el fandom <strong>est\u00e1 pendiente de qu\u00e9 pasar\u00e1<\/strong> con el personaje.<\/p>\n<p><!-- BREAK 2 --> <\/p>\n<div class=\"article-asset article-asset-normal article-asset-center\">\n<div class=\"desvio-container\">\n<div class=\"desvio\">\n<div class=\"desvio-figure js-desvio-figure\"> <a href=\"https:\/\/www.espinof.com\/actores-y-actrices\/jonathan-majors-no-seria-primer-actor-despedido-marvel-estos-dos-interpretes-salieron-mcu-puerta-atras\"> <img alt=\"Jonathan Majors no ser\u00eda el primer actor despedido por Marvel: estas dos estrellas ya salieron del MCU por la puerta de atr\u00e1s\" src=\"http:\/\/nuevacordoba.net\/wp-content\/uploads\/2023\/04\/la-pesadilla-de-marvel-con-jonathan-majors-tiene-una-facil-solucion-usar-al-kang-adolescente-de-jovenes-vengadores.jpg\"> <\/a> <\/div><\/div><\/div>\n<\/div>\n<p>El caso Majors ha complicado sobremanera las cosas y aun despu\u00e9s de <a href=\"https:\/\/www.espinof.com\/actores-y-actrices\/jonathan-majors-abandonado-su-representante-ser-acusado-violencia-domestica-marvel-sigue-contando-para-dar-vida-a-kang-fase-5\">ser abandonado por su representante<\/a>, Marvel est\u00e1 andando con pies de plomo viendo c\u00f3mo proceder. De momento (en lo que escribo estas l\u00edneas al menos) parece que el estudio<strong> sigue contando con \u00e9l para que haga de Kang<\/strong>. Sin embargo, es la compleja l\u00ednea temporal del villano la que hace que \u00abargumentalmente\u00bb tenga sentido no contar con el actor.<\/p>\n<p><!-- BREAK 3 --><\/p>\n<h2>La v\u00eda diplom\u00e1tica con un cambio \u00abblando\u00bb de actor<\/h2>\n<div class=\"article-asset-image article-asset-large\">\n<div class=\"asset-content\">\n<div class=\"base-wrapper-image\"> <img class=\"sf-lazy \" src=\"http:\/\/nuevacordoba.net\/wp-content\/uploads\/2023\/04\/la-pesadilla-de-marvel-con-jonathan-majors-tiene-una-facil-solucion-usar-al-kang-adolescente-de-jovenes-vengadores.gif\" data-sf-srcset=\"http:\/\/nuevacordoba.net\/wp-content\/uploads\/2023\/04\/la-pesadilla-de-marvel-con-jonathan-majors-tiene-una-facil-solucion-usar-al-kang-adolescente-de-jovenes-vengadores-1.jpg 450w, http:\/\/nuevacordoba.net\/wp-content\/uploads\/2023\/04\/la-pesadilla-de-marvel-con-jonathan-majors-tiene-una-facil-solucion-usar-al-kang-adolescente-de-jovenes-vengadores-4.jpg 681w,http:\/\/nuevacordoba.net\/wp-content\/uploads\/2023\/04\/la-pesadilla-de-marvel-con-jonathan-majors-tiene-una-facil-solucion-usar-al-kang-adolescente-de-jovenes-vengadores-5.jpg 1024w, http:\/\/nuevacordoba.net\/wp-content\/uploads\/2023\/04\/la-pesadilla-de-marvel-con-jonathan-majors-tiene-una-facil-solucion-usar-al-kang-adolescente-de-jovenes-vengadores-6.jpg 1366w,\" data-sf-src=\"http:\/\/nuevacordoba.net\/wp-content\/uploads\/2023\/04\/la-pesadilla-de-marvel-con-jonathan-majors-tiene-una-facil-solucion-usar-al-kang-adolescente-de-jovenes-vengadores-1.jpg\" alt=\"Young Avengers Vol 1 Sidekicks\"> <noscript><img alt=\"Young Avengers Vol 1 Sidekicks\" class src=\"http:\/\/nuevacordoba.net\/wp-content\/uploads\/2023\/04\/la-pesadilla-de-marvel-con-jonathan-majors-tiene-una-facil-solucion-usar-al-kang-adolescente-de-jovenes-vengadores-1.jpg\"><\/noscript> <\/div><\/div>\n<\/div>\n<p>De hecho, Marvel Studios tiene una f\u00e1cil soluci\u00f3n en su mano. No usar a un Kang adulto sino a un Kang adolescente&#8230; y aqu\u00ed entrar\u00eda un supergrupo cuya mayor\u00eda de miembros ha sido introducido, de un modo o de otro, en el UCM: <strong>Los j\u00f3venes Vengadores<\/strong>.<\/p>\n<p><!-- BREAK 4 --><\/p>\n<div class=\"article-asset article-asset-normal article-asset-center\">\n<div class=\"desvio-container\">\n<div class=\"desvio\">\n<div class=\"desvio-figure js-desvio-figure\"> <a href=\"https:\/\/www.espinof.com\/otros\/ant-man-avispa-quantumania-que-ocurre-dos-escenas-post-creditos-como-allanan-camino-vengadores-the-kang-dynasty\"> <img alt=\"'Ant-Man y la Avispa: Quantuman\u00eda': qu\u00e9 ocurre en las dos escenas post-cr\u00e9ditos y c\u00f3mo allanan el camino hacia 'Vengadores: The Kang Dynasty' \" src=\"http:\/\/nuevacordoba.net\/wp-content\/uploads\/2023\/04\/la-pesadilla-de-marvel-con-jonathan-majors-tiene-una-facil-solucion-usar-al-kang-adolescente-de-jovenes-vengadores-2.jpg\"> <\/a> <\/div><\/div><\/div>\n<\/div>\n<p>Una de las mejores ideas (por no decir la mejor) que surgieron del &#8216;<strong>Vengadores: Desunidos<\/strong>&#8216;, la saga de Brian Michael Bendis que puso patas arriba el supergrupo de Marvel no vino del guionista, sino de <strong>Allan Heinberg y Jim Cheung<\/strong>. Tras la catastr\u00f3fica disoluci\u00f3n del grupo liderado por Capit\u00e1n Am\u00e9rica, Iron Man y compa\u00f1\u00eda un grupo de adolescentes y fans frikis de los superh\u00e9roes se erigir\u00edan como sus sucesores.<\/p>\n<p><!-- BREAK 5 --><\/p>\n<p>Estos ser\u00edan <strong>Wiccan, Hulkling, Patriota y Iron Lad, a los que habr\u00eda que a\u00f1adir a Estatura<\/strong> (Cassie Lang), <strong>Ojo de Halc\u00f3n<\/strong> (Kate Bishop) y <strong>Veloz<\/strong>. Pronto descubrimos que de alg\u00fan modo u otro todos tienen relaci\u00f3n con \u00ablos adultos\u00bb. Por ejemplo, Wiccan y Veloz son los presuntos hijos \u00abm\u00e1gicos\u00bb de Wanda Maximoff o Iron Lad que tiene una relaci\u00f3n con uno de los grandes villanos de Vengadores: Kang.<\/p>\n<p><!-- BREAK 6 --><\/p>\n<p>O, para ser correctos, <strong>es una versi\u00f3n adolescente de Kang<\/strong> que, horrorizado al ver en qu\u00e9 se convertir\u00e1 al ser visitado por su yo adulto decide viajar al pasado con la tecnolog\u00eda que este le ha brindado y pedir ayuda a los Vengadores. Tras ver que ya no existen, se topar\u00e1 con un programa de reclutamiento creado por Visi\u00f3n y que le permitir\u00eda crear a estos J\u00f3venes Vengadores.<\/p>\n<p><!-- BREAK 7 --><\/p>\n<p>Como veis, <strong>una opci\u00f3n bastante interesante<\/strong> no solo para proponer una excusa de cambiar el actor de Majors, al menos temporalmente, sino tambi\u00e9n para que algunos de los personajes que ya hemos visto en series y pel\u00edculas se unan para crear su propio grupo.<\/p>\n<p><!-- BREAK 8 --><\/p>\n<p>En Espinof | <a href=\"https:\/\/www.espinof.com\/listas\/marvel-que-orden-conviene-ver-todas-peliculas-superheroes-mcu\">En qu\u00e9 orden ver todas las pel\u00edculas de &#8216;Los Vengadores&#8217; en orden<\/a><\/p>\n<p><!-- BREAK 9 --> <\/p>\n","protected":false},"excerpt":{"rendered":"<p>El culebr\u00f3n en torno a Jonathan Majors no deja de crecer y crecer, y de hecho en las \u00faltimas horas se ha abierto un nuevo cap\u00edtulo. El actor se ha convertido en una gran patata caliente y todos los ojos se han puesto de repente en Marvel, debido al papel de este como Kang en [&hellip;]<\/p>\n","protected":false},"author":1,"featured_media":31698,"comment_status":"closed","ping_status":"closed","sticky":false,"template":"","format":"standard","meta":[],"categories":[6],"tags":[],"_links":{"self":[{"href":"http:\/\/nuevacordoba.net\/index.php\/wp-json\/wp\/v2\/posts\/31697"}],"collection":[{"href":"http:\/\/nuevacordoba.net\/index.php\/wp-json\/wp\/v2\/posts"}],"about":[{"href":"http:\/\/nuevacordoba.net\/index.php\/wp-json\/wp\/v2\/types\/post"}],"author":[{"embeddable":true,"href":"http:\/\/nuevacordoba.net\/index.php\/wp-json\/wp\/v2\/users\/1"}],"replies":[{"embeddable":true,"href":"http:\/\/nuevacordoba.net\/index.php\/wp-json\/wp\/v2\/comments?post=31697"}],"version-history":[{"count":0,"href":"http:\/\/nuevacordoba.net\/index.php\/wp-json\/wp\/v2\/posts\/31697\/revisions"}],"wp:featuredmedia":[{"embeddable":true,"href":"http:\/\/nuevacordoba.net\/index.php\/wp-json\/wp\/v2\/media\/31698"}],"wp:attachment":[{"href":"http:\/\/nuevacordoba.net\/index.php\/wp-json\/wp\/v2\/media?parent=31697"}],"wp:term":[{"taxonomy":"category","embeddable":true,"href":"http:\/\/nuevacordoba.net\/index.php\/wp-json\/wp\/v2\/categories?post=31697"},{"taxonomy":"post_tag","embeddable":true,"href":"http:\/\/nuevacordoba.net\/index.php\/wp-json\/wp\/v2\/tags?post=31697"}],"curies":[{"name":"wp","href":"https:\/\/api.w.org\/{rel}","templated":true}]}}