{"id":3170,"date":"2021-04-13T18:00:00","date_gmt":"2021-04-13T18:00:00","guid":{"rendered":"http:\/\/nuevacordoba.net\/index.php\/2021\/04\/13\/la-beriso-llega-al-opera-y-sigue-su-gira-nacional-por-santa-fe-tucuman-y-salta\/"},"modified":"2021-04-13T18:00:00","modified_gmt":"2021-04-13T18:00:00","slug":"la-beriso-llega-al-opera-y-sigue-su-gira-nacional-por-santa-fe-tucuman-y-salta","status":"publish","type":"post","link":"http:\/\/nuevacordoba.net\/index.php\/2021\/04\/13\/la-beriso-llega-al-opera-y-sigue-su-gira-nacional-por-santa-fe-tucuman-y-salta\/","title":{"rendered":"La Beriso llega al \u00d3pera y sigue su gira nacional por Santa Fe, Tucum\u00e1n y Salta"},"content":{"rendered":"<div class=\"image\" id=\"image\" readability=\"7\"> <img src=\"http:\/\/nuevacordoba.net\/wp-content\/uploads\/2021\/04\/la-beriso-llega-al-opera-y-sigue-su-gira-nacional-por-santa-fe-tucuman-y-salta.jpg\" alt=\"Los anticipos del nuevo disco de covers comenzar\u00e1n a sonar en las pr\u00f3ximas semanas.\" title=\"Los anticipos del nuevo disco de covers comenzar\u00e1n a sonar en las pr\u00f3ximas semanas.\"><\/p>\n<p>Los anticipos del nuevo disco de covers comenzar\u00e1n a sonar en las pr\u00f3ximas semanas.<\/p>\n<\/div>\n<p>La banda de rock La Beriso ofrecer\u00e1 desde el jueves 15 de abril una serie de <strong>cuatro shows<\/strong> en el porte\u00f1o Teatro \u00d3pera y luego continuar\u00e1 su gira nacional por Santa Fe, Tucum\u00e1n y Salta.<\/p>\n<p>Tras su paso por las localidades cordobesas de Villa Nueva, R\u00edo Cuarto y la capital provincial, el grupo comandado por el cantante Rolo Sartorio ofrecer\u00e1 una <strong>seguidilla de conciertos <\/strong>en el reducto de la avenida Corrientes los d\u00edas 15, 16, 17 y 18.<\/p>\n<p> <iframe width=\"560\" height=\"315\" src=\"https:\/\/www.youtube.com\/embed\/\/uo8qDCDZhK0?wmode=transparent&amp;showinfo=0&amp;autohide=1&amp;rel=0\" frameborder=\"0\" allowfullscreen>[embedded content]<\/iframe> <\/p>\n<p>La Beriso &#8211; Como Olvidarme<\/p>\n<p>El 23 y 24 de abril continuar\u00e1 su gira por el Anfiteatro Municipal de <strong>Rosario<\/strong> y el 8 de mayo se presentar\u00e1 en el Anfiteatro Juan de Garay, de <strong>Santa Fe<\/strong>.<\/p>\n<p>En tanto, el 18 y 19 de junio ser\u00e1 el turno del teatro Mercedes Sosa, de <strong>Tucum\u00e1n<\/strong>; mientras que el 20 actuar\u00e1 en el teatro Provincial, de <strong>Salta<\/strong>.<\/p>\n<p>Por otra parte, La Beriso tiene listo su<strong> nuevo disco<\/strong>, un \u00e1lbum de covers de autores de distintas vertientes musicales, registrado en los estudios Romaphonic, cuyos anticipos comenzar\u00e1n a sonar en las pr\u00f3ximas semanas. <\/p>\n","protected":false},"excerpt":{"rendered":"<p>Los anticipos del nuevo disco de covers comenzar\u00e1n a sonar en las pr\u00f3ximas semanas. La banda de rock La Beriso ofrecer\u00e1 desde el jueves 15 de abril una serie de cuatro shows en el porte\u00f1o Teatro \u00d3pera y luego continuar\u00e1 su gira nacional por Santa Fe, Tucum\u00e1n y Salta. Tras su paso por las localidades [&hellip;]<\/p>\n","protected":false},"author":1,"featured_media":3171,"comment_status":"closed","ping_status":"closed","sticky":false,"template":"","format":"standard","meta":[],"categories":[9],"tags":[],"_links":{"self":[{"href":"http:\/\/nuevacordoba.net\/index.php\/wp-json\/wp\/v2\/posts\/3170"}],"collection":[{"href":"http:\/\/nuevacordoba.net\/index.php\/wp-json\/wp\/v2\/posts"}],"about":[{"href":"http:\/\/nuevacordoba.net\/index.php\/wp-json\/wp\/v2\/types\/post"}],"author":[{"embeddable":true,"href":"http:\/\/nuevacordoba.net\/index.php\/wp-json\/wp\/v2\/users\/1"}],"replies":[{"embeddable":true,"href":"http:\/\/nuevacordoba.net\/index.php\/wp-json\/wp\/v2\/comments?post=3170"}],"version-history":[{"count":0,"href":"http:\/\/nuevacordoba.net\/index.php\/wp-json\/wp\/v2\/posts\/3170\/revisions"}],"wp:featuredmedia":[{"embeddable":true,"href":"http:\/\/nuevacordoba.net\/index.php\/wp-json\/wp\/v2\/media\/3171"}],"wp:attachment":[{"href":"http:\/\/nuevacordoba.net\/index.php\/wp-json\/wp\/v2\/media?parent=3170"}],"wp:term":[{"taxonomy":"category","embeddable":true,"href":"http:\/\/nuevacordoba.net\/index.php\/wp-json\/wp\/v2\/categories?post=3170"},{"taxonomy":"post_tag","embeddable":true,"href":"http:\/\/nuevacordoba.net\/index.php\/wp-json\/wp\/v2\/tags?post=3170"}],"curies":[{"name":"wp","href":"https:\/\/api.w.org\/{rel}","templated":true}]}}