{"id":31713,"date":"2023-04-25T16:22:59","date_gmt":"2023-04-25T16:22:59","guid":{"rendered":"https:\/\/www.checkinmag.com\/?p=2967"},"modified":"2023-04-25T16:22:59","modified_gmt":"2023-04-25T16:22:59","slug":"a-dias-del-48o-congreso-de-agentes-de-viajes-faevyt-en-bariloche","status":"publish","type":"post","link":"http:\/\/nuevacordoba.net\/index.php\/2023\/04\/25\/a-dias-del-48o-congreso-de-agentes-de-viajes-faevyt-en-bariloche\/","title":{"rendered":"A d\u00edas del 48\u00ba Congreso de Agentes de Viajes FAEVYT en Bariloche"},"content":{"rendered":"<p>El 4 y 5 de mayo en Bariloche, R\u00edo Negro, se llevar\u00e1 a cabo el Congreso de Agentes de Viajes que organiza la Federaci\u00f3n Argentina de Asociaciones de Empresas de&nbsp;Viajes&nbsp;y Turismo (FAEVYT).&nbsp;<br \/>&nbsp;<br \/>En su edici\u00f3n n\u00famero 48\u00b0, el encuentro m\u00e1s esperado del sector ofrecer\u00e1 novedades, innovaci\u00f3n y una mirada al futuro del turismo con el eje puesto en la profesionalizaci\u00f3n y capacitaci\u00f3n de los agentes de viajes, empresas y referentes de la industria tur\u00edstica que asistir\u00e1n desde todos los puntos del pa\u00eds.<\/p>\n<p>El programa de actividades propone dos d\u00edas intensos de Talleres tem\u00e1ticos sobre las distintas ramas del turismo; mesas de trabajo sectoriales, novedades en transporte terrestre y parques nacionales.&nbsp;El&nbsp;Congreso&nbsp;contar\u00e1, adem\u00e1s, con las conferencias<br \/>especiales que abordar\u00e1n la realidad del mercado laboral actual, la inteligencia artificial, el cambio y el liderazgo, las historias de vida como motor del crecimiento y la apreciatividad como m\u00e9todo de desarrollo. &nbsp;<\/p>\n<figure class=\"wp-block-image size-full\"><img loading=\"lazy\" width=\"600\" height=\"900\" src=\"http:\/\/nuevacordoba.net\/wp-content\/uploads\/2023\/04\/a-dias-del-48o-congreso-de-agentes-de-viajes-faevyt-en-bariloche.jpg\" alt class=\"wp-image-2968\" srcset=\"http:\/\/nuevacordoba.net\/wp-content\/uploads\/2023\/04\/a-dias-del-48o-congreso-de-agentes-de-viajes-faevyt-en-bariloche.jpg 600w, http:\/\/nuevacordoba.net\/wp-content\/uploads\/2023\/04\/a-dias-del-48o-congreso-de-agentes-de-viajes-faevyt-en-bariloche-1.jpg 200w, http:\/\/nuevacordoba.net\/wp-content\/uploads\/2023\/04\/a-dias-del-48o-congreso-de-agentes-de-viajes-faevyt-en-bariloche-2.jpg 280w\" sizes=\"(max-width: 600px) 100vw, 600px\"><\/figure>\n<p>Una vez m\u00e1s, el&nbsp;Congreso&nbsp;de&nbsp;Agentes&nbsp;de&nbsp;Viajes&nbsp;se prepara para innovar y marcar tendencia brindando toda la informaci\u00f3n y las<br \/>herramientas que las&nbsp;agencias&nbsp;necesitan para actualizarse, capacitarse y analizar nuevas posibilidades y oportunidades de<br \/>negocios.<br \/>&nbsp;<br \/>\u201cSe viene un Congreso de Agentes de Viajes que va a marcar un antes y un despu\u00e9s para el sector. Planificamos esta 48\u00b0 para<br \/>sorprender, innovar y brindar las mejores herramientas para las empresas de viajes y turismo de todo el pa\u00eds. Las conferencias<br \/>especiales, los talleres y las mesas de trabajo est\u00e1n pensadas para potenciar a quienes participen del Congreso. Bariloche es, sin dudas, el \u00e1mbito ideal para ser el anfitri\u00f3n de un encuentro intenso, que marcar\u00e1 la agenda del sector para lo que viene\u201d&nbsp;afirm\u00f3&nbsp;Andr\u00e9s Dey\u00e1, presidente de FAEVYT.<\/p>\n<p> <a href=\"https:\/\/www.faevyt.org.ar\/congreso\/\" data-type=\"URL\" data-id=\"https:\/\/www.faevyt.org.ar\/congreso\/\">https:\/\/www.faevyt.org.ar\/congreso\/<\/a><\/p>\n","protected":false},"excerpt":{"rendered":"<p>El 4 y 5 de mayo en Bariloche, R\u00edo Negro, se llevar\u00e1 a cabo el Congreso de Agentes de Viajes que organiza la Federaci\u00f3n Argentina de Asociaciones de Empresas de&nbsp;Viajes&nbsp;y Turismo (FAEVYT).&nbsp;&nbsp;En su edici\u00f3n n\u00famero 48\u00b0, el encuentro m\u00e1s esperado del sector ofrecer\u00e1 novedades, innovaci\u00f3n y una mirada al futuro del turismo con el eje [&hellip;]<\/p>\n","protected":false},"author":1,"featured_media":31714,"comment_status":"closed","ping_status":"closed","sticky":false,"template":"","format":"standard","meta":[],"categories":[11],"tags":[],"_links":{"self":[{"href":"http:\/\/nuevacordoba.net\/index.php\/wp-json\/wp\/v2\/posts\/31713"}],"collection":[{"href":"http:\/\/nuevacordoba.net\/index.php\/wp-json\/wp\/v2\/posts"}],"about":[{"href":"http:\/\/nuevacordoba.net\/index.php\/wp-json\/wp\/v2\/types\/post"}],"author":[{"embeddable":true,"href":"http:\/\/nuevacordoba.net\/index.php\/wp-json\/wp\/v2\/users\/1"}],"replies":[{"embeddable":true,"href":"http:\/\/nuevacordoba.net\/index.php\/wp-json\/wp\/v2\/comments?post=31713"}],"version-history":[{"count":0,"href":"http:\/\/nuevacordoba.net\/index.php\/wp-json\/wp\/v2\/posts\/31713\/revisions"}],"wp:featuredmedia":[{"embeddable":true,"href":"http:\/\/nuevacordoba.net\/index.php\/wp-json\/wp\/v2\/media\/31714"}],"wp:attachment":[{"href":"http:\/\/nuevacordoba.net\/index.php\/wp-json\/wp\/v2\/media?parent=31713"}],"wp:term":[{"taxonomy":"category","embeddable":true,"href":"http:\/\/nuevacordoba.net\/index.php\/wp-json\/wp\/v2\/categories?post=31713"},{"taxonomy":"post_tag","embeddable":true,"href":"http:\/\/nuevacordoba.net\/index.php\/wp-json\/wp\/v2\/tags?post=31713"}],"curies":[{"name":"wp","href":"https:\/\/api.w.org\/{rel}","templated":true}]}}