{"id":3174,"date":"2021-04-13T14:53:50","date_gmt":"2021-04-13T14:53:50","guid":{"rendered":"http:\/\/cordobanewsnet.wordpress.com\/?p=5291"},"modified":"2021-04-13T14:53:50","modified_gmt":"2021-04-13T14:53:50","slug":"asesor-del-gobierno-propone-cerrar-lugares-de-encuentro-desde-las-18-horas","status":"publish","type":"post","link":"http:\/\/nuevacordoba.net\/index.php\/2021\/04\/13\/asesor-del-gobierno-propone-cerrar-lugares-de-encuentro-desde-las-18-horas\/","title":{"rendered":"Asesor del Gobierno propone cerrar lugares de encuentro desde las 18 horas"},"content":{"rendered":"<p>El infectologo Tomas Orduna admiti\u00f3 que es dif\u00edcil pensar en un cierre total \u201cpor la situaci\u00f3n socioecon\u00f3mica\u201d, pero plante\u00f3 la posibilidad de prohibir actividades desde el final de la tarde.<\/p>\n<p>\u201c\u00bfHay posibilidades de tener que volver a fase 1? S\u00ed, hay. Veamos el modelo europeo.&nbsp;Lo que le estamos pidiendo a la sociedad es que acompa\u00f1e las restricciones que se han puesto porque de lo contrario vienen otras seguramente m\u00e1s profundas, donde tengamos por ah\u00ed que suspender todo a partir de las 6 de la tarde\u201d, explic\u00f3 en declaraciones a&nbsp;<em>El Destape Radio<\/em>.&nbsp;<\/p>\n<figure class=\"wp-block-image size-large\"><img data-attachment-id=\"5293\" data-permalink=\"https:\/\/cordobanewsnet.wordpress.com\/2021\/04\/13\/asesor-del-gobierno-propone-cerrar-lugares-de-encuentro-desde-las-18-horas\/59d9766d-5857-459e-a12a-18b7f76b813d\/\" data-orig-file=\"http:\/\/nuevacordoba.net\/wp-content\/uploads\/2021\/04\/asesor-del-gobierno-propone-cerrar-lugares-de-encuentro-desde-las-18-horas-4.jpg\" data-orig-size=\"1280,720\" data-comments-opened=\"1\" data-image-meta=\"{&quot;aperture&quot;:&quot;0&quot;,&quot;credit&quot;:&quot;&quot;,&quot;camera&quot;:&quot;&quot;,&quot;caption&quot;:&quot;&quot;,&quot;created_timestamp&quot;:&quot;0&quot;,&quot;copyright&quot;:&quot;&quot;,&quot;focal_length&quot;:&quot;0&quot;,&quot;iso&quot;:&quot;0&quot;,&quot;shutter_speed&quot;:&quot;0&quot;,&quot;title&quot;:&quot;&quot;,&quot;orientation&quot;:&quot;1&quot;}\" data-image-title=\"59D9766D-5857-459E-A12A-18B7F76B813D\" data-image-description data-medium-file=\"http:\/\/nuevacordoba.net\/wp-content\/uploads\/2021\/04\/asesor-del-gobierno-propone-cerrar-lugares-de-encuentro-desde-las-18-horas-2.jpg\" data-large-file=\"http:\/\/nuevacordoba.net\/wp-content\/uploads\/2021\/04\/asesor-del-gobierno-propone-cerrar-lugares-de-encuentro-desde-las-18-horas-4.jpg?w=736\" src=\"http:\/\/nuevacordoba.net\/wp-content\/uploads\/2021\/04\/asesor-del-gobierno-propone-cerrar-lugares-de-encuentro-desde-las-18-horas.jpg\" alt class=\"wp-image-5293\" srcset=\"http:\/\/nuevacordoba.net\/wp-content\/uploads\/2021\/04\/asesor-del-gobierno-propone-cerrar-lugares-de-encuentro-desde-las-18-horas.jpg 1024w, http:\/\/nuevacordoba.net\/wp-content\/uploads\/2021\/04\/asesor-del-gobierno-propone-cerrar-lugares-de-encuentro-desde-las-18-horas-1.jpg 150w, http:\/\/nuevacordoba.net\/wp-content\/uploads\/2021\/04\/asesor-del-gobierno-propone-cerrar-lugares-de-encuentro-desde-las-18-horas-2.jpg 300w, http:\/\/nuevacordoba.net\/wp-content\/uploads\/2021\/04\/asesor-del-gobierno-propone-cerrar-lugares-de-encuentro-desde-las-18-horas-3.jpg 768w, http:\/\/nuevacordoba.net\/wp-content\/uploads\/2021\/04\/asesor-del-gobierno-propone-cerrar-lugares-de-encuentro-desde-las-18-horas-4.jpg 1280w\" sizes=\"(max-width: 1024px) 100vw, 1024px\"><\/figure>\n<p>El especialista apel\u00f3 a la \u201cresponsabilidad social y solidaridad\u201d para frenar la curva de contagios en las pr\u00f3ximas dos semanas y evitar medidas m\u00e1s fuertes. \u201cNecesitamos mucha presencia de los municipios, de CABA\u201d, reclam\u00f3.<\/p>\n<p>\u201cSi tuviera que decidir s\u00f3lo con criterio epidemiol\u00f3gico,&nbsp;<strong>cerrar\u00eda los lugares de encuentro<\/strong>\u201c, continu\u00f3, tras lo cual puso como ejemplo los shoppings luego de un fin de semana con gran circulaci\u00f3n en los centros comerciales.<\/p>\n<p>Adem\u00e1s, Orduna tambi\u00e9n pidi\u00f3 m\u00e1s controles en el transporte p\u00fablico, uno de los principales focos de contagio en esta segunda ola: \u201cTiene que seguir habiendo mucha conciencia y mucho respeto para los que se mueven en la v\u00eda p\u00fablica\u201d, remarc\u00f3.<\/p>\n<div id=\"jp-post-flair\" class=\"sharedaddy sd-like-enabled sd-sharing-enabled\">\n<div class=\"sharedaddy sd-sharing-enabled\">\n<div class=\"robots-nocontent sd-block sd-social sd-social-icon-text sd-sharing\">\n<h3 class=\"sd-title\">Share this:<\/h3>\n<\/div>\n<\/div>\n<div class=\"sharedaddy sd-block sd-like jetpack-likes-widget-wrapper jetpack-likes-widget-unloaded\" id=\"like-post-wrapper-143108178-5291-60761c3013518\" data-src=\"\/\/widgets.wp.com\/likes\/index.html?ver=20210317#blog_id=143108178&amp;post_id=5291&amp;origin=cordobanewsnet.wordpress.com&amp;obj_id=143108178-5291-60761c3013518\" data-name=\"like-post-frame-143108178-5291-60761c3013518\">\n<h3 class=\"sd-title\">Me gusta esto:<\/h3>\n<p><span class=\"button\"><span>Me gusta<\/span><\/span> <span class=\"loading\">Cargando&#8230;<\/span><\/p>\n<p><span class=\"sd-text-color\"><\/span><\/div>\n<p><h3 class=\"jp-relatedposts-headline\"><em>Relacionado<\/em><\/h3>\n<\/p>\n<\/div>\n","protected":false},"excerpt":{"rendered":"<p>El infectologo Tomas Orduna admiti\u00f3 que es dif\u00edcil pensar en un cierre total \u201cpor la situaci\u00f3n socioecon\u00f3mica\u201d, pero plante\u00f3 la posibilidad de prohibir actividades desde el final de la tarde. \u201c\u00bfHay posibilidades de tener que volver a fase 1? S\u00ed, hay. Veamos el modelo europeo.&nbsp;Lo que le estamos pidiendo a la sociedad es que acompa\u00f1e [&hellip;]<\/p>\n","protected":false},"author":1,"featured_media":3175,"comment_status":"closed","ping_status":"closed","sticky":false,"template":"","format":"standard","meta":[],"categories":[14],"tags":[],"_links":{"self":[{"href":"http:\/\/nuevacordoba.net\/index.php\/wp-json\/wp\/v2\/posts\/3174"}],"collection":[{"href":"http:\/\/nuevacordoba.net\/index.php\/wp-json\/wp\/v2\/posts"}],"about":[{"href":"http:\/\/nuevacordoba.net\/index.php\/wp-json\/wp\/v2\/types\/post"}],"author":[{"embeddable":true,"href":"http:\/\/nuevacordoba.net\/index.php\/wp-json\/wp\/v2\/users\/1"}],"replies":[{"embeddable":true,"href":"http:\/\/nuevacordoba.net\/index.php\/wp-json\/wp\/v2\/comments?post=3174"}],"version-history":[{"count":0,"href":"http:\/\/nuevacordoba.net\/index.php\/wp-json\/wp\/v2\/posts\/3174\/revisions"}],"wp:featuredmedia":[{"embeddable":true,"href":"http:\/\/nuevacordoba.net\/index.php\/wp-json\/wp\/v2\/media\/3175"}],"wp:attachment":[{"href":"http:\/\/nuevacordoba.net\/index.php\/wp-json\/wp\/v2\/media?parent=3174"}],"wp:term":[{"taxonomy":"category","embeddable":true,"href":"http:\/\/nuevacordoba.net\/index.php\/wp-json\/wp\/v2\/categories?post=3174"},{"taxonomy":"post_tag","embeddable":true,"href":"http:\/\/nuevacordoba.net\/index.php\/wp-json\/wp\/v2\/tags?post=3174"}],"curies":[{"name":"wp","href":"https:\/\/api.w.org\/{rel}","templated":true}]}}