{"id":31770,"date":"2023-05-01T15:26:21","date_gmt":"2023-05-01T15:26:21","guid":{"rendered":"http:\/\/nuevacordoba.net\/index.php\/2023\/05\/01\/aerosmith-anuncio-su-gira-despedida\/"},"modified":"2023-05-01T15:26:21","modified_gmt":"2023-05-01T15:26:21","slug":"aerosmith-anuncio-su-gira-despedida","status":"publish","type":"post","link":"http:\/\/nuevacordoba.net\/index.php\/2023\/05\/01\/aerosmith-anuncio-su-gira-despedida\/","title":{"rendered":"Aerosmith anunci\u00f3 su gira despedida"},"content":{"rendered":"<figure class=\"mb-3\"><img loading=\"lazy\" data-src=\"http:\/\/nuevacordoba.net\/wp-content\/uploads\/2023\/05\/aerosmith-anuncio-su-gira-despedida.jpg\" src=\"https:\/\/www.telam.com.ar\/assets\/img\/not_image.png\" class=\" lazy \" width=\"100%\" height=\"100%\" alt=\"Foto prensa\"><figcaption> Foto: prensa <\/figcaption><\/figure>\n<p>Tras cincuenta a\u00f1os de actividad, la banda norteamericana Aerosmith anunci\u00f3 una gira despedida por Estados Unidos y Canad\u00e1 con 40 fechas que comenzar\u00e1 el pr\u00f3ximo 2 de septiembre en Filadelfia.<\/p>\n<p><strong>La banda dio a conocer la noticia a trav\u00e9s de su p\u00e1gina oficial con un video en el que simulan el caos que produce el rumor de la despedida<\/strong>, hasta que la banda (que <a href=\"https:\/\/www.telam.com.ar\/http:\/\/bit.ly\/295grb3\" target=\"_blank\" rel=\"noopener\">ya hab\u00eda anunciado su retiro en 2017<\/a>) confirma la informaci\u00f3n.<\/p>\n<div class=\"video_repositive\"> <a class=\"video_sticky\" href=\"javascript:void();\" onclick=\"removeStuckVideo(true);\"><i class=\"far fa-window-close\"><\/i><\/a> <\/p>\n<div id=\"K35SguE651A\" class=\"video_telam\" readability=\"6\">\n<div class=\"feature_article_inner\" readability=\"32\">\n<p><h2 class=\"text-center\">Aerosmith se despide de una forma muy original. <\/h2>\n<\/p><\/div>\n<p>VER VIDEO <i class=\"fas fa-play\"><\/i><\/p>\n<\/p><\/div><\/div>\n<p>\u00abDespu\u00e9s de 50 a\u00f1os, 10 giras mundiales y tocar para m\u00e1s de 100 millones de fan\u00e1ticos, es hora de un \u00faltimo intento\u00bb, dice la cuenta oficial de Twitter de la banda liderada por Steven Tyler junto a un flyer que contiene las fechas de la gira que terminar\u00e1 el 26 de enero en Montreal.<\/p>\n<blockquote class=\"twitter-tweet\" readability=\"7.2602739726027\">\n<p lang=\"en\" dir=\"ltr\">PEACE OUT! After 50 years, 10 world tours, and playing for over 100 million fans&#8230; It&#8217;s time for one last go!<\/p>\n<p>For more info visit: <a href=\"https:\/\/t.co\/rsuutHrYmY\">https:\/\/t.co\/rsuutHrYmY<\/a> <a href=\"https:\/\/t.co\/8HkmrQlIrn\">pic.twitter.com\/8HkmrQlIrn<\/a><\/p>\n<p>\u2014 Aerosmith (@Aerosmith) <a href=\"https:\/\/twitter.com\/Aerosmith\/status\/1653025520060121088?ref_src=twsrc%5Etfw\">May 1, 2023<\/a><\/p><\/blockquote>\n<p>El concierto en Boston, la ciudad natal de la banda, est\u00e1 programado para la v\u00edspera de A\u00f1o Nuevo.<\/p>\n<p>La banda norteamericana The Black Crowes abrir\u00e1 cada funci\u00f3n de la gira producida por Live Nation. Las entradas para los shows saldr\u00e1n a la venta el pr\u00f3ximo viernes por la ma\u00f1ana.<\/p>\n<figure class=\"mb-3\"><img loading=\"lazy\" data-src=\"http:\/\/nuevacordoba.net\/wp-content\/uploads\/2023\/05\/aerosmith-anuncio-su-gira-despedida-1.jpg\" src=\"https:\/\/www.telam.com.ar\/assets\/img\/not_image.png\" class=\" lazy \" width=\"100%\" height=\"100%\" alt=\"Foto AFP\"><figcaption> Foto: AFP <\/figcaption><\/figure>\n<p>Emblema del rock norteamericano y art\u00edfice de numerosos hits, Aerosmith fue formada en Boston en 1970. Sus miembros son Steven Tyler, Joe Perry, Tom Hamilton, Joey Kramer y Brad Whitford. Seg\u00fan el sitio especializado Variety, Kramer no formar\u00e1 parte de esta gira para \u00abcentrar toda su atenci\u00f3n en su familia y su salud\u00bb.<\/p>\n<p>El anuncio de la despedida ocurre luego de que <a href=\"https:\/\/www.telam.com.ar\/notas\/202212\/615832-aerosmith-steven-tyler-abuso-sexual.html\" target=\"_blank\" rel=\"noopener\">Steven Tyler enfrentara una demanda por abuso sexual de una menor ocurrido a mediados de la d\u00e9cada del 70<\/a>. El m\u00fasico neg\u00f3 las acusaciones. <\/p>\n","protected":false},"excerpt":{"rendered":"<p>Foto: prensa Tras cincuenta a\u00f1os de actividad, la banda norteamericana Aerosmith anunci\u00f3 una gira despedida por Estados Unidos y Canad\u00e1 con 40 fechas que comenzar\u00e1 el pr\u00f3ximo 2 de septiembre en Filadelfia. La banda dio a conocer la noticia a trav\u00e9s de su p\u00e1gina oficial con un video en el que simulan el caos que [&hellip;]<\/p>\n","protected":false},"author":1,"featured_media":31771,"comment_status":"closed","ping_status":"closed","sticky":false,"template":"","format":"standard","meta":[],"categories":[9],"tags":[],"_links":{"self":[{"href":"http:\/\/nuevacordoba.net\/index.php\/wp-json\/wp\/v2\/posts\/31770"}],"collection":[{"href":"http:\/\/nuevacordoba.net\/index.php\/wp-json\/wp\/v2\/posts"}],"about":[{"href":"http:\/\/nuevacordoba.net\/index.php\/wp-json\/wp\/v2\/types\/post"}],"author":[{"embeddable":true,"href":"http:\/\/nuevacordoba.net\/index.php\/wp-json\/wp\/v2\/users\/1"}],"replies":[{"embeddable":true,"href":"http:\/\/nuevacordoba.net\/index.php\/wp-json\/wp\/v2\/comments?post=31770"}],"version-history":[{"count":0,"href":"http:\/\/nuevacordoba.net\/index.php\/wp-json\/wp\/v2\/posts\/31770\/revisions"}],"wp:featuredmedia":[{"embeddable":true,"href":"http:\/\/nuevacordoba.net\/index.php\/wp-json\/wp\/v2\/media\/31771"}],"wp:attachment":[{"href":"http:\/\/nuevacordoba.net\/index.php\/wp-json\/wp\/v2\/media?parent=31770"}],"wp:term":[{"taxonomy":"category","embeddable":true,"href":"http:\/\/nuevacordoba.net\/index.php\/wp-json\/wp\/v2\/categories?post=31770"},{"taxonomy":"post_tag","embeddable":true,"href":"http:\/\/nuevacordoba.net\/index.php\/wp-json\/wp\/v2\/tags?post=31770"}],"curies":[{"name":"wp","href":"https:\/\/api.w.org\/{rel}","templated":true}]}}