{"id":31774,"date":"2023-05-01T16:36:07","date_gmt":"2023-05-01T16:36:07","guid":{"rendered":"http:\/\/nuevacordoba.net\/index.php\/2023\/05\/01\/francia-incidentes-y-detenciones-en-las-marchas-contra-la-reforma-jubilatoria\/"},"modified":"2023-05-01T16:36:07","modified_gmt":"2023-05-01T16:36:07","slug":"francia-incidentes-y-detenciones-en-las-marchas-contra-la-reforma-jubilatoria","status":"publish","type":"post","link":"http:\/\/nuevacordoba.net\/index.php\/2023\/05\/01\/francia-incidentes-y-detenciones-en-las-marchas-contra-la-reforma-jubilatoria\/","title":{"rendered":"Francia: incidentes y detenciones en las marchas contra la reforma jubilatoria"},"content":{"rendered":"<figure class=\"mb-3\"><img loading=\"lazy\" data-src=\"http:\/\/nuevacordoba.net\/wp-content\/uploads\/2023\/05\/francia-incidentes-y-detenciones-en-las-marchas-contra-la-reforma-jubilatoria.jpg\" src=\"https:\/\/www.telam.com.ar\/assets\/img\/not_image.png\" class=\" lazy \" width=\"100%\" height=\"100%\" alt=\"Foto AFP\"><figcaption> Foto: AFP <\/figcaption><\/figure>\n<p><strong>Cientos de miles de personas tomaron este lunes las calles de ciudades de Francia para exigir la derogaci\u00f3n de la reforma jubilatoria <\/strong>y conmemorar el D\u00eda Internacional de los Trabajadores, y m\u00e1s de 70 manifestantes fueron detenidos en incidentes en Par\u00eds y otras ciudades.<\/p>\n<p>El sindicato CGT dijo que m\u00e1s de 2,3 millones de personas participaron de m\u00e1s de 300 marchas en toda Francia para reclamar que no se eleve la edad jubilatoria de 62 a 64 a\u00f1os, una medida que ya fue adoptada por decreto por el presidente Emmanuel Macron pese a meses de protestas.<\/p>\n<p><strong>La CGT dijo que solo en Par\u00eds, donde se realiz\u00f3 la protesta m\u00e1s grande, hubo 550.000 trabajadores en las calles.<\/strong><\/p>\n<p>Aunque las manifestaciones fueron mayormente pac\u00edficas, la Polic\u00eda francesa se enfrent\u00f3 a manifestantes en varias ocasiones a los largo de la jornada en Par\u00eds, Nantes y Lyon.<\/p>\n<p><strong>En Par\u00eds, manifestantes arrojaron objetos contundentes a la Polic\u00eda,<\/strong> que respondi\u00f3 con gases y algunas cargas sobre la multitud, seg\u00fan im\u00e1genes de canales de televisi\u00f3n locales.<\/p>\n<p>Al menos<strong> 63 manifestantes fueron detenidos en la capital<\/strong>, dijo la Polic\u00eda a media tarde.<\/p>\n<p>En <strong>Nantes<\/strong>, en el oeste de Francia,<strong> la represi\u00f3n policial se desat\u00f3 poco despu\u00e9s del inicio del desfile del 1 de mayo, que reuni\u00f3 a 17.500 personas seg\u00fan la polic\u00eda y unas 80.000 seg\u00fan la CGT.<\/strong><\/p>\n<p>La Polic\u00eda dijo que arrest\u00f3 a 22 manifestantes en Nantes por protagonizar desmanes.<\/p>\n<p>Laurent Berger, l\u00edder del sindicato franc\u00e9s CFDT, dijo a radio France Info que esperaba una jornada \u00abhist\u00f3rica\u00bb, con todos los sindicatos unidos por primera vez desde 2009.<\/p>\n<p>\u00abEste 1 de mayo tambi\u00e9n sirve para decir que queremos que se pongan en la agenda nuestras aspiraciones: alzas salariales, igualdad entre mujeres y hombres, mejora de las condiciones laborales y considerar los temas ambientales\u00bb, dijo su par de la CGT, Binet, a France 2.<\/p>\n<h2 class>Las protestas<\/h2>\n<p> En Par\u00eds, <strong>la Polic\u00eda despleg\u00f3 a m\u00e1s de 5.000 agentes antidisturbios<\/strong>, pero no pudieron evitar que manifestantes lanzaran pintura contra la fachada del hotel Ritz y del Ministerio de Justicia en la plaza Vendome del centro de la ciudad, inform\u00f3 la agencia de noticias AFP.<\/p>\n<figure class=\"mb-3\"><img loading=\"lazy\" data-src=\"http:\/\/nuevacordoba.net\/wp-content\/uploads\/2023\/05\/francia-incidentes-y-detenciones-en-las-marchas-contra-la-reforma-jubilatoria-1.jpg\" src=\"https:\/\/www.telam.com.ar\/assets\/img\/not_image.png\" class=\" lazy \" width=\"100%\" height=\"100%\" alt=\"Foto AFP\"><figcaption> Foto: AFP <\/figcaption><\/figure>\n<p>La acci\u00f3n, reivindicada por los activistas del grupo \u00daltima Renovaci\u00f3n, buscaba protestar \u00abcontra los ricos y en solidaridad con los trabajadores\u00bb, seg\u00fan explic\u00f3 el colectivo.<\/p>\n<p>Otras protestas contra la reforma jubilatoria tuvieron lugar a lo largo del fin de semana y provocaron incluso interrupciones y cortes en el tr\u00e1fico a\u00e9reo del pa\u00eds, con cerca del 30% de vuelos cancelados.<\/p>\n<p><strong>Los sindicatos en Francia est\u00e1n decididos a continuar la lucha contra una reforma \u00abinjusta\u00bb<\/strong> que consideran que castiga a las mujeres que interrumpieron su carrera para cuidar de los hijos, y para quienes empezaron a trabajar muy j\u00f3venes.<\/p>\n<blockquote class=\"twitter-tweet\" readability=\"3.7458563535912\">\n<p lang=\"es\" dir=\"ltr\">Reprimieron las masivas marchas del <a href=\"https:\/\/twitter.com\/hashtag\/1deMayo?src=hash&amp;ref_src=twsrc%5Etfw\">#1deMayo<\/a> en Francia contra la reforma jubilatoria<a href=\"https:\/\/t.co\/QISAFOCSNV\">https:\/\/t.co\/QISAFOCSNV<\/a> <a href=\"https:\/\/t.co\/44ACU0PefQ\">pic.twitter.com\/44ACU0PefQ<\/a><\/p>\n<p>\u2014 Agencia T\u00e9lam (@AgenciaTelam) <a href=\"https:\/\/twitter.com\/AgenciaTelam\/status\/1653069266118402048?ref_src=twsrc%5Etfw\">May 1, 2023<\/a><\/p><\/blockquote>\n<p>Sus miradas est\u00e1n puestas en el Consejo Constitucional que el mi\u00e9rcoles debe decidir si valida un pedido de la oposici\u00f3n de izquierda para organizar un refer\u00e9ndum que limite la edad de jubilaci\u00f3n a 62 a\u00f1os.<\/p>\n<p><strong>El organismo ya rechaz\u00f3 una primera propuesta similar.<\/strong><\/p>\n<p>Macron, que defiende la reforma como una manera de evitar un futuro d\u00e9ficit en la caja de las pensiones, busca por su parte relanzar su segundo mandato hasta 2027. Pero en sus visitas por Francia no deja de tener abucheos.<\/p>\n<p>Uno de los puntos de su hoja de ruta para superar la crisis social actual es negociar una mejora de las condiciones laborales y, en este sentido, su primera ministra, \u00c9lisabeth Borne, quiere reunirse con los sindicatos en los pr\u00f3ximos d\u00edas.<\/p>\n<p><strong>Pero estos encuentros podr\u00edan quebrar la unidad sindical.<\/strong><\/p>\n<p>Berger, del sindicato moderado CFDT, dijo que acudir\u00eda a la cita si se le invita, mientras que Binet, de l\u00ednea m\u00e1s dura, subray\u00f3 que lo decidir\u00e1n \u00abjuntos\u00bb ma\u00f1ana por la ma\u00f1ana.<\/p>\n","protected":false},"excerpt":{"rendered":"<p>Foto: AFP Cientos de miles de personas tomaron este lunes las calles de ciudades de Francia para exigir la derogaci\u00f3n de la reforma jubilatoria y conmemorar el D\u00eda Internacional de los Trabajadores, y m\u00e1s de 70 manifestantes fueron detenidos en incidentes en Par\u00eds y otras ciudades. El sindicato CGT dijo que m\u00e1s de 2,3 millones [&hellip;]<\/p>\n","protected":false},"author":1,"featured_media":31775,"comment_status":"closed","ping_status":"closed","sticky":false,"template":"","format":"standard","meta":[],"categories":[13],"tags":[],"_links":{"self":[{"href":"http:\/\/nuevacordoba.net\/index.php\/wp-json\/wp\/v2\/posts\/31774"}],"collection":[{"href":"http:\/\/nuevacordoba.net\/index.php\/wp-json\/wp\/v2\/posts"}],"about":[{"href":"http:\/\/nuevacordoba.net\/index.php\/wp-json\/wp\/v2\/types\/post"}],"author":[{"embeddable":true,"href":"http:\/\/nuevacordoba.net\/index.php\/wp-json\/wp\/v2\/users\/1"}],"replies":[{"embeddable":true,"href":"http:\/\/nuevacordoba.net\/index.php\/wp-json\/wp\/v2\/comments?post=31774"}],"version-history":[{"count":0,"href":"http:\/\/nuevacordoba.net\/index.php\/wp-json\/wp\/v2\/posts\/31774\/revisions"}],"wp:featuredmedia":[{"embeddable":true,"href":"http:\/\/nuevacordoba.net\/index.php\/wp-json\/wp\/v2\/media\/31775"}],"wp:attachment":[{"href":"http:\/\/nuevacordoba.net\/index.php\/wp-json\/wp\/v2\/media?parent=31774"}],"wp:term":[{"taxonomy":"category","embeddable":true,"href":"http:\/\/nuevacordoba.net\/index.php\/wp-json\/wp\/v2\/categories?post=31774"},{"taxonomy":"post_tag","embeddable":true,"href":"http:\/\/nuevacordoba.net\/index.php\/wp-json\/wp\/v2\/tags?post=31774"}],"curies":[{"name":"wp","href":"https:\/\/api.w.org\/{rel}","templated":true}]}}