{"id":31780,"date":"2023-04-28T15:45:38","date_gmt":"2023-04-28T15:45:38","guid":{"rendered":"https:\/\/cordoba.gob.ar\/?p=43807"},"modified":"2023-04-28T15:45:38","modified_gmt":"2023-04-28T15:45:38","slug":"el-programa-vida-llego-a-la-escuela-municipal-alfredo-orgaz","status":"publish","type":"post","link":"http:\/\/nuevacordoba.net\/index.php\/2023\/04\/28\/el-programa-vida-llego-a-la-escuela-municipal-alfredo-orgaz\/","title":{"rendered":"El programa \u201cVIDA\u201d lleg\u00f3 a la Escuela Municipal Alfredo Orgaz"},"content":{"rendered":"<div><img src=\"http:\/\/nuevacordoba.net\/wp-content\/uploads\/2023\/05\/el-programa-vida-llego-a-la-escuela-municipal-alfredo-orgaz.jpg\" class=\"ff-og-image-inserted\"><\/div>\n<ul>\n<li><strong>La propuesta tiene por objetivo reunir a vecinos de la comunidad educativa para mejorar el edificio escolar y disfrutar de una jornada con actividades recreativas.<\/strong><\/li>\n<\/ul>\n<hr>\n<p>La Municipalidad de C\u00f3rdoba realiz\u00f3 una nueva jornada del \u201cPrograma Vida\u201d en la Escuela Municipal Alfredo Orgaz de B\u00b0 San Jorge II.<\/p>\n<p>Esta iniciativa tiene como finalidad reunir a los vecinos de la comunidad educativa para mejorar el edificio escolar y disfrutar de una jornada con actividades recreativas.<\/p>\n<p>La jornada cont\u00f3 con la participaci\u00f3n de la Secretar\u00eda de Educaci\u00f3n, Secretar\u00eda de Gesti\u00f3n y Sostenibilidad Ambiental, Secretar\u00eda de Participaci\u00f3n Ciudadana y Ente C\u00f3rdoba Obras y Servicios (COyS).<\/p>\n<p>En esta oportunidad se colocaron bancos, mesas, juegos de plaza, plantas y flores. Por otra parte, se realizaron refacciones edilicias, renovaci\u00f3n del sistema de iluminaci\u00f3n y trabajos de pintura.<\/p>\n<p>La ocasi\u00f3n fue propicia para la elaboraci\u00f3n de 3 murales, como as\u00ed tambi\u00e9n para disfrutar de postas de trabajos y un show art\u00edstico-<br \/>cultural en familia.<\/p>\n<p>El Secretario de Educaci\u00f3n, Horacio Ferreyra, expres\u00f3: \u201c<em>La iniciativa concreta llevada a cabo en la escuela Dr. Alfredo Orgaz fue poner en valor el establecimiento, invitando a la comunidad a participar de la mejora edilicia. En otro sentido, nos interesa mucho visibilizar la importancia que tiene la escuela en el territorio, para que los estudiantes y familias valoren la importancia de estudiar de transitar la <\/em><em>educaci\u00f3n obligatoria\u201d.<\/em><\/p>\n<p><em>\u201cGracias a esta jornada se ha podido mostrar a vecinas y vecinos que nuestro establecimiento se halla en muy buenas condiciones, con docentes comprometidos y preparados, proyect\u00e1ndose como un espacio abierto que brinda educaci\u00f3n de calidad a los ni\u00f1os de la zona. Queremos que cada vez sean m\u00e1s los que busquen sumarse a nuestra propuesta<\/em>\u201d, expres\u00f3 la vicedirectora de la escuela.<\/p>\n","protected":false},"excerpt":{"rendered":"<p>La propuesta tiene por objetivo reunir a vecinos de la comunidad educativa para mejorar el edificio escolar y disfrutar de una jornada con actividades recreativas. La Municipalidad de C\u00f3rdoba realiz\u00f3 una nueva jornada del \u201cPrograma Vida\u201d en la Escuela Municipal Alfredo Orgaz de B\u00b0 San Jorge II. Esta iniciativa tiene como finalidad reunir a los [&hellip;]<\/p>\n","protected":false},"author":1,"featured_media":31781,"comment_status":"closed","ping_status":"closed","sticky":false,"template":"","format":"standard","meta":[],"categories":[14],"tags":[],"_links":{"self":[{"href":"http:\/\/nuevacordoba.net\/index.php\/wp-json\/wp\/v2\/posts\/31780"}],"collection":[{"href":"http:\/\/nuevacordoba.net\/index.php\/wp-json\/wp\/v2\/posts"}],"about":[{"href":"http:\/\/nuevacordoba.net\/index.php\/wp-json\/wp\/v2\/types\/post"}],"author":[{"embeddable":true,"href":"http:\/\/nuevacordoba.net\/index.php\/wp-json\/wp\/v2\/users\/1"}],"replies":[{"embeddable":true,"href":"http:\/\/nuevacordoba.net\/index.php\/wp-json\/wp\/v2\/comments?post=31780"}],"version-history":[{"count":0,"href":"http:\/\/nuevacordoba.net\/index.php\/wp-json\/wp\/v2\/posts\/31780\/revisions"}],"wp:featuredmedia":[{"embeddable":true,"href":"http:\/\/nuevacordoba.net\/index.php\/wp-json\/wp\/v2\/media\/31781"}],"wp:attachment":[{"href":"http:\/\/nuevacordoba.net\/index.php\/wp-json\/wp\/v2\/media?parent=31780"}],"wp:term":[{"taxonomy":"category","embeddable":true,"href":"http:\/\/nuevacordoba.net\/index.php\/wp-json\/wp\/v2\/categories?post=31780"},{"taxonomy":"post_tag","embeddable":true,"href":"http:\/\/nuevacordoba.net\/index.php\/wp-json\/wp\/v2\/tags?post=31780"}],"curies":[{"name":"wp","href":"https:\/\/api.w.org\/{rel}","templated":true}]}}