{"id":31802,"date":"2023-05-02T13:47:23","date_gmt":"2023-05-02T13:47:23","guid":{"rendered":"http:\/\/nuevacordoba.net\/index.php\/2023\/05\/02\/el-documental-que-revela-el-robo-de-bebes-en-espana-tragica-herencia-del-franquismo\/"},"modified":"2023-05-02T13:47:23","modified_gmt":"2023-05-02T13:47:23","slug":"el-documental-que-revela-el-robo-de-bebes-en-espana-tragica-herencia-del-franquismo","status":"publish","type":"post","link":"http:\/\/nuevacordoba.net\/index.php\/2023\/05\/02\/el-documental-que-revela-el-robo-de-bebes-en-espana-tragica-herencia-del-franquismo\/","title":{"rendered":"El documental que revela el robo de beb\u00e9s en Espa\u00f1a, tr\u00e1gica herencia del franquismo"},"content":{"rendered":"<figure class=\"mb-3\"><img loading=\"lazy\" data-src=\"http:\/\/nuevacordoba.net\/wp-content\/uploads\/2023\/05\/el-documental-que-revela-el-robo-de-bebes-en-espana-tragica-herencia-del-franquismo.jpg\" src=\"https:\/\/www.telam.com.ar\/assets\/img\/not_image.png\" class=\" lazy \" width=\"100%\" height=\"100%\" alt=\"Cmo decirte que te quiero tendr su estreno mundial Cine Gaumont\"><figcaption> \u00abC\u00f3mo decirte que te quiero\u00bb tendr\u00e1 su estreno mundial Cine Gaumont. <\/figcaption><\/figure>\n<p>\u201cC\u00f3mo Decirte Que Te Quiero\u201d, revelador y escalofriante documental de Matilde Michanie basado en la investigaci\u00f3n de la argentina Carolina Escudero sobre la apropiaci\u00f3n de beb\u00e9s, durante y despu\u00e9s de la dictadura de Francisco Franco en Espa\u00f1a, tendr\u00e1 su estreno mundial el pr\u00f3ximo jueves el porte\u00f1o Cine Gaumont.<\/p>\n<p>\u201c<strong>Ya radicada en Barcelona, donde vivo desde 2015, me quedo muy sorprendida, pero tambi\u00e9n horrorizada con relatos sobre la apropiaci\u00f3n de beb\u00e9s que comenzaron con el r\u00e9gimen franquista pero que se extendieron hasta bien empezada la democracia<\/strong>, hacia finales de 1999, y eso me moviliz\u00f3 much\u00edsimo y ya no pude hacer decir \u2018bueno, me enter\u00e9 de esto y sigo con mi vida\u2019\u201d, relata Escudero a T\u00e9lam.<\/p>\n<p>Licenciada en periodismo, investigadora cient\u00edfica y doctora en psicolog\u00eda social,<strong> Escudero se involucr\u00f3 desde 2016 con el grupo S.O.S. Beb\u00e9s Robados Catalu\u00f1a para acompa\u00f1ar y hacer visible una lucha por llegar a la verdad y conseguir justicia<\/strong>.<\/p>\n<p>El documental de Michaine que <strong>tendr\u00e1 su primera proyecci\u00f3n p\u00fablica el jueves venidero desde las 17.50 en una de las salas del complejo que el Instituto Nacional de Cine y Artes Audiovisuales posee en Av. Rivadavia 1635<\/strong>, retrata el trabajo de Escudero y<strong> les da voz a las v\u00edctimas de ese horror<\/strong>.<\/p>\n<p>Adem\u00e1s y tras la proyecci\u00f3n, la investigadora hablar\u00e1 de los alcances de este trabajo a partir de crear un teor\u00eda de reparaci\u00f3n que une la psicolog\u00eda con herramientas digitales.<\/p>\n<blockquote class><p>La investigadora hablar\u00e1 de los alcances de este trabajo a partir de crear un teor\u00eda de reparaci\u00f3n que une la psicolog\u00eda con herramientas digitales<\/p><\/blockquote>\n<p>Carolina Escudero, la periodista argentina que hizo la investigaci\u00f3n en la que se basa el documental de Matilde Michanie sobre la apropiaci\u00f3n de beb\u00e9s, durante y despu\u00e9s de la dictadura de Francisco Franco en Espa\u00f1a dialog\u00f3 con T\u00e9lam habl\u00f3 de la aberrante pr\u00e1ctica sistematizada que oper\u00f3 en Espa\u00f1a y en la \u00faltima dictadura militar argentina.<\/p>\n<p>En este breve regreso al pa\u00eds, Escudero tambi\u00e9n disertar\u00e1 en la Universidad Nacional de Entre R\u00edos y dar\u00e1 un seminario en el doctorado de comunicaci\u00f3n de la Universidad Cat\u00f3lica Argentina.<\/p>\n<p><strong>Nacida en 1977 en Buenos Aires, obtuvo su posdoctorado y doctorado en Psicolog\u00eda Social<\/strong> (Universidad JFK, Argentina); la Maestr\u00eda en la Diferencia Sexual (Universidad de Barcelona Espa\u00f1a) y la Licenciatura en Periodismo (Universidad Robert Schuman, Francia).<br \/>Como impulsora de la campa\u00f1a \u00abTe Estamos Buscando\u00bb (TEB) recibi\u00f3 subvenciones de parte de Global Programs, School of Journalism y la beca Gender a creativity del Women and Gender Studies, ambas de la Universidad de Missouri y present\u00f3 los resultados de este trabajo en m\u00e1s de 30 congresos internacionales donde se analiza este truculento episodio iniciado en tiempos del franquismo.<\/p>\n<p>La dictadura franquista instaurada en 1936 tras la Guerra Civil Espa\u00f1ola y la derrota de la Rep\u00fablica y extendida hasta 1975, tuvo en el m\u00e9dico <strong>Antonio Vallejo-N\u00e1jera, jefe de los servicios psiqui\u00e1tricos militares, al impulsor de una tesis basada en la creencia de que exist\u00eda un \u201cgen rojo\u201d que conduc\u00eda a la perversi\u00f3n moral, sexual e ideol\u00f3gica y que oper\u00f3 como justificaci\u00f3n para arrebatarle beb\u00e9s a las prisioneras republicanas<\/strong>.<\/p>\n<p>Sin embargo, terminada la disputa ideol\u00f3gica y ca\u00edda tanto la dictadura como esa perversa e infundada teor\u00eda, aquella pr\u00e1ctica se extendi\u00f3 casi un cuarto de siglo m\u00e1s.<\/p>\n<blockquote class><p>Terminada la disputa ideol\u00f3gica y ca\u00edda tanto la dictadura como esa perversa e infundada teor\u00eda, aquella pr\u00e1ctica se extendi\u00f3 casi un cuarto de siglo m\u00e1s<\/p><\/blockquote>\n<p>\u201c<strong>Aquello que estuvo muy naturalizado durante el franquismo, a partir de los a\u00f1os 60 se sigui\u00f3 haciendo<\/strong>, pero ya el target, el foco, no estuvo puesto en estas madres rojas o militantes, sino en j\u00f3venes a las que se le pod\u00eda quitar ese beb\u00e9<strong> a partir de un dispositivo de manipulaci\u00f3n psicol\u00f3gica ejercido por m\u00e9dicos, enfermeras y personal eclesi\u00e1stico que estaba muy presente en las cl\u00ednicas y hospitales<\/strong>\u201d, detalla Escudero.<\/p>\n<p>El procedimiento, agrega la periodista, \u201cfue acompa\u00f1ado tambi\u00e9n por medicaci\u00f3n que dejaba paralizadas a las madres durante tres meses o dependiendo de cada caso\u201d.<\/p>\n<p><strong>Anadir, una Asociaci\u00f3n Nacional de Afectados Por Adopciones Irregulares que fundaron dos j\u00f3venes robados, arriesga que de aquella etapa del franquismo a los primeros 21 a\u00f1os del sistema democr\u00e1tico, se apropiaron de unos 300.000 beb\u00e9s que no solamente fueron adoptados irregularmente dentro del pa\u00eds sino tambi\u00e9n fronteras afuera<\/strong> y, especifica Escudero, \u201cpor ello en esos a\u00f1os Espa\u00f1a va a ser considerada como el mercado de los beb\u00e9s\u201d.<\/p>\n<p><strong>La aberrante metodolog\u00eda se detuvo a partir de una nueva ley de adopci\u00f3n pero reci\u00e9n se hizo p\u00fablica hacia 2010 \u201ca trav\u00e9s de un programa donde se entrevistaba a madres <\/strong>que contaron \u2018me dijeron que mi beb\u00e9 hab\u00eda muerto, me anestesiaron y cuando despert\u00e9 no estaba el beb\u00e9 pero no me lo mostraron o me trajeron un beb\u00e9 y estaba muy fr\u00edo\u2019 y eso hizo que el id\u00e9ntico procedimiento quedar\u00e1 develado y se armaran movimientos de base de organizaciones de beb\u00e9s robados que est\u00e1n presentes en toda Espa\u00f1a\u201d, repasa Escudero.<\/p>\n<p>Ella misma alberg\u00f3 en su oficina de la universidad a integrantes de S.O.S. Beb\u00e9s Robados Catalu\u00f1a en una experiencia que impuls\u00f3 la campa\u00f1a \u00abTEB\u00bb que se narra en \u201cC\u00f3mo Decirte Que Te Quiero\u201d para volver a abordar un drama de la Espa\u00f1a contempor\u00e1nea.<\/p>\n<p><strong>T\u00e9lam: \u00bfC\u00f3mo fue posible que esa l\u00f3gica franquista pudiera seguir funcionando?<\/strong><br \/>Carolina Escudero: Fue posible, por ejemplo, por la puesta en marcha de la Ley de la Transici\u00f3n de 1977 que impone esta idea de que lo que sucedi\u00f3 durante el franquismo no se juzga y no volvemos atr\u00e1s y ah\u00ed ya ten\u00e9s una barrera incre\u00edble. Y no es solamente una ley que dice \u201cno volvemos atr\u00e1s\u201d sino de sostenimiento de los mismos roles y pr\u00e1cticas violencias del Estado; violencia simb\u00f3lica y violencia obst\u00e9trica porque no hay un cambio, no se da una mirada cr\u00edtica, una producci\u00f3n de memoria hist\u00f3rica.<\/p>\n<p><strong>&#8211; \u00bfPuede pensarse que esta situaci\u00f3n espa\u00f1ola te interpel\u00f3 particularmente gracias a la experiencia de lucha desplegada en Argentina para recuperar beb\u00e9s apropiados durante la \u00faltima dictadura c\u00edvico-militar?<\/strong><br \/>&#8211; Estoy convencida que mi primera lectura y mi respuesta emocional, viniendo de aqu\u00ed y conociendo todo lo que se ha hecho aqu\u00ed como gran precedente de esa memoria y de esa tem\u00e1tica, fue fundamental. Lo cierto es que cuando escuch\u00e9 por primera vez los relatos me sorprend\u00ed, me horroric\u00e9 porque no me imaginaba que esto pod\u00eda haber sucedido en Europa, en Espa\u00f1a, y sigue sin estar resuelto.<\/p>\n<p><strong>&#8211; \u00bfCu\u00e1l es la aspiraci\u00f3n que tienen con \u201cC\u00f3mo Decirte Que Te Quiero\u201d a la espera de su estreno espa\u00f1ol?<\/strong><br \/>-Este documental nos trae las voces en primera persona y es eso lo que lo que a m\u00ed me ha interesado hacer como investigadora. No teorizar sobre el caso sino basarme en los relatos de personas que est\u00e1n vivas que nos pueden contar todo lo que les ha sucedido, poder difundir y dar visibilidad y creo que este documental es un aporte al traernos sus voces sin mediadores. Las familias est\u00e1n muy desgastadas y se est\u00e1n cansando, son adultos mayores y el paso del tiempo les est\u00e1 jugando en contra. <\/p>\n","protected":false},"excerpt":{"rendered":"<p>\u00abC\u00f3mo decirte que te quiero\u00bb tendr\u00e1 su estreno mundial Cine Gaumont. \u201cC\u00f3mo Decirte Que Te Quiero\u201d, revelador y escalofriante documental de Matilde Michanie basado en la investigaci\u00f3n de la argentina Carolina Escudero sobre la apropiaci\u00f3n de beb\u00e9s, durante y despu\u00e9s de la dictadura de Francisco Franco en Espa\u00f1a, tendr\u00e1 su estreno mundial el pr\u00f3ximo jueves [&hellip;]<\/p>\n","protected":false},"author":1,"featured_media":31803,"comment_status":"closed","ping_status":"closed","sticky":false,"template":"","format":"standard","meta":[],"categories":[9],"tags":[],"_links":{"self":[{"href":"http:\/\/nuevacordoba.net\/index.php\/wp-json\/wp\/v2\/posts\/31802"}],"collection":[{"href":"http:\/\/nuevacordoba.net\/index.php\/wp-json\/wp\/v2\/posts"}],"about":[{"href":"http:\/\/nuevacordoba.net\/index.php\/wp-json\/wp\/v2\/types\/post"}],"author":[{"embeddable":true,"href":"http:\/\/nuevacordoba.net\/index.php\/wp-json\/wp\/v2\/users\/1"}],"replies":[{"embeddable":true,"href":"http:\/\/nuevacordoba.net\/index.php\/wp-json\/wp\/v2\/comments?post=31802"}],"version-history":[{"count":0,"href":"http:\/\/nuevacordoba.net\/index.php\/wp-json\/wp\/v2\/posts\/31802\/revisions"}],"wp:featuredmedia":[{"embeddable":true,"href":"http:\/\/nuevacordoba.net\/index.php\/wp-json\/wp\/v2\/media\/31803"}],"wp:attachment":[{"href":"http:\/\/nuevacordoba.net\/index.php\/wp-json\/wp\/v2\/media?parent=31802"}],"wp:term":[{"taxonomy":"category","embeddable":true,"href":"http:\/\/nuevacordoba.net\/index.php\/wp-json\/wp\/v2\/categories?post=31802"},{"taxonomy":"post_tag","embeddable":true,"href":"http:\/\/nuevacordoba.net\/index.php\/wp-json\/wp\/v2\/tags?post=31802"}],"curies":[{"name":"wp","href":"https:\/\/api.w.org\/{rel}","templated":true}]}}