{"id":31807,"date":"2023-05-02T15:09:29","date_gmt":"2023-05-02T15:09:29","guid":{"rendered":"http:\/\/nuevacordoba.net\/index.php\/2023\/05\/02\/un-palestino-preso-en-israel-murio-tras-mas-de-80-dias-en-huelga-de-hambre\/"},"modified":"2023-05-02T15:09:29","modified_gmt":"2023-05-02T15:09:29","slug":"un-palestino-preso-en-israel-murio-tras-mas-de-80-dias-en-huelga-de-hambre","status":"publish","type":"post","link":"http:\/\/nuevacordoba.net\/index.php\/2023\/05\/02\/un-palestino-preso-en-israel-murio-tras-mas-de-80-dias-en-huelga-de-hambre\/","title":{"rendered":"Un palestino preso en Israel muri\u00f3 tras m\u00e1s de 80 d\u00edas en huelga de hambre"},"content":{"rendered":"<div class=\"video_repositive\"> <a class=\"video_sticky\" href=\"javascript:void();\" onclick=\"removeStuckVideo(true);\"><i class=\"far fa-window-close\"><\/i><\/a> <\/p>\n<div id=\"VY_dKqRB9i4\" class=\"video_telam\" readability=\"6\">\n<div class=\"feature_article_inner\" readability=\"32\">\n<p><h2 class=\"text-center\">La muerte por huelga de hambre de un palestino preso en Israel desata m\u00e1s violencia<\/h2>\n<\/p><\/div>\n<p>VER VIDEO <i class=\"fas fa-play\"><\/i><\/p>\n<\/p><\/div><\/div>\n<p>Un conocido prisionero palestino muri\u00f3 este martes en una c\u00e1rcel israel\u00ed <strong>tras casi tres meses de huelga de hambre<\/strong>, lo que desencaden\u00f3 disparos de cohetes hacia Israel y convocatorias a protestas en medio de tensiones ya de por s\u00ed alt\u00edsimas entre israel\u00edes y palestinos.<\/p>\n<p>Khader Adnan, de 45 a\u00f1os y <strong>miembro del movimiento islamista Yidah Isl\u00e1mica<\/strong>, hab\u00eda sido encarcelado numerosas veces por Israel y hab\u00eda realizado ya varias huelgas de hambre en protesta contra las detenciones masivas de palestinos por parte de Israel sin cargos ni juicios.<\/p>\n<p>El Ej\u00e9rcito de Israel dijo que milicianos palestinos de la Franja de Gaza lanzaron 22 cohetes hacia territorio israel\u00ed en horas de la tarde, y que un hombre de 25 a\u00f1os result\u00f3 seriamente herido en uno de los ataques.<\/p>\n<p>Cuatro de los cohetes fueron interceptados por el sistema anticohetes israel\u00ed, dijo el Ej\u00e9rcito, que por la ma\u00f1ana hab\u00eda informado del lanzamiento de varios otros cohetes desde Gaza luego de conocida la muerte de Adnan, todos ellos ca\u00eddos en descampados.<\/p>\n<p>El Ej\u00e9rcito israel\u00ed dijo que respondi\u00f3 a los ataques con disparos de tanques hacia la Franja de Gaza, el territorio costero palestino gobernado por el movimiento islamista palestino Hamas que ha sido blanco de varias ofensivas israel\u00edes desde 2008.<\/p>\n<p>Adnan se convirti\u00f3 en el <strong>primer palestino que muere preso en Israel durante una huelga de hambre<\/strong> de larga duraci\u00f3n.<\/p>\n<p>Se encontraba en huelga de hambre desde su arresto el 5 de febrero de 2023, per\u00edodo en el que se neg\u00f3 a hacerse controles m\u00e9dicos, inform\u00f3 el Servicio de Prisiones de Israel en un comunicado.<\/p>\n<blockquote class><p>La muerte de Adnan llega en momentos en que Israel est\u00e1 dirigido por el gobierno m\u00e1s derechista de su historia, liderado por el primer ministro Benjamin Netanyahu<\/p><\/blockquote>\n<p>Fue encontrado muerto en su celda de una c\u00e1rcel de la ciudad israel\u00ed de Ramla, agreg\u00f3 el organismo penitenciario israel\u00ed.<\/p>\n<p><strong>Los palestinos llamaron a una huelga general<\/strong> y convocaron protestas para la tarde en los territorios de Cisjordania y la Franja de Gaza. Milicianos palestinos dispararon una andanada de cohetes desde Gaza hacia Israel.<\/p>\n<p>La Yihad Isl\u00e1mica dijo en un comunicado que \u00abnuestra lucha contin\u00faa y no se detendr\u00e1\u00bb.<\/p>\n<p>La muerte de Adnan llega en momentos en que Israel est\u00e1 dirigido por el gobierno m\u00e1s derechista de su historia, liderado por el primer ministro Benjamin Netanyahu.<\/p>\n<figure class=\"mb-3\"><img loading=\"lazy\" data-src=\"http:\/\/nuevacordoba.net\/wp-content\/uploads\/2023\/05\/un-palestino-preso-en-israel-murio-tras-mas-de-80-dias-en-huelga-de-hambre.jpg\" src=\"https:\/\/www.telam.com.ar\/assets\/img\/not_image.png\" class=\" lazy \" width=\"100%\" height=\"100%\" alt=\"Protestas por la muerte de Khader Adnan Foto AFP\"><figcaption> Protestas por la muerte de Khader Adnan. Foto: AFP. <\/figcaption><\/figure>\n<p>Las prisiones y los presos palestinos son supervisados \u200b\u200bpor el ministro de Seguridad, Ben-Gvir, un pol\u00edtico ultranacionalista que anteriormente endureci\u00f3 las restricciones a los presos palestinos, incluida la reducci\u00f3n del tiempo de ducha y el cierre de las panader\u00edas de la prisi\u00f3n.<\/p>\n<blockquote class><p>M\u00e1s de 100 palestinos murieron ya en lo que va del a\u00f1o en operativos militares israel\u00edes o al cometer ataques en Cisjordania y Jerusal\u00e9n este<\/p><\/blockquote>\n<p>Ben-Gvir dijo que los funcionarios penitenciarios deb\u00edan mostrar \u00abtolerancia cero hacia las huelgas de hambre y los disturbios en las prisiones de seguridad\u00bb y orden\u00f3 que los prisioneros sean confinados a sus celdas.<\/p>\n<p>La Sociedad de Prisioneros Palestinos acus\u00f3 a Israel de haber \u00abasesinado\u00bb a Adnan, inform\u00f3 la agencia de noticias AFP.<\/p>\n<p>La organizaci\u00f3n dijo que numerosos palestinos detenidos en la prisi\u00f3n de Ofer en Israel iniciaron una huelga de hambre general para protestar por la muerte de Adnan.<\/p>\n<p>Adnan era de la ciudad de Jen\u00edn, en el norte de Cisjordania, una regi\u00f3n que Israel captur\u00f3 en 1967 y que luego coloniz\u00f3. Los palestinos la reclaman para crear un Estado independiente.<\/p>\n<p>Poco despu\u00e9s de conocerse la muerte de Adnan, <strong>el Ej\u00e9rcito de Israel inform\u00f3 sobre el lanzamiento de cohetes desde la Franja de Gaza hacia territorio israel\u00ed<\/strong>, que cayeron en descampados.<\/p>\n<p>El primer ministro palestino, Mohammad Shtayyeh, describi\u00f3 la muerte como \u00abun asesinato deliberado\u00bb de Israel por \u00abrechazar su petici\u00f3n de liberaci\u00f3n, ignorarlo m\u00e9dicamente y mantenerlo en la celda a pesar de la gravedad de su salud\u00bb.<\/p>\n<blockquote class><p>La Liga \u00c1rabe atribuy\u00f3 la muerte a la \u00abpol\u00edtica de negligencia m\u00e9dica deliberada practicada sistem\u00e1ticamente por las autoridades de ocupaci\u00f3n israel\u00edes\u00bb<\/p><\/blockquote>\n<p>La Liga \u00c1rabe tambi\u00e9n atribuy\u00f3 la muerte a la \u00abpol\u00edtica de negligencia m\u00e9dica deliberada practicada sistem\u00e1ticamente por las autoridades de ocupaci\u00f3n israel\u00edes\u00bb.<\/p>\n<p>La Uni\u00f3n Europea (UE), por su parte, pidi\u00f3 a Israel que investigue todas las circunstancias relacionadas con la muerte de Adnan.<\/p>\n<p><strong>La esposa de Adnan, Randa Moussa,<\/strong> en una rueda de prensa en su domicilio en Arraba, en el norte de Cisjordania,<strong> declar\u00f3 que su muerte era un \u00aborgullo\u00bb.<\/strong><\/p>\n<p>\u00abNo queremos que se vierta ni una sola gota de sangre, no queremos que nadie responda al martirio (de Adnan), no queremos ning\u00fan disparo de cohetes y que despu\u00e9s ataquen Gaza\u00bb, dijo la viuda.<\/p>\n<p>Alrededor de <strong>200 personas se reunieron frente a la casa de Adnan, pidiendo venganza <\/strong>con carteles con su imagen.<\/p>\n<p>D\u00edas atr\u00e1s, su mujer hab\u00eda dicho que sus condiciones de detenci\u00f3n eran \u00abmuy dif\u00edciles\u00bb y denunci\u00f3 que Israel rechaz\u00f3 trasladarlo a un hospital civil o permitir la visita de su abogado.<\/p>\n<p>La Yihad Isl\u00e1mica, considerada una entidad terrorista por Israel, Estados Unidos y la UE, advirti\u00f3 que el Estado hebreo \u00abpagar\u00e1 el precio de este crimen\u00bb.<\/p>\n<p>\u00abSi el pueblo palestino no tuviera personas como Khader, nuestra causa no tendr\u00eda repercusi\u00f3n\u00bb, dijo su l\u00edder, Ziad al Nakhalah, que salud\u00f3 una muerte \u00abpoderosa y honorable\u00bb.<\/p>\n<p>Seg\u00fan la Sociedad de Prisioneros Palestinos, <strong>Adnan fue arrestado al menos 11 veces desde 2004 e hizo cinco huelgas<\/strong> de hambre.<\/p>\n<p>En el a\u00f1o 2015, inici\u00f3 una huelga de hambre que dur\u00f3 55 d\u00edas antes de que las autoridades israel\u00edes lo liberaran.<\/p>\n<p><strong>Su muerte coincide con uno de los periodos m\u00e1s violentos en a\u00f1os entre israel\u00edes y palestinos.<\/strong><\/p>\n<p>M\u00e1s de 100 palestinos murieron ya en lo que va del a\u00f1o en operativos militares israel\u00edes o al cometer ataques en Cisjordania y Jerusal\u00e9n este.<\/p>\n<p>Un total de 19 israel\u00edes murieron en el mismo lapso en ataques palestinos en Cisjordania o Israel.<\/p>\n","protected":false},"excerpt":{"rendered":"<p>La muerte por huelga de hambre de un palestino preso en Israel desata m\u00e1s violencia VER VIDEO Un conocido prisionero palestino muri\u00f3 este martes en una c\u00e1rcel israel\u00ed tras casi tres meses de huelga de hambre, lo que desencaden\u00f3 disparos de cohetes hacia Israel y convocatorias a protestas en medio de tensiones ya de por [&hellip;]<\/p>\n","protected":false},"author":1,"featured_media":31808,"comment_status":"closed","ping_status":"closed","sticky":false,"template":"","format":"standard","meta":[],"categories":[13],"tags":[],"_links":{"self":[{"href":"http:\/\/nuevacordoba.net\/index.php\/wp-json\/wp\/v2\/posts\/31807"}],"collection":[{"href":"http:\/\/nuevacordoba.net\/index.php\/wp-json\/wp\/v2\/posts"}],"about":[{"href":"http:\/\/nuevacordoba.net\/index.php\/wp-json\/wp\/v2\/types\/post"}],"author":[{"embeddable":true,"href":"http:\/\/nuevacordoba.net\/index.php\/wp-json\/wp\/v2\/users\/1"}],"replies":[{"embeddable":true,"href":"http:\/\/nuevacordoba.net\/index.php\/wp-json\/wp\/v2\/comments?post=31807"}],"version-history":[{"count":0,"href":"http:\/\/nuevacordoba.net\/index.php\/wp-json\/wp\/v2\/posts\/31807\/revisions"}],"wp:featuredmedia":[{"embeddable":true,"href":"http:\/\/nuevacordoba.net\/index.php\/wp-json\/wp\/v2\/media\/31808"}],"wp:attachment":[{"href":"http:\/\/nuevacordoba.net\/index.php\/wp-json\/wp\/v2\/media?parent=31807"}],"wp:term":[{"taxonomy":"category","embeddable":true,"href":"http:\/\/nuevacordoba.net\/index.php\/wp-json\/wp\/v2\/categories?post=31807"},{"taxonomy":"post_tag","embeddable":true,"href":"http:\/\/nuevacordoba.net\/index.php\/wp-json\/wp\/v2\/tags?post=31807"}],"curies":[{"name":"wp","href":"https:\/\/api.w.org\/{rel}","templated":true}]}}