{"id":31811,"date":"2023-05-02T20:09:13","date_gmt":"2023-05-02T20:09:13","guid":{"rendered":"http:\/\/cordobanewsnet.wordpress.com\/2023\/05\/02\/juan-schiaretti-confirmo-que-sera-candidato-a-presidente-en-las-elecciones-2023\/"},"modified":"2023-05-02T20:09:13","modified_gmt":"2023-05-02T20:09:13","slug":"juan-schiaretti-confirmo-que-sera-candidato-a-presidente-en-las-elecciones-2023","status":"publish","type":"post","link":"http:\/\/nuevacordoba.net\/index.php\/2023\/05\/02\/juan-schiaretti-confirmo-que-sera-candidato-a-presidente-en-las-elecciones-2023\/","title":{"rendered":"Juan Schiaretti confirm\u00f3 que ser\u00e1 candidato a presidente en las elecciones 2023"},"content":{"rendered":"<p><!-- \/featured-media --> <\/p>\n<div class=\"post-content clear\" readability=\"37.691275167785\">\n<p>El <strong>Gobernador de la provincia de C\u00f3rdoba <\/strong>confirm\u00f3 la decisi\u00f3n, al arribar a <strong>San Francisco <\/strong>donde inaugura un nuevo edificio escolar ProA y obras de infraestructura b\u00e1sica: saneamiento cloacal y pavimentaci\u00f3n de la Av Ant\u00e1rtida Argentina. <\/p>\n<figure class=\"wp-block-image size-large\"><img data-attachment-id=\"7933\" data-permalink=\"https:\/\/cordobanewsnet.wordpress.com\/2023\/05\/02\/juan-schiaretti-confirmo-que-sera-candidato-a-presidente-en-las-elecciones-2023\/img_6446\/\" data-orig-file=\"http:\/\/nuevacordoba.net\/wp-content\/uploads\/2023\/05\/juan-schiaretti-confirmo-que-sera-candidato-a-presidente-en-las-elecciones-2023.jpg\" data-orig-size=\"791,445\" data-comments-opened=\"1\" data-image-meta=\"{&quot;aperture&quot;:&quot;0&quot;,&quot;credit&quot;:&quot;&quot;,&quot;camera&quot;:&quot;&quot;,&quot;caption&quot;:&quot;&quot;,&quot;created_timestamp&quot;:&quot;0&quot;,&quot;copyright&quot;:&quot;&quot;,&quot;focal_length&quot;:&quot;0&quot;,&quot;iso&quot;:&quot;0&quot;,&quot;shutter_speed&quot;:&quot;0&quot;,&quot;title&quot;:&quot;&quot;,&quot;orientation&quot;:&quot;1&quot;}\" data-image-title=\"img_6446\" data-image-description data-image-caption data-medium-file=\"http:\/\/nuevacordoba.net\/wp-content\/uploads\/2023\/05\/juan-schiaretti-confirmo-que-sera-candidato-a-presidente-en-las-elecciones-2023.jpg?w=300\" data-large-file=\"http:\/\/nuevacordoba.net\/wp-content\/uploads\/2023\/05\/juan-schiaretti-confirmo-que-sera-candidato-a-presidente-en-las-elecciones-2023.jpg?w=736\" src=\"http:\/\/nuevacordoba.net\/wp-content\/uploads\/2023\/05\/juan-schiaretti-confirmo-que-sera-candidato-a-presidente-en-las-elecciones-2023.jpg\" class=\"wp-image-7933\" srcset=\"http:\/\/nuevacordoba.net\/wp-content\/uploads\/2023\/05\/juan-schiaretti-confirmo-que-sera-candidato-a-presidente-en-las-elecciones-2023.jpg 791w, http:\/\/nuevacordoba.net\/wp-content\/uploads\/2023\/05\/juan-schiaretti-confirmo-que-sera-candidato-a-presidente-en-las-elecciones-2023.jpg?w=150 150w, http:\/\/nuevacordoba.net\/wp-content\/uploads\/2023\/05\/juan-schiaretti-confirmo-que-sera-candidato-a-presidente-en-las-elecciones-2023.jpg?w=300 300w, http:\/\/nuevacordoba.net\/wp-content\/uploads\/2023\/05\/juan-schiaretti-confirmo-que-sera-candidato-a-presidente-en-las-elecciones-2023.jpg?w=768 768w\" sizes=\"(max-width: 791px) 100vw, 791px\"><\/figure>\n<p>En el contacto con la prensa Schiaretti cuestion\u00f3 adem\u00e1s a la grieta, y sostuvo que \u201cnos causa tanto da\u00f1o a los argentinos\u201d.<\/p>\n<div id=\"jp-post-flair\" class=\"sharedaddy sd-like-enabled sd-sharing-enabled\">\n<div class=\"sharedaddy sd-sharing-enabled\">\n<div class=\"robots-nocontent sd-block sd-social sd-social-icon-text sd-sharing\">\n<h3 class=\"sd-title\">Share this:<\/h3>\n<\/div>\n<\/div>\n<div class=\"sharedaddy sd-block sd-like jetpack-likes-widget-wrapper jetpack-likes-widget-unloaded\" id=\"like-post-wrapper-143108178-7934-64516df63aafd\" data-src=\"\/\/widgets.wp.com\/likes\/index.html?ver=20230309#blog_id=143108178&amp;post_id=7934&amp;origin=cordobanewsnet.wordpress.com&amp;obj_id=143108178-7934-64516df63aafd\" data-name=\"like-post-frame-143108178-7934-64516df63aafd\" data-title=\"Me gusta o Compartir\">\n<h3 class=\"sd-title\">Me gusta esto:<\/h3>\n<p><span class=\"button\"><span>Me gusta<\/span><\/span> <span class=\"loading\">Cargando&#8230;<\/span><\/p>\n<p><span class=\"sd-text-color\"><\/span><\/div>\n<p><h3 class=\"jp-relatedposts-headline\"><em>Relacionado<\/em><\/h3>\n<\/p>\n<\/div><\/div>\n<p><!--\/.post-content--> <\/p>\n<footer class=\"post-meta-container clear\" readability=\"0.72625698324022\">\n<div class=\"entry-author author-avatar-show\" readability=\"14.031746031746\">\n<div class=\"author-avatar\"> <img loading=\"lazy\" alt src=\"http:\/\/nuevacordoba.net\/wp-content\/uploads\/2023\/05\/juan-schiaretti-confirmo-que-sera-candidato-a-presidente-en-las-elecciones-2023-1.jpg\" class=\"avatar avatar-90\" height=\"90\" width=\"90\"> <\/div>\n<p><!-- .author-avatar --> <\/p>\n<p><h2 class=\"author-title\">Publicado por <span class=\"author-name\">angelaponso<\/span><\/h2>\n<\/p>\n<p><!-- .author-heading --> <\/p>\n<p class=\"author-bio\"> <a class=\"author-link\" href=\"https:\/\/cordobanewsnet.wordpress.com\/author\/angelaponso\/\" rel=\"author\"> Ver todas las entradas de angelaponso <\/a> <\/p>\n<p><!-- .author-bio --> <\/div>\n<p><!-- .entry-auhtor --> <\/footer>\n<p> <!-- \/post-meta-container --> <!-- #respond --> <\/p>\n","protected":false},"excerpt":{"rendered":"<p>El Gobernador de la provincia de C\u00f3rdoba confirm\u00f3 la decisi\u00f3n, al arribar a San Francisco donde inaugura un nuevo edificio escolar ProA y obras de infraestructura b\u00e1sica: saneamiento cloacal y pavimentaci\u00f3n de la Av Ant\u00e1rtida Argentina. En el contacto con la prensa Schiaretti cuestion\u00f3 adem\u00e1s a la grieta, y sostuvo que \u201cnos causa tanto da\u00f1o [&hellip;]<\/p>\n","protected":false},"author":1,"featured_media":31812,"comment_status":"closed","ping_status":"closed","sticky":false,"template":"","format":"standard","meta":[],"categories":[14],"tags":[],"_links":{"self":[{"href":"http:\/\/nuevacordoba.net\/index.php\/wp-json\/wp\/v2\/posts\/31811"}],"collection":[{"href":"http:\/\/nuevacordoba.net\/index.php\/wp-json\/wp\/v2\/posts"}],"about":[{"href":"http:\/\/nuevacordoba.net\/index.php\/wp-json\/wp\/v2\/types\/post"}],"author":[{"embeddable":true,"href":"http:\/\/nuevacordoba.net\/index.php\/wp-json\/wp\/v2\/users\/1"}],"replies":[{"embeddable":true,"href":"http:\/\/nuevacordoba.net\/index.php\/wp-json\/wp\/v2\/comments?post=31811"}],"version-history":[{"count":0,"href":"http:\/\/nuevacordoba.net\/index.php\/wp-json\/wp\/v2\/posts\/31811\/revisions"}],"wp:featuredmedia":[{"embeddable":true,"href":"http:\/\/nuevacordoba.net\/index.php\/wp-json\/wp\/v2\/media\/31812"}],"wp:attachment":[{"href":"http:\/\/nuevacordoba.net\/index.php\/wp-json\/wp\/v2\/media?parent=31811"}],"wp:term":[{"taxonomy":"category","embeddable":true,"href":"http:\/\/nuevacordoba.net\/index.php\/wp-json\/wp\/v2\/categories?post=31811"},{"taxonomy":"post_tag","embeddable":true,"href":"http:\/\/nuevacordoba.net\/index.php\/wp-json\/wp\/v2\/tags?post=31811"}],"curies":[{"name":"wp","href":"https:\/\/api.w.org\/{rel}","templated":true}]}}