{"id":31828,"date":"2023-05-03T13:46:15","date_gmt":"2023-05-03T13:46:15","guid":{"rendered":"http:\/\/nuevacordoba.net\/index.php\/2023\/05\/03\/un-palestino-murio-en-gaza-por-los-ataques-israelies-antes-del-anuncio-de-una-tregua\/"},"modified":"2023-05-03T13:46:15","modified_gmt":"2023-05-03T13:46:15","slug":"un-palestino-murio-en-gaza-por-los-ataques-israelies-antes-del-anuncio-de-una-tregua","status":"publish","type":"post","link":"http:\/\/nuevacordoba.net\/index.php\/2023\/05\/03\/un-palestino-murio-en-gaza-por-los-ataques-israelies-antes-del-anuncio-de-una-tregua\/","title":{"rendered":"Un palestino muri\u00f3 en Gaza por los ataques israel\u00edes antes del anuncio de una tregua"},"content":{"rendered":"<figure class=\"mb-3\"><img loading=\"lazy\" data-src=\"http:\/\/nuevacordoba.net\/wp-content\/uploads\/2023\/05\/un-palestino-murio-en-gaza-por-los-ataques-israelies-antes-del-anuncio-de-una-tregua.jpg\" src=\"https:\/\/www.telam.com.ar\/assets\/img\/not_image.png\" class=\" lazy \" width=\"100%\" height=\"100%\" alt=\"El fallecido es un hombre de 58 aos Foto AFP \"><figcaption> El fallecido es un hombre de 58 a\u00f1os. \/ Foto: AFP <\/figcaption><\/figure>\n<p><strong>Un palestino muri\u00f3 y cinco resultaron heridos<\/strong> por ataques de Israel contra la <strong>Franja de Gaza<\/strong> poco antes de anunciarse una tregua a hostilidades desatadas por el fallecimiento de un prisionero palestino que llevaba 85 d\u00edas en huelga de hambre en una c\u00e1rcel israel\u00ed.<\/p>\n<p>El Ministerio de Salud del territorio costero palestino gobernado por el movimiento islamista Hamas identific\u00f3 al muerto como un hombre de 58 a\u00f1os y dijo que los cinco heridos ten\u00edan lesiones de diversa consideraci\u00f3n.<\/p>\n<p><strong>El portavoz del Ej\u00e9rcito de Israel, Daniel Hagari, inform\u00f3 que las fuerzas israel\u00edes atacaron en Gaza 16 objetivos de Hamas<\/strong> y Yihad Isl\u00e1mica, el grupo tambi\u00e9n islamista al que estaba afiliado el palestino muerto en una c\u00e1rcel de Israel por inanici\u00f3n voluntaria.<\/p>\n<p>Entre los objetivos figuraron un campamento de entrenamiento, una base que conten\u00eda un centro de fabricaci\u00f3n de armas, una planta de producci\u00f3n de cemento, una base de comandos navales de Hamas y un t\u00fanel usado por el grupo en el sur de Gaza, dijo.<\/p>\n<blockquote class><p>Entre los objetivos figuraron un campamento de entrenamiento, una base que conten\u00eda un centro de fabricaci\u00f3n de armas, una planta de producci\u00f3n de cemento, una base de comandos navales de Hamas y un t\u00fanel usado por el grupo en el sur de Gaza<\/p><\/blockquote>\n<p><strong>\u00abHemos alcanzado todos los objetivos que quer\u00edamos golpear\u00bb<\/strong>, afrm\u00f3 Hagari, inform\u00f3 el diario israel\u00ed The Times of Israel.<\/p>\n<p>Luego agreg\u00f3 que las milicias palestinas lanzaron 104 proyectiles desde Gaza y que el sistema antia\u00e9reo \u00abC\u00fapula de Hierro\u00bb intercept\u00f3 un total de 24, lo que supone un 90% de los que iban dirigidos a zonas pobladas de Israel.<\/p>\n<p>Otros 48 cayeron en espacios abiertos, 14 impactaron en Gaza sin lograr salir del territorio y 11 cayeron en el mar Mediterr\u00e1neo.<\/p>\n<figure class=\"mb-3\"><img loading=\"lazy\" data-src=\"http:\/\/nuevacordoba.net\/wp-content\/uploads\/2023\/05\/un-palestino-murio-en-gaza-por-los-ataques-israelies-antes-del-anuncio-de-una-tregua-1.jpg\" src=\"https:\/\/www.telam.com.ar\/assets\/img\/not_image.png\" class=\" lazy \" width=\"100%\" height=\"100%\" alt=\"Khader Adnan muri en la crcel despus de hacer una huelga de hambre durante 85 das Foto AFP\"><figcaption> Khader Adnan muri\u00f3 en la c\u00e1rcel despu\u00e9s de hacer una huelga de hambre durante 85 d\u00edas. Foto: AFP. <\/figcaption><\/figure>\n<p>Hagari subray\u00f3 que el Ej\u00e9rcito investigaba las circunstancias que provocaron que dos proyectiles impactaran en zonas pobladas, incluido uno que cay\u00f3 en una zona de obras en la ciudad sure\u00f1a de Sderot, que se sald\u00f3 con tres personas heridas, una de gravedad.<\/p>\n<p><strong>El diario palestino Al Quds inform\u00f3 que la situaci\u00f3n volvi\u00f3 a la normalidad en Gaza despu\u00e9s de un acuerdo de alto el fuego alcanzado entre Israel y Hamas<\/strong>, que cont\u00f3 con mediaci\u00f3n de Naciones Unidas y los gobiernos de Qatar y Egipto.<\/p>\n<p>La nueva escalada de violencia se desencaden\u00f3 tras el deceso de Khader Adnan, un responsable de Yihad Isl\u00e1mica que se encontraba en huelga de hambre desde el 5 de febrero en una c\u00e1rcel de la ciudad central israel\u00ed de Ramla.<\/p>\n<blockquote class><p>La nueva escalada de violencia se desencaden\u00f3 tras el deceso de Khader Adnan, un responsable de Yihad Isl\u00e1mica que se encontraba en huelga de hambre desde el 5 de febrero en una c\u00e1rcel de la ciudad central israel\u00ed de Ramla<\/p><\/blockquote>\n<p>Tanto Hamas como una fuente de seguridad de Egipto, que suele ejercer de mediador entre ambas partes, se\u00f1alaron el inicio de una tregua este mi\u00e9rcoles por la ma\u00f1ana.&nbsp;Israel no confirm\u00f3 de inmediato el acuerdo.<\/p>\n<p>\u00abHemos conseguido establecer una tregua y las dos partes respondieron a ella a partir de esta ma\u00f1ana de mi\u00e9rcoles\u00bb, dijo una fuente de seguridad egipcia bajo anonimato a la agencia de noticias AFP.<\/p>\n<p>Qatar y la ONU tambi\u00e9n intervinieron para cerrar este cese de hostilidades, iniciado a las 4 (23 del martes, hora Argentina) declararon fuentes de la Yihad Isl\u00e1mica y de Hamas.<\/p>\n<p><strong>\u00abEste ciclo de confrontaci\u00f3n ha terminado pero la marcha de la resistencia contin\u00faa y no se detendr\u00e1\u00bb<\/strong>, dijo Tariq Salmi, portavoz de la Yihad Isl\u00e1mica, en un comunicado.<\/p>\n<p>El l\u00edder de Hamas, Ismail Haniyeh, en tanto, subray\u00f3 en un comunicado \u00abla necesidad de devolver el cuerpo del m\u00e1rtir Khader Adnan a su familia\u00bb.<\/p>\n<p>Originario de Cisjordania, los otros territorios palestinos, Adnan inici\u00f3 una huelga de hambre al ser encarcelado el 5 de febrero y se convirti\u00f3 en el primer palestino en morir por esta protesta, seg\u00fan el Club de Prisioneros Palestinos.<\/p>\n<p>Hab\u00eda sido inculpado por su implicaci\u00f3n en la Yihad Isl\u00e1mica y por discursos en apoyo a una \u00aborganizaci\u00f3n hostil\u00bb, dijo un responsable israel\u00ed bajo anonimato, quien se\u00f1al\u00f3 que un tribunal militar hab\u00eda rechazado su liberaci\u00f3n.<\/p>\n<p>Encarcelado en numerosas ocasiones, Adnan hab\u00eda protagonizado varias huelgas de hambre que lo convirtieron en un s\u00edmbolo para los palestinos.<\/p>\n<p>En agosto de 2022, tres d\u00edas de enfrentamientos entre Israel y la Yihad Isl\u00e1mica causaron la muerte de 49 palestinos, entre ellos 12 integrantes de esta organizaci\u00f3n y al menos 19 ni\u00f1os, seg\u00fan la ONU. <\/p>\n","protected":false},"excerpt":{"rendered":"<p>El fallecido es un hombre de 58 a\u00f1os. \/ Foto: AFP Un palestino muri\u00f3 y cinco resultaron heridos por ataques de Israel contra la Franja de Gaza poco antes de anunciarse una tregua a hostilidades desatadas por el fallecimiento de un prisionero palestino que llevaba 85 d\u00edas en huelga de hambre en una c\u00e1rcel israel\u00ed. [&hellip;]<\/p>\n","protected":false},"author":1,"featured_media":31829,"comment_status":"closed","ping_status":"closed","sticky":false,"template":"","format":"standard","meta":[],"categories":[13],"tags":[],"_links":{"self":[{"href":"http:\/\/nuevacordoba.net\/index.php\/wp-json\/wp\/v2\/posts\/31828"}],"collection":[{"href":"http:\/\/nuevacordoba.net\/index.php\/wp-json\/wp\/v2\/posts"}],"about":[{"href":"http:\/\/nuevacordoba.net\/index.php\/wp-json\/wp\/v2\/types\/post"}],"author":[{"embeddable":true,"href":"http:\/\/nuevacordoba.net\/index.php\/wp-json\/wp\/v2\/users\/1"}],"replies":[{"embeddable":true,"href":"http:\/\/nuevacordoba.net\/index.php\/wp-json\/wp\/v2\/comments?post=31828"}],"version-history":[{"count":0,"href":"http:\/\/nuevacordoba.net\/index.php\/wp-json\/wp\/v2\/posts\/31828\/revisions"}],"wp:featuredmedia":[{"embeddable":true,"href":"http:\/\/nuevacordoba.net\/index.php\/wp-json\/wp\/v2\/media\/31829"}],"wp:attachment":[{"href":"http:\/\/nuevacordoba.net\/index.php\/wp-json\/wp\/v2\/media?parent=31828"}],"wp:term":[{"taxonomy":"category","embeddable":true,"href":"http:\/\/nuevacordoba.net\/index.php\/wp-json\/wp\/v2\/categories?post=31828"},{"taxonomy":"post_tag","embeddable":true,"href":"http:\/\/nuevacordoba.net\/index.php\/wp-json\/wp\/v2\/tags?post=31828"}],"curies":[{"name":"wp","href":"https:\/\/api.w.org\/{rel}","templated":true}]}}