{"id":31834,"date":"2023-05-01T19:25:13","date_gmt":"2023-05-01T19:25:13","guid":{"rendered":"https:\/\/www.ole.com.ar\/autos\/urcera-grito-pelea-hincha-tc-nicole-neumann_0_cq8GQTxy4G.html"},"modified":"2023-05-01T19:25:13","modified_gmt":"2023-05-01T19:25:13","slug":"escandalo-en-el-tc-urcera-le-pego-a-una-persona-y-lo-mando-al-hospital-por-un-comentario-contra-nicole-neumann","status":"publish","type":"post","link":"http:\/\/nuevacordoba.net\/index.php\/2023\/05\/01\/escandalo-en-el-tc-urcera-le-pego-a-una-persona-y-lo-mando-al-hospital-por-un-comentario-contra-nicole-neumann\/","title":{"rendered":"Esc\u00e1ndalo en el TC: Urcera le peg\u00f3 a una persona y lo mand\u00f3 al hospital por un comentario contra Nicole Neumann"},"content":{"rendered":"<p><time class=\"createDate\" datetime=\"2023-05-01T16:25:13-03:00\">01\/05\/2023 16:25hs.<\/time><time class=\"modificatedDate\" datetime=\"2023\/05\/01T16:25:13-03:00\"><\/time><\/p>\n<div id=\"storyBody\">\n<div class=\"custom-text \" readability=\"40\">\n<p><strong>Jos\u00e9 Manuel Urcera <\/strong>es el campe\u00f3n vigente del<strong> Turismo Carretera<\/strong>. Sin embargo, no est\u00e1 atravesando su mejor momento deportivo: se encuentra octavo en la tabla de posiciones y hasta el momento no pudo ganar ninguna de las cinco carreras disputadas en la temporada. Y, adem\u00e1s de sus temas dentro de la pista, el pasado s\u00e1bado, luego de haber corrido la clasificaci\u00f3n en Concepci\u00f3n del Uruguay,<strong> habr\u00eda vivido un momento de tensi\u00f3n con uno de los tantos fan\u00e1ticos que se encontraban en la zona de los boxes.<\/strong><\/p>\n<\/div>\n<div class=\"sc-996041c8-0 dnrmTT\"><img alt=\"Jos\u00e9 Manuel Urcera es el campe\u00f3n vigente del TC.\" src=\"http:\/\/nuevacordoba.net\/wp-content\/uploads\/2023\/05\/escandalo-en-el-tc-urcera-le-pego-a-una-persona-y-lo-mando-al-hospital-por-un-comentario-contra-nicole-neumann.jpg\" width=\"72\" height=\"10\" decoding=\"async\" data-nimg=\"future\" loading=\"lazy\"><span>Jos\u00e9 Manuel Urcera es el campe\u00f3n vigente del TC.<\/span><\/div>\n<div class=\"custom-text \" readability=\"41\">\n<p>Seg\u00fan public\u00f3 el periodista Carlos Saavedra, Urcera habr\u00eda recibido un \u00abexabrupto\u00bb, situaci\u00f3n que no lo toler\u00f3. <strong>Es que el comentario tuvo como destinatario a su pareja, Nicole Neumann<\/strong>. En efecto, el piloto de 31 a\u00f1os, que se encontraba arriba de un monopat\u00edn el\u00e9ctrico y rodeado de seguridad personal, se acerc\u00f3 a quien lo insult\u00f3 y decidi\u00f3 golpearlo. <\/p>\n<\/div>\n<div class=\"sc-a7166897-0 gOoLzD\" readability=\"6\">\n<section readability=\"2\"><picture><img alt=\"As\u00ed qued\u00f3 el campeonato de Turismo Carretera luego de Concepci\u00f3n del Uruguay\" src=\"http:\/\/nuevacordoba.net\/wp-content\/uploads\/2023\/05\/escandalo-en-el-tc-urcera-le-pego-a-una-persona-y-lo-mando-al-hospital-por-un-comentario-contra-nicole-neumann-1.jpg\" width=\"29\" height=\"29\" decoding=\"async\" data-nimg=\"future\" loading=\"lazy\"><\/picture>\n<p><span>Mir\u00e1 tambi\u00e9n<\/span><\/p>\n<hr>\n<h3>As\u00ed qued\u00f3 el campeonato de Turismo Carretera luego de Concepci\u00f3n del Uruguay<\/h3>\n<\/p>\n<\/section>\n<\/div>\n<div class=\"custom-embedhtml\" readability=\"6.0402684563758\">\n<blockquote class=\"twitter-tweet\" readability=\"6.4429530201342\">\n<p lang=\"es\" dir=\"ltr\">Manu Urcera golpeo a un hombre que le habr\u00eda gritado Cornuda a <a href=\"https:\/\/twitter.com\/nikitaneumann?ref_src=twsrc%5Etfw\">@nikitaneumann<\/a> . <br \/>En su malestar por su mal resultado en la carrera, Urcera agredi\u00f3 f\u00edsicamente a qui\u00e9n le habr\u00eda gritado a Nicole. <br \/>El damnificado <a href=\"https:\/\/twitter.com\/hashtag\/LAM?src=hash&amp;ref_src=twsrc%5Etfw\">#LAM<\/a> <a href=\"https:\/\/t.co\/kaNRStzgIj\">pic.twitter.com\/kaNRStzgIj<\/a><\/p>\n<p>\u2014 ElEjercitoDeLAM (@elejercitodelam) <a href=\"https:\/\/twitter.com\/elejercitodelam\/status\/1652761056412852228?ref_src=twsrc%5Etfw\">April 30, 2023<\/a><\/p><\/blockquote><\/div>\n<p><h2><strong>La sanci\u00f3n que podr\u00eda tener<\/strong><\/h2>\n<\/p>\n<div class=\"custom-text \" readability=\"39\">\n<p><strong>La presunta v\u00edctima denunci\u00f3 a Urcera ante la polic\u00eda local <\/strong>y, en efecto, la ACTC estar\u00eda evaluando una sanci\u00f3n econ\u00f3mica y deportiva, que lo podr\u00eda marginar de las pistas por algunas carreras. \u00abLa sanci\u00f3n es as\u00ed: una multa econ\u00f3mica y la suspensi\u00f3n en pr\u00f3ximas carreras. Todo depende de lo que eval\u00faen\u00bb, inform\u00f3 la periodista Mariana Brey en el programa LAM.<\/p>\n<\/div>\n<p><h2><strong>\u00bfC\u00f3mo est\u00e1 la tabla de posiciones del TC?<\/strong><\/h2>\n<\/p>\n<div class=\"custom-text \" readability=\"44\">\n<p>Santero (un triunfo) marcha puntero con 164,5, seguido de cerca por Castellano con 154, Mauricio Lambiris con 149,5; Mariano Werner (un \u00e9xito) con 147; Juan Catal\u00e1n Magni (una victoria) con 139 y Germ\u00e1n Todino con 133,5. Marcos Landa (121), Jos\u00e9 Manuel Urcera (119,5), \u00faltimo campe\u00f3n en 2022, Santiago Mangoni (109) y Nicol\u00e1s Trosset (101) completan el top10.<\/p>\n<\/div>\n<div class=\"sc-a7166897-0 gOoLzD\" readability=\"6.5\">\n<section readability=\"3\"><picture><img alt=\"IndyCar: Canapino sali\u00f3 ante\u00faltimo en Barber, pero cumpli\u00f3 su objetivo\" src=\"http:\/\/nuevacordoba.net\/wp-content\/uploads\/2023\/05\/escandalo-en-el-tc-urcera-le-pego-a-una-persona-y-lo-mando-al-hospital-por-un-comentario-contra-nicole-neumann-2.jpg\" width=\"29\" height=\"29\" decoding=\"async\" data-nimg=\"future\" loading=\"lazy\"><\/picture>\n<p><span>Mir\u00e1 tambi\u00e9n<\/span><\/p>\n<hr>\n<h3>IndyCar: Canapino sali\u00f3 ante\u00faltimo en Barber, pero cumpli\u00f3 su objetivo<\/h3>\n<\/p>\n<\/section>\n<\/div>\n<\/div>\n","protected":false},"excerpt":{"rendered":"<p>01\/05\/2023 16:25hs. Jos\u00e9 Manuel Urcera es el campe\u00f3n vigente del Turismo Carretera. Sin embargo, no est\u00e1 atravesando su mejor momento deportivo: se encuentra octavo en la tabla de posiciones y hasta el momento no pudo ganar ninguna de las cinco carreras disputadas en la temporada. Y, adem\u00e1s de sus temas dentro de la pista, el [&hellip;]<\/p>\n","protected":false},"author":1,"featured_media":31835,"comment_status":"closed","ping_status":"closed","sticky":false,"template":"","format":"standard","meta":[],"categories":[10],"tags":[],"_links":{"self":[{"href":"http:\/\/nuevacordoba.net\/index.php\/wp-json\/wp\/v2\/posts\/31834"}],"collection":[{"href":"http:\/\/nuevacordoba.net\/index.php\/wp-json\/wp\/v2\/posts"}],"about":[{"href":"http:\/\/nuevacordoba.net\/index.php\/wp-json\/wp\/v2\/types\/post"}],"author":[{"embeddable":true,"href":"http:\/\/nuevacordoba.net\/index.php\/wp-json\/wp\/v2\/users\/1"}],"replies":[{"embeddable":true,"href":"http:\/\/nuevacordoba.net\/index.php\/wp-json\/wp\/v2\/comments?post=31834"}],"version-history":[{"count":0,"href":"http:\/\/nuevacordoba.net\/index.php\/wp-json\/wp\/v2\/posts\/31834\/revisions"}],"wp:featuredmedia":[{"embeddable":true,"href":"http:\/\/nuevacordoba.net\/index.php\/wp-json\/wp\/v2\/media\/31835"}],"wp:attachment":[{"href":"http:\/\/nuevacordoba.net\/index.php\/wp-json\/wp\/v2\/media?parent=31834"}],"wp:term":[{"taxonomy":"category","embeddable":true,"href":"http:\/\/nuevacordoba.net\/index.php\/wp-json\/wp\/v2\/categories?post=31834"},{"taxonomy":"post_tag","embeddable":true,"href":"http:\/\/nuevacordoba.net\/index.php\/wp-json\/wp\/v2\/tags?post=31834"}],"curies":[{"name":"wp","href":"https:\/\/api.w.org\/{rel}","templated":true}]}}