{"id":31853,"date":"2023-05-04T11:14:05","date_gmt":"2023-05-04T11:14:05","guid":{"rendered":"https:\/\/prensa.cba.gov.ar\/?p=548992"},"modified":"2023-05-04T11:14:05","modified_gmt":"2023-05-04T11:14:05","slug":"formacion-laboral-para-adolescentes-y-jovenes","status":"publish","type":"post","link":"http:\/\/nuevacordoba.net\/index.php\/2023\/05\/04\/formacion-laboral-para-adolescentes-y-jovenes\/","title":{"rendered":"Formaci\u00f3n laboral para adolescentes y j\u00f3venes"},"content":{"rendered":"<ul>\n<li><strong>El Centro Socioeducativo y Laboral Lelikelen abre las inscripciones a sus cursos de formaci\u00f3n dictados en conjunto con el Ministerio de Empleo y Formaci\u00f3n Profesional.<\/strong><\/li>\n<li><strong>Los cursos son oficiales y sin costo, dirigidos a j\u00f3venes entre 16 y 22 a\u00f1os.<\/strong><\/li>\n<\/ul>\n<p>El <strong>Centro Socioeducativo y Laboral Lelikelen <\/strong>que depende de la Secretar\u00eda de Ni\u00f1ez, Adolescencia y Familia invita a adolescentes y j\u00f3venes a inscribirse en sus <strong>cursos de formaci\u00f3n profesional.<\/strong><\/p>\n<p>Los cursos dictados en articulaci\u00f3n con el Ministerio de Empleo y Formaci\u00f3n Profesional, son de car\u00e1cter gratuito y brindan certificaci\u00f3n oficial.<\/p>\n<p>Est\u00e1n <strong>dirigidos a j\u00f3venes entre 16 y 22 a\u00f1os<\/strong>, quienes pueden optar en una variada oferta de formaci\u00f3n:<\/p>\n<ul>\n<li>Est\u00e9tica de manos y pies<\/li>\n<li>Auxiliar de peluquer\u00eda<\/li>\n<li>Comis (ayudante o aprendiz de mozo)<\/li>\n<li>Asistencia en cocina<\/li>\n<li>Asistencia en Panader\u00eda y Pasteler\u00eda<\/li>\n<li>Armado, reparaci\u00f3n y mantenimiento de bicicletas<\/li>\n<li>Capacidades sociolaborales (aprendizaje de aptitudes y actitudes para la b\u00fasqueda de empleo y empleabilidad)<\/li>\n<li>Alfabetizaci\u00f3n inform\u00e1tica<\/li>\n<\/ul>\n<figure class=\"wp-container-2 wp-block-gallery-1 wp-block-gallery has-nested-images columns-default is-cropped has-lightbox\">\n<figure class=\"wp-block-image size-large\"><img loading=\"lazy\" width=\"990\" height=\"660\" data-id=\"548997\" src=\"http:\/\/nuevacordoba.net\/wp-content\/uploads\/2023\/05\/formacion-laboral-para-adolescentes-y-jovenes.jpg\" alt class=\"wp-image-548997\"><\/figure>\n<figure class=\"wp-block-image size-large\"><img loading=\"lazy\" width=\"990\" height=\"660\" data-id=\"548996\" src=\"http:\/\/nuevacordoba.net\/wp-content\/uploads\/2023\/05\/formacion-laboral-para-adolescentes-y-jovenes-1.jpg\" alt class=\"wp-image-548996\"><\/figure>\n<\/figure>\n<h3><strong>Inscripciones<\/strong><\/h3>\n<p>Las inscripciones se realizan de manera personal hasta el viernes 12 de mayo en la sede de Lelikelen: Tr\u00e1nsito C\u00e1ceres de Allende 250 (Frente a la Terminal de \u00d3mnibus).<\/p>\n<p>Horario: 9.00 a 15.00 horas.<\/p>\n<p>Documentaci\u00f3n a presentar:<\/p>\n<ul>\n<li>Documento Nacional de Identidad (DNI)<\/li>\n<li>Copia del DNI (frente y dorso)<\/li>\n<li>Constancia de CUIL<\/li>\n<\/ul>\n<p><strong>Contacto: <\/strong>(0351) 434 2447 \/ 351 3481437 (whatsapp)<\/p>\n","protected":false},"excerpt":{"rendered":"<p>El Centro Socioeducativo y Laboral Lelikelen abre las inscripciones a sus cursos de formaci\u00f3n dictados en conjunto con el Ministerio de Empleo y Formaci\u00f3n Profesional. Los cursos son oficiales y sin costo, dirigidos a j\u00f3venes entre 16 y 22 a\u00f1os. El Centro Socioeducativo y Laboral Lelikelen que depende de la Secretar\u00eda de Ni\u00f1ez, Adolescencia y [&hellip;]<\/p>\n","protected":false},"author":1,"featured_media":31854,"comment_status":"closed","ping_status":"closed","sticky":false,"template":"","format":"standard","meta":[],"categories":[14],"tags":[],"_links":{"self":[{"href":"http:\/\/nuevacordoba.net\/index.php\/wp-json\/wp\/v2\/posts\/31853"}],"collection":[{"href":"http:\/\/nuevacordoba.net\/index.php\/wp-json\/wp\/v2\/posts"}],"about":[{"href":"http:\/\/nuevacordoba.net\/index.php\/wp-json\/wp\/v2\/types\/post"}],"author":[{"embeddable":true,"href":"http:\/\/nuevacordoba.net\/index.php\/wp-json\/wp\/v2\/users\/1"}],"replies":[{"embeddable":true,"href":"http:\/\/nuevacordoba.net\/index.php\/wp-json\/wp\/v2\/comments?post=31853"}],"version-history":[{"count":0,"href":"http:\/\/nuevacordoba.net\/index.php\/wp-json\/wp\/v2\/posts\/31853\/revisions"}],"wp:featuredmedia":[{"embeddable":true,"href":"http:\/\/nuevacordoba.net\/index.php\/wp-json\/wp\/v2\/media\/31854"}],"wp:attachment":[{"href":"http:\/\/nuevacordoba.net\/index.php\/wp-json\/wp\/v2\/media?parent=31853"}],"wp:term":[{"taxonomy":"category","embeddable":true,"href":"http:\/\/nuevacordoba.net\/index.php\/wp-json\/wp\/v2\/categories?post=31853"},{"taxonomy":"post_tag","embeddable":true,"href":"http:\/\/nuevacordoba.net\/index.php\/wp-json\/wp\/v2\/tags?post=31853"}],"curies":[{"name":"wp","href":"https:\/\/api.w.org\/{rel}","templated":true}]}}