{"id":31875,"date":"2023-05-03T14:35:47","date_gmt":"2023-05-03T14:35:47","guid":{"rendered":"https:\/\/www.ole.com.ar\/autos\/agustin-canapino-coche-celeste-blanco-500-millas-indianapolis-afa-mundial-seleccion_0_t66bmpZdqQ.html"},"modified":"2023-05-03T14:35:47","modified_gmt":"2023-05-03T14:35:47","slug":"canapino-correra-con-el-celeste-y-blanco-de-la-seleccion-en-las-500-millas-de-indianapolis","status":"publish","type":"post","link":"http:\/\/nuevacordoba.net\/index.php\/2023\/05\/03\/canapino-correra-con-el-celeste-y-blanco-de-la-seleccion-en-las-500-millas-de-indianapolis\/","title":{"rendered":"Canapino correr\u00e1 con el celeste y blanco de la Selecci\u00f3n en las 500 Millas de Indian\u00e1polis"},"content":{"rendered":"<p><time class=\"createDate\" datetime=\"2023-05-03T11:35:47-03:00\">03\/05\/2023 11:35hs.<\/time><time class=\"modificatedDate\" datetime=\"2023\/05\/03T11:39:07-03:00\"> Actualizado al 03\/05\/2023 11:39hs.<\/time><\/p>\n<div id=\"storyBody\">\n<div class=\"custom-text \" readability=\"26.769230769231\">\n<p><a href=\"https:\/\/www.ole.com.ar\/tema\/agustin-canapino.html\" title=\"Agust\u00edn Canapino\" alt=\"Agust\u00edn Canapino\" class=\"slug\">Agust\u00edn Canapino<\/a> correr\u00e1 con una edici\u00f3n especial de <a href=\"https:\/\/www.ole.com.ar\/tema\/seleccion-argentina.html\" title=\"Selecci\u00f3n Argentina\" alt=\"Selecci\u00f3n Argentina\" class=\"slug\">Argentina<\/a> en las <a href=\"https:\/\/www.ole.com.ar\/tema\/500-millas-de-indianapolis.html\" title=\"500 millas de Indian\u00e1polis\" alt=\"500 millas de Indian\u00e1polis\" class=\"slug\">500 Millas de Indian\u00e1polis<\/a>, la m\u00edtica carrera de la <a href=\"https:\/\/www.ole.com.ar\/tema\/indycar.html\" title=\"Indycar\" alt=\"Indycar\" class=\"slug\">IndyCar<\/a>, en la que el Tit\u00e1n mostrar\u00e1 los colores de la bandera en el auto #78 de Juncos Hollinger Racing.<\/p>\n<\/div>\n<div class=\"sc-a7166897-0 gOoLzD\" readability=\"6\">\n<section readability=\"2\"><picture><img alt=\"\u00bfPor qu\u00e9 el duelo Verstappen y Checho P\u00e9rez le da vida a la F1?\" src=\"http:\/\/nuevacordoba.net\/wp-content\/uploads\/2023\/05\/canapino-correra-con-el-celeste-y-blanco-de-la-seleccion-en-las-500-millas-de-indianapolis.jpg\" width=\"29\" height=\"29\" decoding=\"async\" data-nimg=\"future\" loading=\"lazy\"><\/picture>\n<p><span>Mir\u00e1 tambi\u00e9n<\/span><\/p>\n<hr>\n<h3>\u00bfPor qu\u00e9 el duelo Verstappen y Checho P\u00e9rez le da vida a la F1?<\/h3>\n<\/p>\n<\/section>\n<\/div>\n<div class=\"custom-text \" readability=\"37.808564231738\">\n<p>El Dallara-Chevrolet conducido por el tetracampe\u00f3n del <a href=\"https:\/\/www.ole.com.ar\/tema\/turismo-carretera.html\" title=\"Turismo Carretera\" alt=\"Turismo Carretera\" class=\"slug\">TC<\/a>,<strong> llevar\u00e1 los colores celeste y blanco<\/strong>. Esta acci\u00f3n se producir\u00e1 por una alianza estrat\u00e9gica entre la <strong>Asociaci\u00f3n del F\u00fatbol Argentino (AFA) y Juncos Hollinger Racing (JHR)<\/strong>, que tambi\u00e9n contar\u00e1 con la colaboraci\u00f3n de Visit Argentina, la marca de promoci\u00f3n tur\u00edstica internacional del Inprotur que auspicia a Canapino y su equipo.<\/p>\n<\/div>\n<div class=\"sc-996041c8-0 dnrmTT\"><img alt=\"El Chevy 78 de Canapino.\" src=\"http:\/\/nuevacordoba.net\/wp-content\/uploads\/2023\/05\/canapino-correra-con-el-celeste-y-blanco-de-la-seleccion-en-las-500-millas-de-indianapolis-1.jpg\" width=\"72\" height=\"10\" decoding=\"async\" data-nimg=\"future\" loading=\"lazy\"><span>El Chevy 78 de Canapino.<\/span><\/div>\n<div class=\"custom-text \" readability=\"37\">\n<p>Canapino habl\u00f3 sobre la novedad: \u201cEs un orgullo y un gran honor representar a los campeones del mundo en la competencia de automovilismo m\u00e1s antigua e importante del planeta. Para m\u00ed es un sue\u00f1o cumplido por duplicado, participar de las 500 Millas como tambi\u00e9n representar a nuestra Selecci\u00f3n que tantas alegr\u00edas nos traen a los argentinos. <strong>Ser\u00e1 mi primera vez en esta carrera y si bien nuestro objetivo est\u00e1 en clasificarnos y terminarla,<\/strong> daremos cada una de las vueltas con todas las ganas de finalizar en la mejor posici\u00f3n posible. Muchas gracias a AFA y todo el Juncos Hollinger Racing por permitirme estar viviendo este gran sue\u00f1o\u201d.<\/p>\n<\/div>\n<div class=\"custom-text \">\n<blockquote><p>Es un orgullo y un gran honor representar a los campeones del mundo (Canapino).<\/p><\/blockquote>\n<\/div>\n<div class=\"sc-996041c8-0 dnrmTT\"><img alt=\"Canapino y Ricardo Juncos, jefe de equipo.\" src=\"http:\/\/nuevacordoba.net\/wp-content\/uploads\/2023\/05\/canapino-correra-con-el-celeste-y-blanco-de-la-seleccion-en-las-500-millas-de-indianapolis-2.jpg\" width=\"72\" height=\"10\" decoding=\"async\" data-nimg=\"future\" loading=\"lazy\"><span>Canapino y Ricardo Juncos, jefe de equipo.<\/span><\/div>\n<div class=\"custom-text \" readability=\"37\">\n<p>Chiqui Tapia, presidente de la AFA, afirm\u00f3: \u201cGenerar acciones como las que hoy celebramos destacan la uni\u00f3n entre los argentinos a trav\u00e9s del deporte. <strong>Poder hoy unir dos grandes pasiones como el f\u00fatbol y el automovilismo en un territorio extranjero es una demostraci\u00f3n de trabajo en equipo<\/strong>. Es un orgullo para la AFA apoyar a un piloto argentino en la emblem\u00e1tica carrera 500 Millas de Indian\u00e1polis y dese\u00e1ndole lo mejor a Agust\u00edn Canapino y al equipo Juncos Hollinger Racing\u201d.<\/p>\n<\/div>\n<div class=\"sc-996041c8-0 dnrmTT\"><img alt=\"As\u00ed ser\u00e1 el auto celeste y blanco.\" src=\"http:\/\/nuevacordoba.net\/wp-content\/uploads\/2023\/05\/canapino-correra-con-el-celeste-y-blanco-de-la-seleccion-en-las-500-millas-de-indianapolis-3.jpg\" width=\"72\" height=\"10\" decoding=\"async\" data-nimg=\"future\" loading=\"lazy\"><span>As\u00ed ser\u00e1 el auto celeste y blanco.<\/span><\/div>\n<div class=\"custom-text \">\n<blockquote><p>Es un orgullo para la AFA apoyar a un piloto argentino en la emblem\u00e1tica carrera 500 Millas de Indian\u00e1polis (Chiqui Tapia).<\/p><\/blockquote>\n<\/div>\n<div class=\"sc-a7166897-0 gOoLzD\" readability=\"6.5\">\n<section readability=\"3\"><picture><img alt=\"Esc\u00e1ndalo en el TC: Urcera le peg\u00f3 a una persona y lo mand\u00f3 al hospital por un comentario contra Nicole Neumann\" src=\"http:\/\/nuevacordoba.net\/wp-content\/uploads\/2023\/05\/canapino-correra-con-el-celeste-y-blanco-de-la-seleccion-en-las-500-millas-de-indianapolis-4.jpg\" width=\"29\" height=\"29\" decoding=\"async\" data-nimg=\"future\" loading=\"lazy\"><\/picture>\n<p><span>Mir\u00e1 tambi\u00e9n<\/span><\/p>\n<hr>\n<h3>Esc\u00e1ndalo en el TC: Urcera le peg\u00f3 a una persona y lo mand\u00f3 al hospital por un comentario contra Nicole Neumann<\/h3>\n<\/p>\n<\/section>\n<\/div>\n<div class=\"custom-text \" readability=\"42\">\n<p>Ricardo Juncos, presidente y co-propietario de JHR, agreg\u00f3: \u201cEs un orgullo para m\u00ed como argentino, tener con nosotros para esta edici\u00f3n de las 500 Millas de Indian\u00e1polis, los colores de mi pa\u00eds y a la Asociaci\u00f3n del F\u00fatbol Argentino. <strong>Poder juntar las dos pasiones m\u00e1s grandes de los argentinos, junto con la AFA y con Agust\u00edn Canapino, en el evento m\u00e1s importante y antiguo de la historia del automovilismo mundial como son las 500 Millas es un sue\u00f1o hecho realidad.<\/strong> Creo que sin dudas ser\u00e1 un hecho hist\u00f3rico para el deporte de nuestro pa\u00eds, que m\u00e1s all\u00e1 de cualquier resultado quedar\u00e1 en el recuerdo de todos\u201d.<\/p>\n<\/div>\n<div class=\"custom-text \" readability=\"32\">\n<p>Ser\u00e1 un hecho hist\u00f3rico para el deporte de nuestro pa\u00eds (Ricardo juncos).<\/p>\n<\/div>\n<div class=\"sc-996041c8-0 dnrmTT\"><img alt=\"Canapino y, detr\u00e1s, su compa\u00f1ero, Callum Ilot.\" src=\"http:\/\/nuevacordoba.net\/wp-content\/uploads\/2023\/05\/canapino-correra-con-el-celeste-y-blanco-de-la-seleccion-en-las-500-millas-de-indianapolis-5.jpg\" width=\"72\" height=\"10\" decoding=\"async\" data-nimg=\"future\" loading=\"lazy\"><span>Canapino y, detr\u00e1s, su compa\u00f1ero, Callum Ilot.<\/span><\/div>\n<div class=\"custom-text \" readability=\"38\">\n<p>Con un dise\u00f1o basado en la Copa del Mundo y los colores de Argentina, el auto #78 de Juncos Hollinger Racing, ser\u00e1 conducido por Canapino, <strong>quien estar\u00e1 debutando en esta m\u00edtica carrera por primera vez en la edici\u00f3n n\u00famero 107\u00ba<\/strong>. La prueba se disputar\u00e1 el 28 de mayo en el Indian\u00e1polis Motor Speedway y ser\u00e1 televisada para la Argentina.<\/p>\n<\/div>\n<div class=\"sc-a7166897-0 gOoLzD\" readability=\"6\">\n<section readability=\"2\"><picture><img alt=\"As\u00ed qued\u00f3 el campeonato de Turismo Carretera luego de Concepci\u00f3n del Uruguay\" src=\"http:\/\/nuevacordoba.net\/wp-content\/uploads\/2023\/05\/canapino-correra-con-el-celeste-y-blanco-de-la-seleccion-en-las-500-millas-de-indianapolis-6.jpg\" width=\"29\" height=\"29\" decoding=\"async\" data-nimg=\"future\" loading=\"lazy\"><\/picture>\n<p><span>Mir\u00e1 tambi\u00e9n<\/span><\/p>\n<hr>\n<h3>As\u00ed qued\u00f3 el campeonato de Turismo Carretera luego de Concepci\u00f3n del Uruguay<\/h3>\n<\/p>\n<\/section>\n<\/div>\n<div class=\"custom-text \" readability=\"40\">\n<p>IndyCar <strong>es la categor\u00eda de monoplazas m\u00e1s importante de Estados Unidos<\/strong>, con carreras en \u00f3valos, trazados callejeros y circuitos tradicionales, como el de las 500 Millas de Indian\u00e1polis, que naci\u00f3 en 1911, convirti\u00e9ndose desde ese momento, en la carrera m\u00e1s importante del mundo motor.<\/p>\n<\/div>\n<p><h2>C\u00f3mo va Canapino<\/h2>\n<\/p>\n<div class=\"custom-text \" readability=\"30.244897959184\">\n<p>Agust\u00edn <strong>corri\u00f3 las cuatro fechas que se llevan disputadas del campeonato<\/strong>, en dos circuitos y dos callejeros. Luego de conseguir dos inesperados 12os puestos, en la tercera carrera debi\u00f3 abandonar, y en la del domingo figur\u00f3 26\u00b0, <a href=\"http:\/\/DGB018GT0K\" target=\"_blank\" rel=\"noopener\">cumpliendo su objetivo de terminar las 90 exigentes vueltas.<\/a><\/p>\n<\/div>\n<div class=\"sc-a7166897-0 gOoLzD\" readability=\"6.5\">\n<section readability=\"3\"><picture><img alt=\"IndyCar: Canapino sali\u00f3 ante\u00faltimo en Barber, pero cumpli\u00f3 su objetivo\" src=\"http:\/\/nuevacordoba.net\/wp-content\/uploads\/2023\/05\/canapino-correra-con-el-celeste-y-blanco-de-la-seleccion-en-las-500-millas-de-indianapolis-7.jpg\" width=\"29\" height=\"29\" decoding=\"async\" data-nimg=\"future\" loading=\"lazy\"><\/picture>\n<p><span>Mir\u00e1 tambi\u00e9n<\/span><\/p>\n<hr>\n<h3>IndyCar: Canapino sali\u00f3 ante\u00faltimo en Barber, pero cumpli\u00f3 su objetivo<\/h3>\n<\/p>\n<\/section>\n<\/div>\n<div class=\"custom-text \" readability=\"41\">\n<p>Con estos resultados, <strong>el arrecife\u00f1o figura en el 18\u00b0 lugar del campeonato entre 35 pilotos<\/strong>. Y es segundo en la tabla de novatos, con 47 unidades, detr\u00e1s del australiano Marcus Armstrong, quien acumula 62. La pr\u00f3xima fecha es el 13 de mayo, el GMR Grand Prix de Indian\u00e1polis, una previa de las 500 Millas. <\/p>\n<\/div>\n<\/div>\n","protected":false},"excerpt":{"rendered":"<p>03\/05\/2023 11:35hs. Actualizado al 03\/05\/2023 11:39hs. Agust\u00edn Canapino correr\u00e1 con una edici\u00f3n especial de Argentina en las 500 Millas de Indian\u00e1polis, la m\u00edtica carrera de la IndyCar, en la que el Tit\u00e1n mostrar\u00e1 los colores de la bandera en el auto #78 de Juncos Hollinger Racing. Mir\u00e1 tambi\u00e9n \u00bfPor qu\u00e9 el duelo Verstappen y Checho [&hellip;]<\/p>\n","protected":false},"author":1,"featured_media":31876,"comment_status":"closed","ping_status":"closed","sticky":false,"template":"","format":"standard","meta":[],"categories":[10],"tags":[],"_links":{"self":[{"href":"http:\/\/nuevacordoba.net\/index.php\/wp-json\/wp\/v2\/posts\/31875"}],"collection":[{"href":"http:\/\/nuevacordoba.net\/index.php\/wp-json\/wp\/v2\/posts"}],"about":[{"href":"http:\/\/nuevacordoba.net\/index.php\/wp-json\/wp\/v2\/types\/post"}],"author":[{"embeddable":true,"href":"http:\/\/nuevacordoba.net\/index.php\/wp-json\/wp\/v2\/users\/1"}],"replies":[{"embeddable":true,"href":"http:\/\/nuevacordoba.net\/index.php\/wp-json\/wp\/v2\/comments?post=31875"}],"version-history":[{"count":0,"href":"http:\/\/nuevacordoba.net\/index.php\/wp-json\/wp\/v2\/posts\/31875\/revisions"}],"wp:featuredmedia":[{"embeddable":true,"href":"http:\/\/nuevacordoba.net\/index.php\/wp-json\/wp\/v2\/media\/31876"}],"wp:attachment":[{"href":"http:\/\/nuevacordoba.net\/index.php\/wp-json\/wp\/v2\/media?parent=31875"}],"wp:term":[{"taxonomy":"category","embeddable":true,"href":"http:\/\/nuevacordoba.net\/index.php\/wp-json\/wp\/v2\/categories?post=31875"},{"taxonomy":"post_tag","embeddable":true,"href":"http:\/\/nuevacordoba.net\/index.php\/wp-json\/wp\/v2\/tags?post=31875"}],"curies":[{"name":"wp","href":"https:\/\/api.w.org\/{rel}","templated":true}]}}