{"id":3190,"date":"2021-04-14T08:15:26","date_gmt":"2021-04-14T08:15:26","guid":{"rendered":"https:\/\/www.espinof.com\/presentadores\/karlos-arguinano-premio-nacional-television-2021-consolidacion-genero-que-reune-television-gastronomia-cultura"},"modified":"2021-04-14T08:15:26","modified_gmt":"2021-04-14T08:15:26","slug":"karlos-arguinano-premio-nacional-de-television-2021-por-la-consolidacion-de-un-genero-que-reune-television-gastronomia-y-cultura","status":"publish","type":"post","link":"http:\/\/nuevacordoba.net\/index.php\/2021\/04\/14\/karlos-arguinano-premio-nacional-de-television-2021-por-la-consolidacion-de-un-genero-que-reune-television-gastronomia-y-cultura\/","title":{"rendered":"Karlos Argui\u00f1ano, Premio Nacional de Televisi\u00f3n 2021 por \u00abla consolidaci\u00f3n de un g\u00e9nero que re\u00fane televisi\u00f3n, gastronom\u00eda y cultura\u00bb"},"content":{"rendered":"<p>Creo que pocos rostros son tan reconocibles en la televisi\u00f3n como el de <a href=\"https:\/\/www.espinof.com\/presentadores\/animales-televisivos-karlos-arguinano\">Karlos Argui\u00f1ano<\/a>. El <strong>cocinero m\u00e1s medi\u00e1tico ha sido galardonado con el Premio Nacional de Televisi\u00f3n 2021<\/strong>, laurel que cada a\u00f1o recompensa a un profesional por su excelencia en el medio durante el a\u00f1o anterior o bien por su carrera.<\/p>\n<p><!-- BREAK 1 --><\/p>\n<p>El jurado ha destacado con este premio la <strong>continuidad sostenida de la trayectoria televisiva del chef<\/strong>, uno de los pioneros del g\u00e9nero gastron\u00f3mico en la televisi\u00f3n nacional. No en vano lleva treinta a\u00f1os ininterrumpidos con llenando las cocinas espa\u00f1olas con sus recetas.<\/p>\n<p><!-- BREAK 2 --> <\/p>\n<div class=\"article-asset article-asset-normal article-asset-center\">\n<div class=\"desvio-container\">\n<div class=\"desvio\">\n<div class=\"desvio-figure js-desvio-figure\"> <a href=\"https:\/\/www.directoalpaladar.com\/chefs\/karlos-arguinano-cumple-70-anos-sigue-siendo-cocinero-querido-espana\" target=\"&quot;_blank&quot;\" rel=\"noopener\"> <img alt=\"Karlos Argui\u00f1ano cumple 70 a\u00f1os: esta es la historia del cocinero m\u00e1s querido de Espa\u00f1a\" src=\"http:\/\/nuevacordoba.net\/wp-content\/uploads\/2021\/04\/karlos-arguinano-premio-nacional-de-television-2021-por-la-consolidacion-de-un-genero-que-reune-television-gastronomia-y-cultura.jpg\"> <\/a> <\/div><\/div><\/div>\n<\/div>\n<p>Seg\u00fan el jurado este premio viene a:<\/p>\n<blockquote><p>\u00abreconocer en la personalidad creativa del premiado la continuidad sostenida de una completa trayectoria en el \u00e1mbito de la televisi\u00f3n, con especial relevancia en el afianzamiento y la consolidaci\u00f3n de un g\u00e9nero que re\u00fane televisi\u00f3n, gastronom\u00eda y cultura. Su aportaci\u00f3n a la creaci\u00f3n de audiencias fieles significa un impulso decisivo a la gastronom\u00eda como sector cultural\u00bb<\/p><\/blockquote>\n<h2>Rico, rico y con fundamento<\/h2>\n<p>El jurado ha sido presidido por Adriana Moscoso del Prado y ha contando como vocales con Mar\u00eda Casado como actual presidenta de la Academia de Televisi\u00f3n y Andreu Buenafuente como premiado en la edici\u00f3n anterior, entre otros profesionales del gremio. El premio est\u00e1 concedido por el Ministerio de Cultura y Deporte y est\u00e1 dotado con 30 000 euros.<\/p>\n<p><!-- BREAK 3 --><\/p>\n<p>Una magn\u00edfica noticia para los amantes y apasionados de la gastronom\u00eda ya que probablemente sin el fen\u00f3meno que supuso Argui\u00f1ano en su momento, el g\u00e9nero de cocina en televisi\u00f3n hubiera tardado m\u00e1s en permear en las audiencias espa\u00f1olas.<\/p>\n<p><!-- BREAK 4 --> <\/p>\n","protected":false},"excerpt":{"rendered":"<p>Creo que pocos rostros son tan reconocibles en la televisi\u00f3n como el de Karlos Argui\u00f1ano. El cocinero m\u00e1s medi\u00e1tico ha sido galardonado con el Premio Nacional de Televisi\u00f3n 2021, laurel que cada a\u00f1o recompensa a un profesional por su excelencia en el medio durante el a\u00f1o anterior o bien por su carrera. El jurado ha [&hellip;]<\/p>\n","protected":false},"author":1,"featured_media":3191,"comment_status":"closed","ping_status":"closed","sticky":false,"template":"","format":"standard","meta":[],"categories":[6],"tags":[],"_links":{"self":[{"href":"http:\/\/nuevacordoba.net\/index.php\/wp-json\/wp\/v2\/posts\/3190"}],"collection":[{"href":"http:\/\/nuevacordoba.net\/index.php\/wp-json\/wp\/v2\/posts"}],"about":[{"href":"http:\/\/nuevacordoba.net\/index.php\/wp-json\/wp\/v2\/types\/post"}],"author":[{"embeddable":true,"href":"http:\/\/nuevacordoba.net\/index.php\/wp-json\/wp\/v2\/users\/1"}],"replies":[{"embeddable":true,"href":"http:\/\/nuevacordoba.net\/index.php\/wp-json\/wp\/v2\/comments?post=3190"}],"version-history":[{"count":0,"href":"http:\/\/nuevacordoba.net\/index.php\/wp-json\/wp\/v2\/posts\/3190\/revisions"}],"wp:featuredmedia":[{"embeddable":true,"href":"http:\/\/nuevacordoba.net\/index.php\/wp-json\/wp\/v2\/media\/3191"}],"wp:attachment":[{"href":"http:\/\/nuevacordoba.net\/index.php\/wp-json\/wp\/v2\/media?parent=3190"}],"wp:term":[{"taxonomy":"category","embeddable":true,"href":"http:\/\/nuevacordoba.net\/index.php\/wp-json\/wp\/v2\/categories?post=3190"},{"taxonomy":"post_tag","embeddable":true,"href":"http:\/\/nuevacordoba.net\/index.php\/wp-json\/wp\/v2\/tags?post=3190"}],"curies":[{"name":"wp","href":"https:\/\/api.w.org\/{rel}","templated":true}]}}