{"id":31965,"date":"2023-05-07T14:21:16","date_gmt":"2023-05-07T14:21:16","guid":{"rendered":"http:\/\/nuevacordoba.net\/index.php\/2023\/05\/07\/central-y-platense-chocan-en-rosario-con-la-mision-de-recuperarse\/"},"modified":"2023-05-07T14:21:16","modified_gmt":"2023-05-07T14:21:16","slug":"central-y-platense-chocan-en-rosario-con-la-mision-de-recuperarse","status":"publish","type":"post","link":"http:\/\/nuevacordoba.net\/index.php\/2023\/05\/07\/central-y-platense-chocan-en-rosario-con-la-mision-de-recuperarse\/","title":{"rendered":"Central y Platense chocan en Rosario con la misi\u00f3n de recuperarse"},"content":{"rendered":"<figure class=\"mb-3\"><img loading=\"lazy\" data-src=\"http:\/\/nuevacordoba.net\/wp-content\/uploads\/2023\/05\/central-y-platense-chocan-en-rosario-con-la-mision-de-recuperarse.jpg\" src=\"https:\/\/www.telam.com.ar\/assets\/img\/not_image.png\" class=\" lazy \" width=\"100%\" height=\"100%\" alt=\"Foto Archivo Tlam\"><figcaption> Foto: Archivo T\u00e9lam. <\/figcaption><\/figure>\n<p><strong>Rosario Central<\/strong>, que viene de perder en C\u00f3rdoba con Talleres, <strong>y Platense<\/strong>, que viene de caer como local ante Estudiantes, <strong>se<\/strong> <strong>enfrentar\u00e1n este domingo<\/strong> con la misi\u00f3n de recuperarse en uno de los cuatro partidos que le dar\u00e1n continuidad a la fecha 15 de la Liga Profesional de F\u00fatbol (LPF).<\/p>\n<p>El encuentro se jugar\u00e1 este domingo a partir de las 14 en el estadio Gigante de Arroyito, de Central, ser\u00e1 arbitrado por Fernando Espinoza y televisado por las se\u00f1ales de cable TNT Sports y ESPN Premium.<\/p>\n<p>El director t\u00e9cnico \u00abcanalla\u00bb, Miguel \u00c1ngel Russo, volver\u00e1 a contar con el volante ofensivo Ignacio Malcorra, quien se recuper\u00f3 de una lesi\u00f3n en una cresta il\u00edaca que lo margin\u00f3 del \u00faltimo encuentro, pero tiene en duda la presencia del mediocampista Walter Montoya, quien se lesion\u00f3 un tobillo contra Talleres.<\/p>\n<p>En caso de que Montoya no se recupere su lugar ser\u00eda ocupado por Francis Mac Allister.<\/p>\n<p>En tanto, Russo no contar\u00e1 con los suspendidos defensores Dami\u00e1n Mart\u00ednez y Facundo Mallo, quienes llegaron a la quinta amonestaci\u00f3n, y en su lugar jugar\u00e1n el marcador lateral derecho Ismael Cortez y el zaguero Juan Cruz Komar.<\/p>\n<blockquote class=\"twitter-tweet\" readability=\"3.2758620689655\">\n<p lang=\"es\" dir=\"ltr\">\ud83d\udd1c Platense. Domingo 14 hs en el Gigante.<a href=\"https:\/\/twitter.com\/hashtag\/VamosCanalla?src=hash&amp;ref_src=twsrc%5Etfw\">#VamosCanalla<\/a> \ud83d\udcaa\ud83c\uddfa\ud83c\udde6 <a href=\"https:\/\/t.co\/FlJeyAC7iN\">pic.twitter.com\/FlJeyAC7iN<\/a><\/p>\n<p>\u2014 Rosario Central (@RosarioCentral) <a href=\"https:\/\/twitter.com\/RosarioCentral\/status\/1654544515636641794?ref_src=twsrc%5Etfw\">May 5, 2023<\/a><\/p><\/blockquote>\n<p>Central, que ocupa la s\u00e9ptima posici\u00f3n, con 23 puntos, a 11 del puntero River, jugar\u00e1 a estadio lleno ya que sus hinchas agotaron las entradas, aunque no podr\u00e1n portar banderas ni bombos por una sanci\u00f3n aplicada al club por el Ministerio de Seguridad de la provincia de Santa Fe por una serie de incidentes registrados en todos los encuentros jugados en su cancha.<\/p>\n<p>Enfrente estar\u00e1 Platense, que sum\u00f3 17 puntos y est\u00e1 en zona de descenso con el segundo peor promedio despu\u00e9s de Arsenal.<\/p>\n<p>El director t\u00e9cnico \u00abcalamar\u00bb, Mart\u00edn Palermo, no contar\u00e1 con el volante Nicol\u00e1s Castro, suspendido por cinco amonestaciones, quien ser\u00eda reemplazado por Franco Baldesarra, mientras Alexis Sabela ingresar\u00e1 por Franco D\u00edaz.<\/p>\n<p><strong>Probables Formaciones&nbsp;<\/strong><\/p>\n<p><strong>Rosario Central<\/strong>: Jorge Broun; Ismael Cortez, Juan Cruz Komar, Carlos Quintana y Alex Rodr\u00edguez; Walter Montoya o Francis Mac Allister y Kevin Ortiz; Lautaro Giaccone, Ignacio Malcorra y Jaminton Campaz; Alejo V\u00e9liz. DT: Miguel \u00c1ngel Russo.<\/p>\n<p><strong>Platense<\/strong>: Ramiro Macagno; Nicol\u00e1s Morgantini, Ignacio V\u00e1zquez, Sasha Marcich y Marco Pellegrino; Alexis Sabela, Iv\u00e1n Rossi, Vicente Taborda y Franco Baldasarra; Ronaldo Mart\u00ednez y Nicol\u00e1s Servetto o Mauro Quiroga. DT: Mart\u00edn Palermo.<\/p>\n<p>Arbitro: Fernando Espinoza.<\/p>\n<p>VAR: Facundo Tello.<\/p>\n<p>Cancha: Rosario Central.<\/p>\n<p>Hora de inicio: 14.<\/p>\n<p>TV: TNT Sports y ESPN Premium.<\/p>\n","protected":false},"excerpt":{"rendered":"<p>Foto: Archivo T\u00e9lam. Rosario Central, que viene de perder en C\u00f3rdoba con Talleres, y Platense, que viene de caer como local ante Estudiantes, se enfrentar\u00e1n este domingo con la misi\u00f3n de recuperarse en uno de los cuatro partidos que le dar\u00e1n continuidad a la fecha 15 de la Liga Profesional de F\u00fatbol (LPF). El encuentro [&hellip;]<\/p>\n","protected":false},"author":1,"featured_media":31966,"comment_status":"closed","ping_status":"closed","sticky":false,"template":"","format":"standard","meta":[],"categories":[10],"tags":[],"_links":{"self":[{"href":"http:\/\/nuevacordoba.net\/index.php\/wp-json\/wp\/v2\/posts\/31965"}],"collection":[{"href":"http:\/\/nuevacordoba.net\/index.php\/wp-json\/wp\/v2\/posts"}],"about":[{"href":"http:\/\/nuevacordoba.net\/index.php\/wp-json\/wp\/v2\/types\/post"}],"author":[{"embeddable":true,"href":"http:\/\/nuevacordoba.net\/index.php\/wp-json\/wp\/v2\/users\/1"}],"replies":[{"embeddable":true,"href":"http:\/\/nuevacordoba.net\/index.php\/wp-json\/wp\/v2\/comments?post=31965"}],"version-history":[{"count":0,"href":"http:\/\/nuevacordoba.net\/index.php\/wp-json\/wp\/v2\/posts\/31965\/revisions"}],"wp:featuredmedia":[{"embeddable":true,"href":"http:\/\/nuevacordoba.net\/index.php\/wp-json\/wp\/v2\/media\/31966"}],"wp:attachment":[{"href":"http:\/\/nuevacordoba.net\/index.php\/wp-json\/wp\/v2\/media?parent=31965"}],"wp:term":[{"taxonomy":"category","embeddable":true,"href":"http:\/\/nuevacordoba.net\/index.php\/wp-json\/wp\/v2\/categories?post=31965"},{"taxonomy":"post_tag","embeddable":true,"href":"http:\/\/nuevacordoba.net\/index.php\/wp-json\/wp\/v2\/tags?post=31965"}],"curies":[{"name":"wp","href":"https:\/\/api.w.org\/{rel}","templated":true}]}}