{"id":31984,"date":"2023-05-07T21:05:43","date_gmt":"2023-05-07T21:05:43","guid":{"rendered":"http:\/\/cordobanewsnet.wordpress.com\/2023\/05\/07\/anticipan-llegada-de-el-nino-con-lluvias-intensas-para-cordoba\/"},"modified":"2023-05-07T21:05:43","modified_gmt":"2023-05-07T21:05:43","slug":"anticipan-llegada-de-el-nino-con-lluvias-intensas-para-cordoba","status":"publish","type":"post","link":"http:\/\/nuevacordoba.net\/index.php\/2023\/05\/07\/anticipan-llegada-de-el-nino-con-lluvias-intensas-para-cordoba\/","title":{"rendered":"Anticipan llegada de El Ni\u00f1o con lluvias intensas para C\u00f3rdoba"},"content":{"rendered":"<p><!-- \/featured-media --> <\/p>\n<div class=\"post-content clear\" readability=\"39.969849246231\">\n<p>Despu\u00e9s de la sequ\u00eda que atraves\u00f3 el pa\u00eds y provoc\u00f3 p\u00e9rdidas irreparables y millonarias en C\u00f3rdoba, anticipan un brusco cambio en cuestiones clim\u00e1ticas.<\/p>\n<p>Seg\u00fan los \u00faltimos informes emitidos por la Organizaci\u00f3n Meteorol\u00f3gica Mundial (OMM), anticipan la llegada de El Ni\u00f1o entre julio y agosto.<\/p>\n<figure class=\"wp-block-image size-large\"><img data-attachment-id=\"7946\" data-permalink=\"https:\/\/cordobanewsnet.wordpress.com\/2023\/05\/07\/anticipan-llegada-de-el-nino-con-lluvias-intensas-para-cordoba\/img_6570\/\" data-orig-file=\"http:\/\/nuevacordoba.net\/wp-content\/uploads\/2023\/05\/anticipan-llegada-de-el-nino-con-lluvias-intensas-para-cordoba.jpg\" data-orig-size=\"791,445\" data-comments-opened=\"1\" data-image-meta=\"{&quot;aperture&quot;:&quot;0&quot;,&quot;credit&quot;:&quot;&quot;,&quot;camera&quot;:&quot;&quot;,&quot;caption&quot;:&quot;&quot;,&quot;created_timestamp&quot;:&quot;0&quot;,&quot;copyright&quot;:&quot;&quot;,&quot;focal_length&quot;:&quot;0&quot;,&quot;iso&quot;:&quot;0&quot;,&quot;shutter_speed&quot;:&quot;0&quot;,&quot;title&quot;:&quot;&quot;,&quot;orientation&quot;:&quot;1&quot;}\" data-image-title=\"img_6570\" data-image-description data-image-caption data-medium-file=\"http:\/\/nuevacordoba.net\/wp-content\/uploads\/2023\/05\/anticipan-llegada-de-el-nino-con-lluvias-intensas-para-cordoba.jpg?w=300\" data-large-file=\"http:\/\/nuevacordoba.net\/wp-content\/uploads\/2023\/05\/anticipan-llegada-de-el-nino-con-lluvias-intensas-para-cordoba.jpg?w=736\" src=\"http:\/\/nuevacordoba.net\/wp-content\/uploads\/2023\/05\/anticipan-llegada-de-el-nino-con-lluvias-intensas-para-cordoba.jpg\" class=\"wp-image-7946\" srcset=\"http:\/\/nuevacordoba.net\/wp-content\/uploads\/2023\/05\/anticipan-llegada-de-el-nino-con-lluvias-intensas-para-cordoba.jpg 791w, http:\/\/nuevacordoba.net\/wp-content\/uploads\/2023\/05\/anticipan-llegada-de-el-nino-con-lluvias-intensas-para-cordoba.jpg?w=150 150w, http:\/\/nuevacordoba.net\/wp-content\/uploads\/2023\/05\/anticipan-llegada-de-el-nino-con-lluvias-intensas-para-cordoba.jpg?w=300 300w, http:\/\/nuevacordoba.net\/wp-content\/uploads\/2023\/05\/anticipan-llegada-de-el-nino-con-lluvias-intensas-para-cordoba.jpg?w=768 768w\" sizes=\"(max-width: 791px) 100vw, 791px\"><\/figure>\n<p>Aseguran que las probabilidades del desembarco del fen\u00f3meno rondan entre un 65 y 70 por ciento. Esto dar\u00eda lugar a eventos de lluvias intensas en la temporada primavera-verano.<\/p>\n<div class=\"wordads-ad-wrapper\">\n<div class=\"wordads-ad\">\n<p>Anuncio publicitario<\/p>\n<p><span onclick=\"javascript:__tcfapi( 'showUi' );\">Ajustes de privacidad<\/span><\/p>\n<\/div>\n<\/div>\n<div id=\"jp-post-flair\" class=\"sharedaddy sd-like-enabled sd-sharing-enabled\">\n<div class=\"sharedaddy sd-sharing-enabled\">\n<div class=\"robots-nocontent sd-block sd-social sd-social-icon-text sd-sharing\">\n<h3 class=\"sd-title\">Share this:<\/h3>\n<\/div>\n<\/div>\n<div class=\"sharedaddy sd-block sd-like jetpack-likes-widget-wrapper jetpack-likes-widget-unloaded\" id=\"like-post-wrapper-143108178-7947-6458af02aaa4b\" data-src=\"\/\/widgets.wp.com\/likes\/index.html?ver=20230309#blog_id=143108178&amp;post_id=7947&amp;origin=cordobanewsnet.wordpress.com&amp;obj_id=143108178-7947-6458af02aaa4b\" data-name=\"like-post-frame-143108178-7947-6458af02aaa4b\" data-title=\"Me gusta o Compartir\">\n<h3 class=\"sd-title\">Me gusta esto:<\/h3>\n<p><span class=\"button\"><span>Me gusta<\/span><\/span> <span class=\"loading\">Cargando&#8230;<\/span><\/p>\n<p><span class=\"sd-text-color\"><\/span><\/div>\n<p><h3 class=\"jp-relatedposts-headline\"><em>Relacionado<\/em><\/h3>\n<\/p>\n<\/div><\/div>\n<p><!--\/.post-content--> <\/p>\n<footer class=\"post-meta-container clear\" readability=\"0.83333333333333\">\n<div class=\"entry-author author-avatar-show\" readability=\"14.031746031746\">\n<div class=\"author-avatar\"> <img loading=\"lazy\" alt src=\"http:\/\/nuevacordoba.net\/wp-content\/uploads\/2023\/05\/anticipan-llegada-de-el-nino-con-lluvias-intensas-para-cordoba-1.jpg\" class=\"avatar avatar-90\" height=\"90\" width=\"90\"> <\/div>\n<p><!-- .author-avatar --> <\/p>\n<p><h2 class=\"author-title\">Publicado por <span class=\"author-name\">angelaponso<\/span><\/h2>\n<\/p>\n<p><!-- .author-heading --> <\/p>\n<p class=\"author-bio\"> <a class=\"author-link\" href=\"https:\/\/cordobanewsnet.wordpress.com\/author\/angelaponso\/\" rel=\"author\"> Ver todas las entradas de angelaponso <\/a> <\/p>\n<p><!-- .author-bio --> <\/div>\n<p><!-- .entry-auhtor --> <\/footer>\n<p> <!-- \/post-meta-container --> <!-- #respond --> <\/p>\n","protected":false},"excerpt":{"rendered":"<p>Despu\u00e9s de la sequ\u00eda que atraves\u00f3 el pa\u00eds y provoc\u00f3 p\u00e9rdidas irreparables y millonarias en C\u00f3rdoba, anticipan un brusco cambio en cuestiones clim\u00e1ticas. Seg\u00fan los \u00faltimos informes emitidos por la Organizaci\u00f3n Meteorol\u00f3gica Mundial (OMM), anticipan la llegada de El Ni\u00f1o entre julio y agosto. Aseguran que las probabilidades del desembarco del fen\u00f3meno rondan entre un [&hellip;]<\/p>\n","protected":false},"author":1,"featured_media":31985,"comment_status":"closed","ping_status":"closed","sticky":false,"template":"","format":"standard","meta":[],"categories":[14],"tags":[],"_links":{"self":[{"href":"http:\/\/nuevacordoba.net\/index.php\/wp-json\/wp\/v2\/posts\/31984"}],"collection":[{"href":"http:\/\/nuevacordoba.net\/index.php\/wp-json\/wp\/v2\/posts"}],"about":[{"href":"http:\/\/nuevacordoba.net\/index.php\/wp-json\/wp\/v2\/types\/post"}],"author":[{"embeddable":true,"href":"http:\/\/nuevacordoba.net\/index.php\/wp-json\/wp\/v2\/users\/1"}],"replies":[{"embeddable":true,"href":"http:\/\/nuevacordoba.net\/index.php\/wp-json\/wp\/v2\/comments?post=31984"}],"version-history":[{"count":0,"href":"http:\/\/nuevacordoba.net\/index.php\/wp-json\/wp\/v2\/posts\/31984\/revisions"}],"wp:featuredmedia":[{"embeddable":true,"href":"http:\/\/nuevacordoba.net\/index.php\/wp-json\/wp\/v2\/media\/31985"}],"wp:attachment":[{"href":"http:\/\/nuevacordoba.net\/index.php\/wp-json\/wp\/v2\/media?parent=31984"}],"wp:term":[{"taxonomy":"category","embeddable":true,"href":"http:\/\/nuevacordoba.net\/index.php\/wp-json\/wp\/v2\/categories?post=31984"},{"taxonomy":"post_tag","embeddable":true,"href":"http:\/\/nuevacordoba.net\/index.php\/wp-json\/wp\/v2\/tags?post=31984"}],"curies":[{"name":"wp","href":"https:\/\/api.w.org\/{rel}","templated":true}]}}