{"id":31988,"date":"2023-05-08T11:16:22","date_gmt":"2023-05-08T11:16:22","guid":{"rendered":"https:\/\/prensa.cba.gov.ar\/?p=549441"},"modified":"2023-05-08T11:16:22","modified_gmt":"2023-05-08T11:16:22","slug":"la-oficina-movil-de-empleo-sigue-recorriendo-la-provincia","status":"publish","type":"post","link":"http:\/\/nuevacordoba.net\/index.php\/2023\/05\/08\/la-oficina-movil-de-empleo-sigue-recorriendo-la-provincia\/","title":{"rendered":"La Oficina M\u00f3vil de Empleo sigue recorriendo la Provincia"},"content":{"rendered":"<div><img src=\"http:\/\/nuevacordoba.net\/wp-content\/uploads\/2023\/05\/la-oficina-movil-de-empleo-sigue-recorriendo-la-provincia.png\" class=\"ff-og-image-inserted\"><\/div>\n<ul>\n<li><strong>Durante la semana del 08 al 11 de mayo, la Oficina M\u00f3vil recorrer\u00e1 la capital e interior de la provincia.<\/strong><\/li>\n<li><strong>Este espacio brinda asesoramiento para afrontar las etapas de reclutamiento laboral y para optimizar y\/o dise\u00f1ar un curriculum vitae.<\/strong> <strong>La actividad es 100% gratuita.<\/strong><\/li>\n<\/ul>\n<p>La Oficina M\u00f3vil de Empleo sigue recorriendo C\u00f3rdoba. Esta acci\u00f3n, impulsada a trav\u00e9s de la Direcci\u00f3n de Empleo del Ministerio de Empleo y Formaci\u00f3n profesional, tiene como objetivo promover y asesorar en herramientas para la b\u00fasqueda laboral.&nbsp;<\/p>\n<p>Este espacio est\u00e1 pensado para quienes necesitan instrumentos para la b\u00fasqueda laboral. En este sentido, el equipo de la Direcci\u00f3n de Empleo ayudar\u00e1 a las y los ciudadanos a:&nbsp;<\/p>\n<ul>\n<li>Corregir y dise\u00f1ar el Curr\u00edculum Vitae.<\/li>\n<li>Prepararse para una entrevista laboral.&nbsp;<\/li>\n<li>Conocer las distintas etapas de reclutamiento laboral.&nbsp;<\/li>\n<li>Informarse sobre el Portal de Empleo del Ministerio de Empleo y Formaci\u00f3n Profesional.&nbsp;<\/li>\n<li>Recibir informaci\u00f3n sobre el proceso de inscripci\u00f3n del <strong>Programa Primer Paso y PIL Nuevas Tecnolog\u00edas.\u2063<\/strong><\/li>\n<\/ul>\n<p>Adem\u00e1s, los asesores de la Oficina M\u00f3vil brindar\u00e1n un servicio donde se podr\u00e1 sacar una foto digital para sumarla al CV.&nbsp;<\/p>\n<h4><strong>D\u00edas y horarios<\/strong><\/h4>\n<p>Pod\u00e9s visitar la Oficina M\u00f3vil los siguientes d\u00edas:&nbsp;<\/p>\n<ul>\n<li><strong>Lunes 08\/05<\/strong> de 10:00 a 13:00 hs en Plaza Central, <strong>Bouwer.<\/strong><\/li>\n<li><strong>Martes 09\/05<\/strong> de 10:00 a 13:00 hs. en Plaza Gral Paz , Av. Independencia entre Pellegrini y Belgrano \u2013 <strong>Laboulaye.<\/strong><\/li>\n<li><strong>Mi\u00e9rcoles 10\/05<\/strong> de 10:00 a 13:00 hs. en CPC N\u00b0 5 Ruta 20, Av. Fuerza A\u00e9rea 4300 \u2013 <strong>C\u00f3rdoba Capital.<\/strong><\/li>\n<li><strong>Jueves 11\/05<\/strong> de 10:00 a 13:00 hs. en CPC N\u00b0 7 Empalme, Av. Gdor. Amadeo Sabattini 4650 \u2013 <strong>C\u00f3rdoba Capital.<\/strong><\/li>\n<\/ul>\n<p>M\u00e1s informaci\u00f3n ingresando a <a href=\"http:\/\/empleoyformacion.cba.gov.ar\" target=\"_blank\" rel=\"noreferrer noopener\">empleoyformacion.cba.gov.ar<\/a><\/p>\n","protected":false},"excerpt":{"rendered":"<p>Durante la semana del 08 al 11 de mayo, la Oficina M\u00f3vil recorrer\u00e1 la capital e interior de la provincia. Este espacio brinda asesoramiento para afrontar las etapas de reclutamiento laboral y para optimizar y\/o dise\u00f1ar un curriculum vitae. La actividad es 100% gratuita. La Oficina M\u00f3vil de Empleo sigue recorriendo C\u00f3rdoba. Esta acci\u00f3n, impulsada [&hellip;]<\/p>\n","protected":false},"author":1,"featured_media":31989,"comment_status":"closed","ping_status":"closed","sticky":false,"template":"","format":"standard","meta":[],"categories":[14],"tags":[],"_links":{"self":[{"href":"http:\/\/nuevacordoba.net\/index.php\/wp-json\/wp\/v2\/posts\/31988"}],"collection":[{"href":"http:\/\/nuevacordoba.net\/index.php\/wp-json\/wp\/v2\/posts"}],"about":[{"href":"http:\/\/nuevacordoba.net\/index.php\/wp-json\/wp\/v2\/types\/post"}],"author":[{"embeddable":true,"href":"http:\/\/nuevacordoba.net\/index.php\/wp-json\/wp\/v2\/users\/1"}],"replies":[{"embeddable":true,"href":"http:\/\/nuevacordoba.net\/index.php\/wp-json\/wp\/v2\/comments?post=31988"}],"version-history":[{"count":0,"href":"http:\/\/nuevacordoba.net\/index.php\/wp-json\/wp\/v2\/posts\/31988\/revisions"}],"wp:featuredmedia":[{"embeddable":true,"href":"http:\/\/nuevacordoba.net\/index.php\/wp-json\/wp\/v2\/media\/31989"}],"wp:attachment":[{"href":"http:\/\/nuevacordoba.net\/index.php\/wp-json\/wp\/v2\/media?parent=31988"}],"wp:term":[{"taxonomy":"category","embeddable":true,"href":"http:\/\/nuevacordoba.net\/index.php\/wp-json\/wp\/v2\/categories?post=31988"},{"taxonomy":"post_tag","embeddable":true,"href":"http:\/\/nuevacordoba.net\/index.php\/wp-json\/wp\/v2\/tags?post=31988"}],"curies":[{"name":"wp","href":"https:\/\/api.w.org\/{rel}","templated":true}]}}