{"id":32037,"date":"2023-05-09T15:06:05","date_gmt":"2023-05-09T15:06:05","guid":{"rendered":"https:\/\/www.espinof.com\/anime\/final-one-piece-anda-cerca-eiichiro-oda-advirtio-hace-25-anos-como-podriamos-darnos-cuenta"},"modified":"2023-05-09T15:06:05","modified_gmt":"2023-05-09T15:06:05","slug":"el-final-de-one-piece-anda-cerca-y-eiichiro-oda-ya-advirtio-hace-25-anos-como-podriamos-darnos-cuenta","status":"publish","type":"post","link":"http:\/\/nuevacordoba.net\/index.php\/2023\/05\/09\/el-final-de-one-piece-anda-cerca-y-eiichiro-oda-ya-advirtio-hace-25-anos-como-podriamos-darnos-cuenta\/","title":{"rendered":"El final de &#8216;One Piece&#8217; anda cerca y Eiichiro Oda ya advirti\u00f3 hace 25 a\u00f1os c\u00f3mo podr\u00edamos darnos cuenta"},"content":{"rendered":"<p>En el anime nos vamos acercando poquito a poco al final del Arco del Pa\u00eds de Wano, pero el manga ya lleg\u00f3 all\u00ed el a\u00f1o pasado con un zambombazo. Y lo siguiente que toc\u00f3 es que <strong>Eiichiro Oda<\/strong> confirmase que el manga <a href=\"https:\/\/www.espinof.com\/anime\/dadme-tiempo-para-respirar-manga-one-piece-estara-hiato-durante-mes-luego-entra-su-recta-final\">ya ha entrado en su saga final<\/a> y que est\u00e1 decido a cerrar todo &#8216;<a href=\"https:\/\/www.espinof.com\/listas\/one-piece-todas-sagas-arcos-anime-que-episodios-incluyen\">One Piece<\/a>&#8216; en apenas tres a\u00f1itos.<\/p>\n<p><!-- BREAK 1 --><\/p>\n<p>Quiz\u00e1s se est\u00e9 pasando de optimista y hay que darle todav\u00eda unos a\u00f1os m\u00e1s, pero s\u00ed que es cierto que cada vez las cosas se han ido poniendo m\u00e1s movidas y cada cap\u00edtulos nos est\u00e1 dejando una peque\u00f1a perla. Y por si ten\u00edamos dudas de que ya nos hemos adentrado en <strong>el final de &#8216;One Piece&#8217;<\/strong>, el propio Oda confirm\u00f3 hace a\u00f1os cu\u00e1ndo podr\u00edamos saberlo.<\/p>\n<p><!-- BREAK 2 --> <\/p>\n<h2>De puntual a regular<\/h2>\n<p>A pesar de que <strong>Shanks <\/strong>es uno de los personajes m\u00e1s importante de la historia (porque de entrada Luffy posiblemente ni querr\u00eda ser pirata ni tendr\u00eda su sombrero de paja), apenas aparece en &#8216;One Piece&#8217;. Le vemos de pascuas a ramos, y aunque todas sus apariciones son muy impactantes casi no se deja ver.<\/p>\n<p><!-- BREAK 3 --><\/p>\n<p>Esto estaba planeado as\u00ed desde el principio, aunque <strong>Oda ten\u00eda claro que Shanks cobrar\u00eda m\u00e1s protagonismo en el manga seg\u00fan nos acerc\u00e1semos a la recta final de la historia<\/strong>. Y hace ya 25 a\u00f1os confirm\u00f3 que est\u00e1bamos cerca del final cuando Shanks apareciese a menudo.<\/p>\n<p><!-- BREAK 4 --><\/p>\n<div class=\"article-asset-image article-asset-normal article-asset-center\">\n<div class=\"asset-content\">\n<div class=\"base-wrapper-image\"> <a href=\"https:\/\/twitter.com\/sandman_AP\/status\/1652413774010392576\"> <img class=\"sf-lazy centro_sinmarco\" src=\"http:\/\/nuevacordoba.net\/wp-content\/uploads\/2023\/05\/el-final-de-one-piece-anda-cerca-y-eiichiro-oda-ya-advirtio-hace-25-anos-como-podriamos-darnos-cuenta.gif\" data-sf-srcset=\"http:\/\/nuevacordoba.net\/wp-content\/uploads\/2023\/05\/el-final-de-one-piece-anda-cerca-y-eiichiro-oda-ya-advirtio-hace-25-anos-como-podriamos-darnos-cuenta.png 450w, http:\/\/nuevacordoba.net\/wp-content\/uploads\/2023\/05\/el-final-de-one-piece-anda-cerca-y-eiichiro-oda-ya-advirtio-hace-25-anos-como-podriamos-darnos-cuenta-2.png 681w,http:\/\/nuevacordoba.net\/wp-content\/uploads\/2023\/05\/el-final-de-one-piece-anda-cerca-y-eiichiro-oda-ya-advirtio-hace-25-anos-como-podriamos-darnos-cuenta-3.png 1024w, http:\/\/nuevacordoba.net\/wp-content\/uploads\/2023\/05\/el-final-de-one-piece-anda-cerca-y-eiichiro-oda-ya-advirtio-hace-25-anos-como-podriamos-darnos-cuenta-4.png 1366w,\" data-sf-src=\"http:\/\/nuevacordoba.net\/wp-content\/uploads\/2023\/05\/el-final-de-one-piece-anda-cerca-y-eiichiro-oda-ya-advirtio-hace-25-anos-como-podriamos-darnos-cuenta.png\" alt=\"Shanks En One Piece\"> <noscript><img alt=\"Shanks En One Piece\" class=\"centro_sinmarco\" src=\"http:\/\/nuevacordoba.net\/wp-content\/uploads\/2023\/05\/el-final-de-one-piece-anda-cerca-y-eiichiro-oda-ya-advirtio-hace-25-anos-como-podriamos-darnos-cuenta.png\"><\/noscript> <\/a> <\/div><\/div>\n<\/div>\n<blockquote><p>\u00abCuando Shanks aparezca frecuentemente en el manga, pod\u00e9is asumir que &#8216;One Piece&#8217; ha entrado en su saga final\u00bb, traduce @sandman_AP de una entrevista de 1998.<\/p><\/blockquote>\n<div class=\"article-asset article-asset-normal article-asset-center\">\n<div class=\"desvio-container\">\n<div class=\"desvio\">\n<div class=\"desvio-figure js-desvio-figure\"> <a href=\"https:\/\/www.espinof.com\/anime\/que-frutas-diablo-one-piece-cuantos-tipos-diferentes-podemos-encontrar\"> <img alt=\"Qu\u00e9 son las Frutas del Diablo de 'One Piece' y cu\u00e1ntos tipos diferentes podemos encontrar\" src=\"http:\/\/nuevacordoba.net\/wp-content\/uploads\/2023\/05\/el-final-de-one-piece-anda-cerca-y-eiichiro-oda-ya-advirtio-hace-25-anos-como-podriamos-darnos-cuenta-1.png\"> <\/a> <\/div><\/div><\/div>\n<\/div>\n<p>Desde que llegamos al desenlace de Wano, <strong>Shanks se ha ido dejando ver m\u00e1s a menudo y de seguido,<\/strong> y adem\u00e1s haciendo m\u00e1s cosas con peso en la trama para acercarse al One Piece. En el Arco de Egghead se est\u00e1n lanzando bombas sobre lore y misterios, incluyendo <a href=\"https:\/\/www.espinof.com\/anime\/one-piece-todo-que-sabemos-vegapunk-cientifico-brillante-elusivo-mundo\">la identidad de Vegapunk<\/a>, as\u00ed que Oda ha pisado fuerte el acelerador para dejarnos claro que el final de &#8216;<strong>One Piece<\/strong>&#8216; est\u00e1 cada d\u00eda m\u00e1s cerca.<\/p>\n<p><!-- BREAK 5 --><\/p>\n<p>En Espinof | <a href=\"https:\/\/www.espinof.com\/listas\/como-ver-one-piece-relleno-que-episodios-se-pueden-saltar-larguisimo-e-iconico-anime-miedo-a-perderse-nada\">Qu\u00e9 episodios de relleno se pueden saltar del anime de &#8216;One Piece&#8217; sin miedo a perderse nada<\/a><\/p>\n<p><!-- BREAK 6 --> <\/p>\n","protected":false},"excerpt":{"rendered":"<p>En el anime nos vamos acercando poquito a poco al final del Arco del Pa\u00eds de Wano, pero el manga ya lleg\u00f3 all\u00ed el a\u00f1o pasado con un zambombazo. Y lo siguiente que toc\u00f3 es que Eiichiro Oda confirmase que el manga ya ha entrado en su saga final y que est\u00e1 decido a cerrar [&hellip;]<\/p>\n","protected":false},"author":1,"featured_media":32038,"comment_status":"closed","ping_status":"closed","sticky":false,"template":"","format":"standard","meta":[],"categories":[6],"tags":[],"_links":{"self":[{"href":"http:\/\/nuevacordoba.net\/index.php\/wp-json\/wp\/v2\/posts\/32037"}],"collection":[{"href":"http:\/\/nuevacordoba.net\/index.php\/wp-json\/wp\/v2\/posts"}],"about":[{"href":"http:\/\/nuevacordoba.net\/index.php\/wp-json\/wp\/v2\/types\/post"}],"author":[{"embeddable":true,"href":"http:\/\/nuevacordoba.net\/index.php\/wp-json\/wp\/v2\/users\/1"}],"replies":[{"embeddable":true,"href":"http:\/\/nuevacordoba.net\/index.php\/wp-json\/wp\/v2\/comments?post=32037"}],"version-history":[{"count":0,"href":"http:\/\/nuevacordoba.net\/index.php\/wp-json\/wp\/v2\/posts\/32037\/revisions"}],"wp:featuredmedia":[{"embeddable":true,"href":"http:\/\/nuevacordoba.net\/index.php\/wp-json\/wp\/v2\/media\/32038"}],"wp:attachment":[{"href":"http:\/\/nuevacordoba.net\/index.php\/wp-json\/wp\/v2\/media?parent=32037"}],"wp:term":[{"taxonomy":"category","embeddable":true,"href":"http:\/\/nuevacordoba.net\/index.php\/wp-json\/wp\/v2\/categories?post=32037"},{"taxonomy":"post_tag","embeddable":true,"href":"http:\/\/nuevacordoba.net\/index.php\/wp-json\/wp\/v2\/tags?post=32037"}],"curies":[{"name":"wp","href":"https:\/\/api.w.org\/{rel}","templated":true}]}}