{"id":32059,"date":"2023-05-10T10:25:53","date_gmt":"2023-05-10T10:25:53","guid":{"rendered":"http:\/\/nuevacordoba.net\/index.php\/2023\/05\/10\/juan-pollo-raffo-anticipa-composiciones-de-su-nuevo-album-en-tres-presentaciones\/"},"modified":"2023-05-10T10:25:53","modified_gmt":"2023-05-10T10:25:53","slug":"juan-pollo-raffo-anticipa-composiciones-de-su-nuevo-album-en-tres-presentaciones","status":"publish","type":"post","link":"http:\/\/nuevacordoba.net\/index.php\/2023\/05\/10\/juan-pollo-raffo-anticipa-composiciones-de-su-nuevo-album-en-tres-presentaciones\/","title":{"rendered":"Juan \u00abPollo\u00bb Raffo anticipa composiciones de su nuevo \u00e1lbum en tres presentaciones"},"content":{"rendered":"<figure class=\"mb-3\"><img loading=\"lazy\" data-src=\"http:\/\/nuevacordoba.net\/wp-content\/uploads\/2023\/05\/juan-pollo-raffo-anticipa-composiciones-de-su-nuevo-album-en-tres-presentaciones.jpg\" src=\"https:\/\/www.telam.com.ar\/assets\/img\/not_image.png\" class=\" lazy \" width=\"100%\" height=\"100%\" alt=\"Juan Pollo Raffo se presenta en Circe Foto Pablo Aeli\"><figcaption> Juan \u00abPollo\u00bb Raffo se presenta en Circe. \/ Foto: Pablo A\u00f1eli <\/figcaption><\/figure>\n<p>El tecladista y compositor<strong> Juan \u00abPollo\u00bb Raffo<\/strong> estar\u00e1 adelantando temas de su pr\u00f3ximo disco <strong>\u00abLa falacia del espantap\u00e1jaros \/ M\u00fasica de Flores vol. 6\u00bb<\/strong>, en tres presentaciones, que arrancar\u00e1n este viernes 12 de mayo en Circe, F\u00e1brica de Arte (General Manuel Rodr\u00edguez 1559) de la Ciudad de Buenos Aires.<\/p>\n<p>En formato de tr\u00edo y con <strong>Tom\u00e1s Pagano<\/strong> en bajo el\u00e9ctrico y <strong>Rodrigo Genni<\/strong> en bater\u00eda y loops, Raffo (teclados) se presentar\u00e1 tambi\u00e9n en el mismo lugar el jueves 18 y el viernes 26, siempre a las 20.<\/p>\n<p>El grupo funciona desde 2003 y al momento tiene cinco \u00e1lbumes editados: <strong>\u00abGuarda que viene el tren\u00bb (2006), \u00abDiat\u00f3nicos an\u00f3nimos\u00bb (2010), \u00abAl sur del Maldonado\u00bb (2013), \u00abBrindis\u00bb (2016) y \u00abLlueve sobre la Biblioteca Nacional\u00bb (2019)<\/strong>, este \u00faltimo nominado a los premios Gardel.<\/p>\n<p>\u00abLa falacia del espantap\u00e1jaros\u00bb <strong>es el primer \u00e1lbum en formato tr\u00edo luego del fallecimiento del saxofonista Mart\u00edn Rur en 2022<\/strong>, y propone referencias y alusiones al folclore argentino, al tango y la milonga. Sobresalen adem\u00e1s los colores del piano el\u00e9ctrico y los sintetizadores, lo cual referencia desde lo t\u00edmbrico al sonido del rock progresivo y el jazz-fusi\u00f3n de los 70.<\/p>\n<p>Graduado en Jazz Composition por el Berklee College of Music de Boston y Master of Arts en composici\u00f3n por la Universidad de Nueva York, el Pollo Raffo es compositor, arreglador, director, tecladista y docente.<\/p>\n<p>Junto con el desarrollo de m\u00fasicas propias ha trabajado como arreglador, tecladista y\/o director musical de bandas y solistas como Juan Carlos Baglietto, Soda Stereo, Le\u00f3n Gieco, Los Piojos, Divididos, Manuel Wirzt, Ratones Paranoicos, Vox Dei, Moris, Miguel Cantilo, Pedro y Pablo y Los Gardelitos, entre muchos otros. <\/p>\n","protected":false},"excerpt":{"rendered":"<p>Juan \u00abPollo\u00bb Raffo se presenta en Circe. \/ Foto: Pablo A\u00f1eli El tecladista y compositor Juan \u00abPollo\u00bb Raffo estar\u00e1 adelantando temas de su pr\u00f3ximo disco \u00abLa falacia del espantap\u00e1jaros \/ M\u00fasica de Flores vol. 6\u00bb, en tres presentaciones, que arrancar\u00e1n este viernes 12 de mayo en Circe, F\u00e1brica de Arte (General Manuel Rodr\u00edguez 1559) de [&hellip;]<\/p>\n","protected":false},"author":1,"featured_media":32060,"comment_status":"closed","ping_status":"closed","sticky":false,"template":"","format":"standard","meta":[],"categories":[9],"tags":[],"_links":{"self":[{"href":"http:\/\/nuevacordoba.net\/index.php\/wp-json\/wp\/v2\/posts\/32059"}],"collection":[{"href":"http:\/\/nuevacordoba.net\/index.php\/wp-json\/wp\/v2\/posts"}],"about":[{"href":"http:\/\/nuevacordoba.net\/index.php\/wp-json\/wp\/v2\/types\/post"}],"author":[{"embeddable":true,"href":"http:\/\/nuevacordoba.net\/index.php\/wp-json\/wp\/v2\/users\/1"}],"replies":[{"embeddable":true,"href":"http:\/\/nuevacordoba.net\/index.php\/wp-json\/wp\/v2\/comments?post=32059"}],"version-history":[{"count":0,"href":"http:\/\/nuevacordoba.net\/index.php\/wp-json\/wp\/v2\/posts\/32059\/revisions"}],"wp:featuredmedia":[{"embeddable":true,"href":"http:\/\/nuevacordoba.net\/index.php\/wp-json\/wp\/v2\/media\/32060"}],"wp:attachment":[{"href":"http:\/\/nuevacordoba.net\/index.php\/wp-json\/wp\/v2\/media?parent=32059"}],"wp:term":[{"taxonomy":"category","embeddable":true,"href":"http:\/\/nuevacordoba.net\/index.php\/wp-json\/wp\/v2\/categories?post=32059"},{"taxonomy":"post_tag","embeddable":true,"href":"http:\/\/nuevacordoba.net\/index.php\/wp-json\/wp\/v2\/tags?post=32059"}],"curies":[{"name":"wp","href":"https:\/\/api.w.org\/{rel}","templated":true}]}}