{"id":32061,"date":"2023-05-10T11:34:47","date_gmt":"2023-05-10T11:34:47","guid":{"rendered":"https:\/\/prensa.cba.gov.ar\/?p=550020"},"modified":"2023-05-10T11:34:47","modified_gmt":"2023-05-10T11:34:47","slug":"estacion-juarez-celman-habilitaran-la-instalacion-100-del-programa-conectar-gas-escuelas","status":"publish","type":"post","link":"http:\/\/nuevacordoba.net\/index.php\/2023\/05\/10\/estacion-juarez-celman-habilitaran-la-instalacion-100-del-programa-conectar-gas-escuelas\/","title":{"rendered":"Estaci\u00f3n Ju\u00e1rez Celman: habilitar\u00e1n la instalaci\u00f3n 100 del programa Conectar Gas Escuelas"},"content":{"rendered":"<div><img src=\"http:\/\/nuevacordoba.net\/wp-content\/uploads\/2023\/05\/estacion-juarez-celman-habilitaran-la-instalacion-100-del-programa-conectar-gas-escuelas.jpg\" class=\"ff-og-image-inserted\"><\/div>\n<ul>\n<li><strong>El mandatario provincial inaugurar\u00e1 el servicio para la escuela primaria y jard\u00edn de infantes \u201cComodoro Rolando Silioni\u201d.<\/strong><\/li>\n<li><strong>Schiaretti tambi\u00e9n cortar\u00e1 cintas en el polideportivo social de Villa Los Llanos.<\/strong><\/li>\n<\/ul>\n<p>El gobernador de C\u00f3rdoba, Juan Schiaretti; acompa\u00f1ado por la presidenta del Ente Intermunicipal de Gesti\u00f3n Metropolitana, Myrian Prunotto; habilitar\u00e1 este mi\u00e9rcoles el <strong>gas natural en la escuela primaria y jard\u00edn de infantes \u201cComodoro Rolando Silioni\u201d<\/strong>, en la ciudad de Estaci\u00f3n Ju\u00e1rez Celman, departamento Col\u00f3n. Se trata del <strong>establecimiento educativo n\u00famero 100 que se conecta al suministro<\/strong> del fluido.<\/p>\n<p>Con el objetivo de que todas las escuelas ubicadas en cercan\u00edas a las redes de gas natural puedan acceder a la conexi\u00f3n, la Provincia viene trabajando para optimizar las condiciones de estudio de docentes y alumnos. Gracias al <strong>programa Conectar Gas Escuelas<\/strong>, ya ascienden al centenar los establecimientos educativos provinciales que accedieron al gas natural.<\/p>\n<p>En la escuela \u201cComodoro Rolando Silioni\u201d se beneficiar\u00e1n los alumnos de la primaria que tambi\u00e9n reciben el programa Paicor (desayuno, almuerzo y merienda), maestros y directivos. Nueve aulas, una sala de maestros, una biblioteca y una sala de tecnolog\u00edas de la informaci\u00f3n y la comunicaci\u00f3n (TIC) tendr\u00e1n calefacci\u00f3n.<\/p>\n<p><strong>Nuevo polideportivo social<\/strong><\/p>\n<p>Posteriormente, Schiaretti tambi\u00e9n inaugurar\u00e1 un <strong>nuevo polideportivo social en Villa Los Llanos<\/strong>. Se trata del n\u00famero 67 en la provincia de C\u00f3rdoba.<\/p>\n","protected":false},"excerpt":{"rendered":"<p>El mandatario provincial inaugurar\u00e1 el servicio para la escuela primaria y jard\u00edn de infantes \u201cComodoro Rolando Silioni\u201d. Schiaretti tambi\u00e9n cortar\u00e1 cintas en el polideportivo social de Villa Los Llanos. El gobernador de C\u00f3rdoba, Juan Schiaretti; acompa\u00f1ado por la presidenta del Ente Intermunicipal de Gesti\u00f3n Metropolitana, Myrian Prunotto; habilitar\u00e1 este mi\u00e9rcoles el gas natural en la [&hellip;]<\/p>\n","protected":false},"author":1,"featured_media":32062,"comment_status":"closed","ping_status":"closed","sticky":false,"template":"","format":"standard","meta":[],"categories":[14],"tags":[],"_links":{"self":[{"href":"http:\/\/nuevacordoba.net\/index.php\/wp-json\/wp\/v2\/posts\/32061"}],"collection":[{"href":"http:\/\/nuevacordoba.net\/index.php\/wp-json\/wp\/v2\/posts"}],"about":[{"href":"http:\/\/nuevacordoba.net\/index.php\/wp-json\/wp\/v2\/types\/post"}],"author":[{"embeddable":true,"href":"http:\/\/nuevacordoba.net\/index.php\/wp-json\/wp\/v2\/users\/1"}],"replies":[{"embeddable":true,"href":"http:\/\/nuevacordoba.net\/index.php\/wp-json\/wp\/v2\/comments?post=32061"}],"version-history":[{"count":0,"href":"http:\/\/nuevacordoba.net\/index.php\/wp-json\/wp\/v2\/posts\/32061\/revisions"}],"wp:featuredmedia":[{"embeddable":true,"href":"http:\/\/nuevacordoba.net\/index.php\/wp-json\/wp\/v2\/media\/32062"}],"wp:attachment":[{"href":"http:\/\/nuevacordoba.net\/index.php\/wp-json\/wp\/v2\/media?parent=32061"}],"wp:term":[{"taxonomy":"category","embeddable":true,"href":"http:\/\/nuevacordoba.net\/index.php\/wp-json\/wp\/v2\/categories?post=32061"},{"taxonomy":"post_tag","embeddable":true,"href":"http:\/\/nuevacordoba.net\/index.php\/wp-json\/wp\/v2\/tags?post=32061"}],"curies":[{"name":"wp","href":"https:\/\/api.w.org\/{rel}","templated":true}]}}