{"id":3211,"date":"2021-04-14T16:44:31","date_gmt":"2021-04-14T16:44:31","guid":{"rendered":"http:\/\/cordobanewsnet.wordpress.com\/?p=5305"},"modified":"2021-04-14T16:44:31","modified_gmt":"2021-04-14T16:44:31","slug":"cordoba-capital-usaran-camaras-de-la-policia-para-aplicar-multas","status":"publish","type":"post","link":"http:\/\/nuevacordoba.net\/index.php\/2021\/04\/14\/cordoba-capital-usaran-camaras-de-la-policia-para-aplicar-multas\/","title":{"rendered":"C\u00f3rdoba capital: Usar\u00e1n c\u00e1maras de la polic\u00eda para aplicar multas"},"content":{"rendered":"<p><!-- \/featured-media --> <\/p>\n<div class=\"post-content clear\" readability=\"57.389473684211\">\n<p>La Municipalidad de C\u00f3rdoba firm\u00f3 un convenio con el ministerio de Seguridad de la Provincia para poder utilizar las<strong>&nbsp;im\u00e1genes de las c\u00e1maras de seguridad que la Polic\u00eda tiene por toda la ciudad<\/strong>. Las fotos y videos se utilizar\u00e1n para&nbsp;<strong>constatar infracciones<\/strong>&nbsp;a las normas de convivencia, entre las que est\u00e1n incluidas las referidas al&nbsp;<strong>tr\u00e1nsito vehicular<\/strong>&nbsp;y al ambiente.<\/p>\n<p>Para ello, el municipio entreg\u00f3 a la instituci\u00f3n policial equipos inform\u00e1ticos de \u00faltima tecnolog\u00eda con conectividad para que se puedan&nbsp;<strong>transferir los archivos a un centro de monitoreo<\/strong>&nbsp;que funcionar\u00e1 en la Justicia de Faltas de la Ciudad de C\u00f3rdoba.<\/p>\n<p>\u201cSer\u00e1n utilizadas por personal debidamente capacitado para detectar supuestas infracciones y elaborar el acta correspondiente\u201d, explicaron desde la Municipalidad sobre la forma en que los&nbsp;<strong>inspectores&nbsp;<\/strong>estar\u00e1n chequeando las im\u00e1genes para&nbsp;<strong>advertir contravenciones y sacar multas.<\/strong><\/p>\n<p><strong>Seg\u00fan la Muni, \u201cno son foto-multas\u201d<\/strong><\/p>\n<p>Si bien no est\u00e1 claro c\u00f3mo ser\u00e1 el nuevo m\u00e9todo, Juan Manuel Ar\u00e1oz, titular del Tribunal de Faltas Municipal,<strong>&nbsp;aclar\u00f3 que no ser\u00e1n \u201cfoto multas autom\u00e1ticas\u201d.&nbsp;<\/strong>En cambio, asegur\u00f3 que \u201cse trata de un sistema que se vale de las nuevas herramientas tecnol\u00f3gicas disponibles y que&nbsp;<strong>en todos los casos requiere la debida constataci\u00f3n por parte de un funcionario p\u00fablico\u201d.<\/strong><\/p>\n<div id=\"jp-post-flair\" class=\"sharedaddy sd-like-enabled sd-sharing-enabled\">\n<div class=\"sharedaddy sd-sharing-enabled\">\n<div class=\"robots-nocontent sd-block sd-social sd-social-icon-text sd-sharing\">\n<h3 class=\"sd-title\">Share this:<\/h3>\n<\/div>\n<\/div>\n<div class=\"sharedaddy sd-block sd-like jetpack-likes-widget-wrapper jetpack-likes-widget-unloaded\" id=\"like-post-wrapper-143108178-5305-607720243960d\" data-src=\"\/\/widgets.wp.com\/likes\/index.html?ver=20210413#blog_id=143108178&amp;post_id=5305&amp;origin=cordobanewsnet.wordpress.com&amp;obj_id=143108178-5305-607720243960d\" data-name=\"like-post-frame-143108178-5305-607720243960d\">\n<h3 class=\"sd-title\">Me gusta esto:<\/h3>\n<p><span class=\"button\"><span>Me gusta<\/span><\/span> <span class=\"loading\">Cargando&#8230;<\/span><\/p>\n<p><span class=\"sd-text-color\"><\/span><\/div>\n<p><h3 class=\"jp-relatedposts-headline\"><em>Relacionado<\/em><\/h3>\n<\/p>\n<\/div><\/div>\n<p><!--\/.post-content--> <\/p>\n<footer class=\"post-meta-container clear\" readability=\"0.39285714285714\">\n<div class=\"entry-author author-avatar-show\" readability=\"13.114754098361\">\n<div class=\"author-avatar\"> <img loading=\"lazy\" alt src=\"http:\/\/nuevacordoba.net\/wp-content\/uploads\/2021\/04\/cordoba-capital-usaran-camaras-de-la-policia-para-aplicar-multas.png\" class=\"avatar avatar-90\" height=\"90\" width=\"90\"> <\/div>\n<p><!-- .author-avatar --> <\/p>\n<p><h2 class=\"author-title\">Publicado por <span class=\"author-name\">Redacci\u00f3n<\/span><\/h2>\n<\/p>\n<p><!-- .author-heading --> <\/p>\n<p class=\"author-bio\"> <a class=\"author-link\" href=\"https:\/\/cordobanewsnet.wordpress.com\/author\/prettomatias\/\" rel=\"author\"> Ver todas las entradas de Redacci\u00f3n <\/a> <\/p>\n<p><!-- .author-bio --> <\/div>\n<p><!-- .entry-auhtor --> <\/footer>\n<p> <!-- \/post-meta-container --> <!-- #respond --> <\/p>\n","protected":false},"excerpt":{"rendered":"<p>La Municipalidad de C\u00f3rdoba firm\u00f3 un convenio con el ministerio de Seguridad de la Provincia para poder utilizar las&nbsp;im\u00e1genes de las c\u00e1maras de seguridad que la Polic\u00eda tiene por toda la ciudad. Las fotos y videos se utilizar\u00e1n para&nbsp;constatar infracciones&nbsp;a las normas de convivencia, entre las que est\u00e1n incluidas las referidas al&nbsp;tr\u00e1nsito vehicular&nbsp;y al ambiente. [&hellip;]<\/p>\n","protected":false},"author":1,"featured_media":3212,"comment_status":"closed","ping_status":"closed","sticky":false,"template":"","format":"standard","meta":[],"categories":[14],"tags":[],"_links":{"self":[{"href":"http:\/\/nuevacordoba.net\/index.php\/wp-json\/wp\/v2\/posts\/3211"}],"collection":[{"href":"http:\/\/nuevacordoba.net\/index.php\/wp-json\/wp\/v2\/posts"}],"about":[{"href":"http:\/\/nuevacordoba.net\/index.php\/wp-json\/wp\/v2\/types\/post"}],"author":[{"embeddable":true,"href":"http:\/\/nuevacordoba.net\/index.php\/wp-json\/wp\/v2\/users\/1"}],"replies":[{"embeddable":true,"href":"http:\/\/nuevacordoba.net\/index.php\/wp-json\/wp\/v2\/comments?post=3211"}],"version-history":[{"count":0,"href":"http:\/\/nuevacordoba.net\/index.php\/wp-json\/wp\/v2\/posts\/3211\/revisions"}],"wp:featuredmedia":[{"embeddable":true,"href":"http:\/\/nuevacordoba.net\/index.php\/wp-json\/wp\/v2\/media\/3212"}],"wp:attachment":[{"href":"http:\/\/nuevacordoba.net\/index.php\/wp-json\/wp\/v2\/media?parent=3211"}],"wp:term":[{"taxonomy":"category","embeddable":true,"href":"http:\/\/nuevacordoba.net\/index.php\/wp-json\/wp\/v2\/categories?post=3211"},{"taxonomy":"post_tag","embeddable":true,"href":"http:\/\/nuevacordoba.net\/index.php\/wp-json\/wp\/v2\/tags?post=3211"}],"curies":[{"name":"wp","href":"https:\/\/api.w.org\/{rel}","templated":true}]}}