{"id":32111,"date":"2023-05-11T15:29:22","date_gmt":"2023-05-11T15:29:22","guid":{"rendered":"http:\/\/nuevacordoba.net\/index.php\/2023\/05\/11\/es-inminente-el-regreso-de-facundo-campazzo-al-real-madrid\/"},"modified":"2023-05-11T15:29:22","modified_gmt":"2023-05-11T15:29:22","slug":"es-inminente-el-regreso-de-facundo-campazzo-al-real-madrid","status":"publish","type":"post","link":"http:\/\/nuevacordoba.net\/index.php\/2023\/05\/11\/es-inminente-el-regreso-de-facundo-campazzo-al-real-madrid\/","title":{"rendered":"Es inminente el regreso de Facundo Campazzo al Real Madrid"},"content":{"rendered":"<figure class=\"mb-3\"><img loading=\"lazy\" data-src=\"http:\/\/nuevacordoba.net\/wp-content\/uploads\/2023\/05\/es-inminente-el-regreso-de-facundo-campazzo-al-real-madrid.jpg\" src=\"https:\/\/www.telam.com.ar\/assets\/img\/not_image.png\" class=\" lazy \" width=\"100%\" height=\"100%\" alt=\"Foto TWTeamFacu7\"><figcaption> Foto: TW@TeamFacu7. <\/figcaption><\/figure>\n<p><strong>El regreso del base argentino<\/strong> Facundo Campazzo <strong>al Real Madrid es inminente y solo resta que se le abone al Estrella Roja<\/strong> de Serbia, en donde estaba jugando, <strong>la clausula de rescisi\u00f3n<\/strong> de 50.000 euros y firmar su nuevo contrato, revel\u00f3 este jueves la prensa ib\u00e9rica<\/p>\n<p>Seg\u00fan el peri\u00f3dico deportivo Marca, el cordob\u00e9s Campazzo, que en el equipo de la ciudad de Belgrado promedi\u00f3 15 puntos y 5,9 asistencias en los nueve partidos que jug\u00f3 por la Euroliga, tiene un ofrecimiento de un contrato por tres a\u00f1os a cambio de tres millones de euros por cada uno.<\/p>\n<p>Si se toma en cuenta la amortizaci\u00f3n de la cl\u00e1usula de 2.600.000 euros que a\u00fan debe por su marcha a los Denver Nuggets, de la NBA, su salario neto ser\u00e1 de poco m\u00e1s de un mill\u00f3n, escaso dinero para el Real tomando en cuenta que contrata a uno de los mejores bases de Europa.<\/p>\n<p>Dado su gran rendimiento, <strong>Campazzo tuvo ofertas en los \u00faltimos meses mejores que la del Real Madrid y todav\u00eda podr\u00eda haber recibido alguna m\u00e1s ya que se le llegaron a ofrecer 12 millones netos por las pr\u00f3ximas tres temporadas, pero el deseo del jugador era regresar a a Madrid.<\/strong><\/p>\n<p>Su familia tambi\u00e9n deseaba regresar a la capital en donde tiene casa propia y miembros del cuerpo t\u00e9cnico del Madrid y antiguos compa\u00f1eros le enviaron mensajes durante la temporada tratando de convencerle para que regrese. <\/p>\n","protected":false},"excerpt":{"rendered":"<p>Foto: TW@TeamFacu7. El regreso del base argentino Facundo Campazzo al Real Madrid es inminente y solo resta que se le abone al Estrella Roja de Serbia, en donde estaba jugando, la clausula de rescisi\u00f3n de 50.000 euros y firmar su nuevo contrato, revel\u00f3 este jueves la prensa ib\u00e9rica Seg\u00fan el peri\u00f3dico deportivo Marca, el cordob\u00e9s [&hellip;]<\/p>\n","protected":false},"author":1,"featured_media":32112,"comment_status":"closed","ping_status":"closed","sticky":false,"template":"","format":"standard","meta":[],"categories":[10],"tags":[],"_links":{"self":[{"href":"http:\/\/nuevacordoba.net\/index.php\/wp-json\/wp\/v2\/posts\/32111"}],"collection":[{"href":"http:\/\/nuevacordoba.net\/index.php\/wp-json\/wp\/v2\/posts"}],"about":[{"href":"http:\/\/nuevacordoba.net\/index.php\/wp-json\/wp\/v2\/types\/post"}],"author":[{"embeddable":true,"href":"http:\/\/nuevacordoba.net\/index.php\/wp-json\/wp\/v2\/users\/1"}],"replies":[{"embeddable":true,"href":"http:\/\/nuevacordoba.net\/index.php\/wp-json\/wp\/v2\/comments?post=32111"}],"version-history":[{"count":0,"href":"http:\/\/nuevacordoba.net\/index.php\/wp-json\/wp\/v2\/posts\/32111\/revisions"}],"wp:featuredmedia":[{"embeddable":true,"href":"http:\/\/nuevacordoba.net\/index.php\/wp-json\/wp\/v2\/media\/32112"}],"wp:attachment":[{"href":"http:\/\/nuevacordoba.net\/index.php\/wp-json\/wp\/v2\/media?parent=32111"}],"wp:term":[{"taxonomy":"category","embeddable":true,"href":"http:\/\/nuevacordoba.net\/index.php\/wp-json\/wp\/v2\/categories?post=32111"},{"taxonomy":"post_tag","embeddable":true,"href":"http:\/\/nuevacordoba.net\/index.php\/wp-json\/wp\/v2\/tags?post=32111"}],"curies":[{"name":"wp","href":"https:\/\/api.w.org\/{rel}","templated":true}]}}