{"id":32129,"date":"2023-05-11T18:11:40","date_gmt":"2023-05-11T18:11:40","guid":{"rendered":"https:\/\/puntoapunto.com.ar\/?p=345177"},"modified":"2023-05-11T18:11:40","modified_gmt":"2023-05-11T18:11:40","slug":"camara-de-comercio-alerta-por-el-ataque-del-gobierno-a-la-corte","status":"publish","type":"post","link":"http:\/\/nuevacordoba.net\/index.php\/2023\/05\/11\/camara-de-comercio-alerta-por-el-ataque-del-gobierno-a-la-corte\/","title":{"rendered":"C\u00e1mara de Comercio alerta por el ataque del Gobierno a la Corte"},"content":{"rendered":"<div class=\"g g-37\">\n<div class=\"g-single a-29\"><a class=\"gofollow\" data-track=\"MjksMzcsMSw2MA==\" href=\"https:\/\/www.harmoniechateau.com.ar\/\" target=\"_blank\" rel=\"noopener\"><img src=\"http:\/\/nuevacordoba.net\/wp-content\/uploads\/2023\/05\/camara-de-comercio-alerta-por-el-ataque-del-gobierno-a-la-corte.jpg\"><\/a><\/div>\n<\/div>\n<p>&nbsp;\n<\/p>\n<p>Tras el fallo del m\u00e1ximo tribunal que suspendi\u00f3 las elecciones en Tucum\u00e1n y San Juan y los posteriores dichos del Presidente de la Naci\u00f3n en contra de esta decisi\u00f3n, la<a href=\"https:\/\/camcomcba.com.ar\/\"> <strong>C\u00e1mara de Comercio de C\u00f3rdoba<\/strong><\/a> expresa su preocupaci\u00f3n ante el ataque a la Justicia de nuestra pa\u00eds, y por ende, a la falta de tolerancia y negativa de la divisi\u00f3n de Poderes, elemento principal de nuestro sistema republicano y democr\u00e1tico.\n<\/p>\n<p>Los dichos de las m\u00e1ximas autoridades del Poder Ejecutivo Nacional en cabeza del Presidente, es un claro ejemplo de desprecio a las instituciones, de no aceptaci\u00f3n de medidas contrarias a sus pensamientos e ideolog\u00edas.\n<\/p>\n<p>\u00abNecesitamos un cambio radical en nuestro pa\u00eds, una gesti\u00f3n de gobernanza que garantice el Estado de Derecho\u00bb manifiestan desde la entidad.\n<\/p>\n<p>Y agregan, como en ocasiones&nbsp; anteriores lo han hecho, que \u00a8La Ley est\u00e1 pasar ser cumplida, la Constituci\u00f3n para ser respetada y la Divisi\u00f3n de Poderes para ser honrada\u00a8. Cualquier interpretaci\u00f3n sesgada de estos principios, es<br \/>un hecho de enorme gravedad institucional que no podemos dejar pasar ni de la cual debemos ser c\u00f3mplices.\n<\/p>\n<p>Por eso, nuestro visceral rechazo a las declaraciones del oficialismo nacional; abogando para que se den las<br \/>oportunidades para hacer de la Argentina un pa\u00eds mejor., concluye el comunicado.<\/p>\n<div class=\"g g-38\">\n<div class=\"g-dyn a-12 c-1\"><a class=\"gofollow\" data-track=\"MTIsMzgsMSw2MA==\" href=\"https:\/\/api.whatsapp.com\/send\/?phone=3518562462&amp;text&amp;type=phone_number&amp;app_absent=0\"><img src=\"http:\/\/nuevacordoba.net\/wp-content\/uploads\/2023\/05\/camara-de-comercio-alerta-por-el-ataque-del-gobierno-a-la-corte.png\"><\/a><\/div>\n<\/div>\n","protected":false},"excerpt":{"rendered":"<p>&nbsp; Tras el fallo del m\u00e1ximo tribunal que suspendi\u00f3 las elecciones en Tucum\u00e1n y San Juan y los posteriores dichos del Presidente de la Naci\u00f3n en contra de esta decisi\u00f3n, la C\u00e1mara de Comercio de C\u00f3rdoba expresa su preocupaci\u00f3n ante el ataque a la Justicia de nuestra pa\u00eds, y por ende, a la falta de [&hellip;]<\/p>\n","protected":false},"author":1,"featured_media":32130,"comment_status":"open","ping_status":"closed","sticky":false,"template":"","format":"standard","meta":[],"categories":[14],"tags":[],"_links":{"self":[{"href":"http:\/\/nuevacordoba.net\/index.php\/wp-json\/wp\/v2\/posts\/32129"}],"collection":[{"href":"http:\/\/nuevacordoba.net\/index.php\/wp-json\/wp\/v2\/posts"}],"about":[{"href":"http:\/\/nuevacordoba.net\/index.php\/wp-json\/wp\/v2\/types\/post"}],"author":[{"embeddable":true,"href":"http:\/\/nuevacordoba.net\/index.php\/wp-json\/wp\/v2\/users\/1"}],"replies":[{"embeddable":true,"href":"http:\/\/nuevacordoba.net\/index.php\/wp-json\/wp\/v2\/comments?post=32129"}],"version-history":[{"count":0,"href":"http:\/\/nuevacordoba.net\/index.php\/wp-json\/wp\/v2\/posts\/32129\/revisions"}],"wp:featuredmedia":[{"embeddable":true,"href":"http:\/\/nuevacordoba.net\/index.php\/wp-json\/wp\/v2\/media\/32130"}],"wp:attachment":[{"href":"http:\/\/nuevacordoba.net\/index.php\/wp-json\/wp\/v2\/media?parent=32129"}],"wp:term":[{"taxonomy":"category","embeddable":true,"href":"http:\/\/nuevacordoba.net\/index.php\/wp-json\/wp\/v2\/categories?post=32129"},{"taxonomy":"post_tag","embeddable":true,"href":"http:\/\/nuevacordoba.net\/index.php\/wp-json\/wp\/v2\/tags?post=32129"}],"curies":[{"name":"wp","href":"https:\/\/api.w.org\/{rel}","templated":true}]}}