{"id":32141,"date":"2023-05-12T15:32:18","date_gmt":"2023-05-12T15:32:18","guid":{"rendered":"http:\/\/nuevacordoba.net\/index.php\/2023\/05\/12\/instituto-intentara-recuperarse-frente-a-colon\/"},"modified":"2023-05-12T15:32:18","modified_gmt":"2023-05-12T15:32:18","slug":"instituto-intentara-recuperarse-frente-a-colon","status":"publish","type":"post","link":"http:\/\/nuevacordoba.net\/index.php\/2023\/05\/12\/instituto-intentara-recuperarse-frente-a-colon\/","title":{"rendered":"Instituto intentar\u00e1 recuperarse frente a Col\u00f3n"},"content":{"rendered":"<figure class=\"mb-3\"><img loading=\"lazy\" data-src=\"http:\/\/nuevacordoba.net\/wp-content\/uploads\/2023\/05\/instituto-intentara-recuperarse-frente-a-colon.jpg\" src=\"https:\/\/www.telam.com.ar\/assets\/img\/not_image.png\" class=\" lazy \" width=\"100%\" height=\"100%\" alt=\"Foto Ral Ferrari archivo\"><figcaption> Foto: Ra\u00fal Ferrari (archivo). <\/figcaption><\/figure>\n<p><strong>Instituto de C\u00f3rdoba, que sufri\u00f3 dos derrotas seguidas y se complic\u00f3 en la tabla de promedios para el descenso<\/strong>, ser\u00e1 local ante <strong>Col\u00f3n de Santa<\/strong> Fe, en uno de los cuatro encuentros del s\u00e1bado por la fecha 16 de la Liga Profesional de F\u00fatbol (LPF).<\/p>\n<p>El partido se jugar\u00e1 a partir de las 18 en el Estadio Monumental de Alta C\u00f3rdoba, con el arbitraje de Luis Lobo Medina, el VAR a cargo de Pablo D\u00f3valo y televisado por TNT Sports.<\/p>\n<p>La campa\u00f1a de Instituto en esta LPF se divide claramente en dos etapas. Las primeras ocho fechas con 13 unidades de 24 y el triunfo a Boca en La Bombonera con una sola derrota, pero luego lleg\u00f3 est\u00e1 racha de siete fechas con cuatro unidades de 21 y apenas un triunfo.<\/p>\n<blockquote class=\"twitter-tweet\" readability=\"5.7857142857143\">\n<p lang=\"es\" dir=\"ltr\"><a href=\"https:\/\/twitter.com\/hashtag\/TorneoBinance?src=hash&amp;ref_src=twsrc%5Etfw\">#TorneoBinance<\/a> \u2022 Fecha 16<\/p>\n<p>\ud83d\udccc Convocados para visitar a <a href=\"https:\/\/twitter.com\/InstitutoACC?ref_src=twsrc%5Etfw\">@InstitutoACC<\/a><\/p>\n<p>\u00a1Vamos Col\u00f3n! \u2764\ufe0f\ud83d\udda4 <a href=\"https:\/\/t.co\/f338whl9ue\">pic.twitter.com\/f338whl9ue<\/a><\/p>\n<p>\u2014 Club Atl\u00e9tico Col\u00f3n \u2b50 (@ColonOficial) <a href=\"https:\/\/twitter.com\/ColonOficial\/status\/1656697920459096068?ref_src=twsrc%5Etfw\">May 11, 2023<\/a><\/p><\/blockquote>\n<p>El equipo dirigido por Lucas Bovaglio parec\u00eda que no iba a tener problemas con el promedio pero esta serie negativa lo coloc\u00f3 en la 26ta. posici\u00f3n solo superando a Platense y Arsenal, que hoy descender\u00edan.<\/p>\n<p>Col\u00f3n, con N\u00e9stor Gorosito, hoy alterna triunfos y derrotas, no tiene regularidad, y las fichas del \u00abSabalero\u00bb est\u00e1n puestas en la clasificaci\u00f3n a la Copa Sudamericana, ya que est\u00e1 a cuatro unidades del \u00faltimo clasificado.<\/p>\n<p>El historial es corto, con solo 11 partidos y leve ventaja de Instituto con cinco triunfos contra tres y tres empates.<\/p>\n<blockquote class=\"twitter-tweet\" readability=\"4.9777777777778\">\n<p lang=\"es\" dir=\"ltr\">As\u00ed formar\u00e1 <a href=\"https:\/\/twitter.com\/hashtag\/Instituto?src=hash&amp;ref_src=twsrc%5Etfw\">#Instituto<\/a> para visitar a Col\u00f3n por la fecha 1\ufe0f\u20e36\ufe0f\u20e3 del Torneo <a href=\"https:\/\/twitter.com\/ProyeccionLPF?ref_src=twsrc%5Etfw\">@ProyeccionLPF<\/a>. <\/p>\n<p>\ud83d\udcbb Seguilo por <a href=\"https:\/\/twitter.com\/LPFPlay?ref_src=twsrc%5Etfw\">@LPFPlay<\/a> <a href=\"https:\/\/twitter.com\/hashtag\/VamosInstituto?src=hash&amp;ref_src=twsrc%5Etfw\">#VamosInstituto<\/a> \ud83c\udde6\ud83c\uddf9 <a href=\"https:\/\/t.co\/D0yxbR0xqd\">pic.twitter.com\/D0yxbR0xqd<\/a><\/p>\n<p>\u2014 Instituto ACC (@InstitutoACC) <a href=\"https:\/\/twitter.com\/InstitutoACC\/status\/1657009419228463107?ref_src=twsrc%5Etfw\">May 12, 2023<\/a><\/p><\/blockquote>\n<h2 class>Probables formaciones<\/h2>\n<p>&nbsp;<strong>Instituto<\/strong>: Jorge Carranza; Juan Franco, Fernando Alarc\u00f3n, Joaqu\u00edn Varela y Jonathan Bay; Roberto Bochi, Nicol\u00e1s Linares, Gast\u00f3n Lodico y Gabriel Graciani; Braian Cuello y Adri\u00e1n Mart\u00ednez. DT: Lucas Bovaglio.<\/p>\n<p><strong>Col\u00f3n<\/strong>: Ignacio Chicco; Eric Meza, Facundo Garc\u00e9s, Lucas Acevedo o Paolo Goltz, Rafael Delgado y Juan \u00c1lvarez; Baldomero Perlaza, Cristian Vega y Carlos Arr\u00faa; Santiago Pierotti y Ram\u00f3n \u00c1bila. DT: N\u00e9stor Gorosito.<\/p>\n<p><strong>Arbitro<\/strong>: Luis Lobo Medina.<\/p>\n<p><strong>VAR<\/strong>: Pablo D\u00f3valo.<\/p>\n<p><strong>Cancha<\/strong>: Instituto de C\u00f3rdoba.<\/p>\n<p><strong>Hora de inicio<\/strong>: 18.<\/p>\n<p><strong>TV<\/strong>: TNT Sports.<\/p>\n","protected":false},"excerpt":{"rendered":"<p>Foto: Ra\u00fal Ferrari (archivo). Instituto de C\u00f3rdoba, que sufri\u00f3 dos derrotas seguidas y se complic\u00f3 en la tabla de promedios para el descenso, ser\u00e1 local ante Col\u00f3n de Santa Fe, en uno de los cuatro encuentros del s\u00e1bado por la fecha 16 de la Liga Profesional de F\u00fatbol (LPF). El partido se jugar\u00e1 a partir [&hellip;]<\/p>\n","protected":false},"author":1,"featured_media":32142,"comment_status":"closed","ping_status":"closed","sticky":false,"template":"","format":"standard","meta":[],"categories":[10],"tags":[],"_links":{"self":[{"href":"http:\/\/nuevacordoba.net\/index.php\/wp-json\/wp\/v2\/posts\/32141"}],"collection":[{"href":"http:\/\/nuevacordoba.net\/index.php\/wp-json\/wp\/v2\/posts"}],"about":[{"href":"http:\/\/nuevacordoba.net\/index.php\/wp-json\/wp\/v2\/types\/post"}],"author":[{"embeddable":true,"href":"http:\/\/nuevacordoba.net\/index.php\/wp-json\/wp\/v2\/users\/1"}],"replies":[{"embeddable":true,"href":"http:\/\/nuevacordoba.net\/index.php\/wp-json\/wp\/v2\/comments?post=32141"}],"version-history":[{"count":0,"href":"http:\/\/nuevacordoba.net\/index.php\/wp-json\/wp\/v2\/posts\/32141\/revisions"}],"wp:featuredmedia":[{"embeddable":true,"href":"http:\/\/nuevacordoba.net\/index.php\/wp-json\/wp\/v2\/media\/32142"}],"wp:attachment":[{"href":"http:\/\/nuevacordoba.net\/index.php\/wp-json\/wp\/v2\/media?parent=32141"}],"wp:term":[{"taxonomy":"category","embeddable":true,"href":"http:\/\/nuevacordoba.net\/index.php\/wp-json\/wp\/v2\/categories?post=32141"},{"taxonomy":"post_tag","embeddable":true,"href":"http:\/\/nuevacordoba.net\/index.php\/wp-json\/wp\/v2\/tags?post=32141"}],"curies":[{"name":"wp","href":"https:\/\/api.w.org\/{rel}","templated":true}]}}