{"id":32147,"date":"2023-05-12T15:32:27","date_gmt":"2023-05-12T15:32:27","guid":{"rendered":"https:\/\/www.espinof.com\/series-de-ficcion\/que-se-avecina-sorprende-a-todos-tragica-muerte-laura-gomez-lacueva-espectaculo-debe-continuar-han-fichado-a-otra-actriz-para-sustituirla-papel-greta"},"modified":"2023-05-12T15:32:27","modified_gmt":"2023-05-12T15:32:27","slug":"la-que-se-avecina-sorprende-a-todos-tras-la-tragica-muerte-de-laura-gomez-lacueva-el-espectaculo-debe-continuar-y-han-fichado-a-otra-actriz-para-sustituirla-en-el-papel-de-greta","status":"publish","type":"post","link":"http:\/\/nuevacordoba.net\/index.php\/2023\/05\/12\/la-que-se-avecina-sorprende-a-todos-tras-la-tragica-muerte-de-laura-gomez-lacueva-el-espectaculo-debe-continuar-y-han-fichado-a-otra-actriz-para-sustituirla-en-el-papel-de-greta\/","title":{"rendered":"&#8216;La que se avecina&#8217; sorprende a todos tras la tr\u00e1gica muerte de Laura G\u00f3mez-Lacueva: el espect\u00e1culo debe continuar y han fichado a otra actriz para sustituirla en el papel de Greta"},"content":{"rendered":"<p>El <a href=\"https:\/\/www.espinof.com\/actores-y-actrices\/muere-a-48-anos-laura-gomez-lacueva-actriz-conocida-que-se-avecina-pueblo\">inesperado fallecimiento<\/a> de <strong>Laura G\u00f3mez-Lacueva<\/strong> nos dej\u00f3 sin una actriz que estaba saboreando las mieles del \u00e9xito gracias a su participaci\u00f3n tanto en <a href=\"https:\/\/www.espinof.com\/criticas\/pueblo-revalida-sus-virtudes-su-regreso-a-amazon-temporada-2-sigue-igual-fresca-entretenida\">&#8216;El Pueblo&#8217;<\/a> como <strong>&#8216;La que se avecina&#8217; <\/strong>-y ojo tambi\u00e9n a su genial aparici\u00f3n en <a href=\"https:\/\/www.espinof.com\/criticas\/historias-lamentables-tronchante-comedia-javier-fesser-amazon-donde-cada-relato-mejor-que-anterior\">&#8216;Historias lamentables&#8217;<\/a>&#8211; &nbsp;En el caso de la primera, G\u00f3mez-Lacueva ya hab\u00eda rodado su participaci\u00f3n en la cuarta y \u00faltima temporada, pero su tr\u00e1gica muerte lleg\u00f3 poco antes de que <a href=\"https:\/\/www.espinof.com\/fecha-de-estreno\/que-se-avecina-temporada-14-2023-trailer-fecha-estreno-reparto-todos-detalles-serie-telecinco-amazon-prime-video\">la temporada 14 de &#8216;La que se avecina&#8217;<\/a>. Ahora sus responsables han decidido que el espect\u00e1culo debe continuar y ya han fichado a la actriz que la sustituir\u00e1 en el papel de Greta.<\/p>\n<p><!-- BREAK 1 --><\/p>\n<h2>Una vieja conocida de los Caballero<\/h2>\n<p>La actriz elegida ha sido <strong>Roc\u00edo Mar\u00edn<\/strong>, quien ya apareci\u00f3 en un episodio de la temporada 12 de &#8216;La que se avecina&#8217; y a quien tambi\u00e9n pudimos ver dando vida a Jessi en &#8216;El Pueblo&#8217;. Adem\u00e1s, su v\u00ednculo profesional con <strong>los Hermanos Caballero<\/strong> tambi\u00e9n se extendi\u00f3 a <a href=\"https:\/\/www.espinof.com\/criticas\/machos-alfa-no-nueva-que-se-avecina-buen-entretenimiento-simpatica-serie-netflix-parece-notable-evolucion-escenas-matrimonio\">&#8216;Machos Alfa&#8217;<\/a>, pues tuvo una breve aparici\u00f3n en un cap\u00edtulo de la exitosa serie de Netflix.<\/p>\n<p><!-- BREAK 2 --> <\/p>\n<p><strong>La propia Mar\u00edn ha confirmado su fichaje por &#8216;La que se avecina&#8217;<\/strong> a a trav\u00e9s de <a href=\"https:\/\/www.instagram.com\/p\/Cr2wbHIIax6\/?hl=es\">su cuenta de Instagram<\/a>, donde ha afirmado que \u00ab<em>me he incorporado a esta familia y estoy feliz<\/em>\u00ab. De hecho, es probable que ya haya grabado varias escenas, pues el rodaje de la temporada 14 lleva ya un tiempo en marcha.<\/p>\n<p><!-- BREAK 3 --><\/p>\n<div class=\"article-asset article-asset-normal article-asset-center\">\n<div class=\"desvio-container\">\n<div class=\"desvio\">\n<div class=\"desvio-figure js-desvio-figure\"> <a href=\"https:\/\/www.espinof.com\/listas\/intocables-que-se-avecina-estos-5-personajes-a-que-serie-telecinco-amazon-prime-video-nunca-ha-podido-renunciar\"> <img alt=\"Los intocables de 'La que se avecina': estos son los 5 personajes a los que la serie de Telecinco en Amazon Prime Video nunca ha podido renunciar\" src=\"http:\/\/nuevacordoba.net\/wp-content\/uploads\/2023\/05\/la-que-se-avecina-sorprende-a-todos-tras-la-tragica-muerte-de-laura-gomez-lacueva-el-espectaculo-debe-continuar-y-han-fichado-a-otra-actriz-para-sustituirla-en-el-papel-de-greta.jpg\"> <\/a> <\/div><\/div><\/div>\n<\/div>\n<p>La gran duda ahora est\u00e1 en saber si explicar\u00e1n este cambio de alguna forma -todav\u00eda me acuerdo de la operaci\u00f3n de cirug\u00eda est\u00e9tica con la que se justific\u00f3 en su momento el fichaje de <strong>El Gran Wyoming<\/strong> para sustituir a <strong>Juan Echanove<\/strong> en <strong>&#8216;Hermanos de Leche&#8217;<\/strong>&#8211; o si simplemente seguir\u00e1n adelante sin m\u00e1s. Lo que est\u00e1 claro es que sus responsables no pod\u00edan prescindir del personaje de Greta, as\u00ed que habr\u00e1 que ver cu\u00e1les son las tramas que tienen reservadas para ella.<\/p>\n<p><!-- BREAK 4 --><\/p>\n<p>En Espinof | <a href=\"https:\/\/www.espinof.com\/series-de-ficcion\/enorme-error-telecinco-que-se-avecina-que-ha-marcado-futuro-serie\">El enorme error de Telecinco con &#8216;La que se avecina&#8217; que ha marcado el futuro de la serie<\/a><\/p>\n<p><!-- BREAK 5 --> <\/p>\n","protected":false},"excerpt":{"rendered":"<p>El inesperado fallecimiento de Laura G\u00f3mez-Lacueva nos dej\u00f3 sin una actriz que estaba saboreando las mieles del \u00e9xito gracias a su participaci\u00f3n tanto en &#8216;El Pueblo&#8217; como &#8216;La que se avecina&#8217; -y ojo tambi\u00e9n a su genial aparici\u00f3n en &#8216;Historias lamentables&#8217;&#8211; &nbsp;En el caso de la primera, G\u00f3mez-Lacueva ya hab\u00eda rodado su participaci\u00f3n en la [&hellip;]<\/p>\n","protected":false},"author":1,"featured_media":0,"comment_status":"closed","ping_status":"closed","sticky":false,"template":"","format":"standard","meta":[],"categories":[6],"tags":[],"_links":{"self":[{"href":"http:\/\/nuevacordoba.net\/index.php\/wp-json\/wp\/v2\/posts\/32147"}],"collection":[{"href":"http:\/\/nuevacordoba.net\/index.php\/wp-json\/wp\/v2\/posts"}],"about":[{"href":"http:\/\/nuevacordoba.net\/index.php\/wp-json\/wp\/v2\/types\/post"}],"author":[{"embeddable":true,"href":"http:\/\/nuevacordoba.net\/index.php\/wp-json\/wp\/v2\/users\/1"}],"replies":[{"embeddable":true,"href":"http:\/\/nuevacordoba.net\/index.php\/wp-json\/wp\/v2\/comments?post=32147"}],"version-history":[{"count":0,"href":"http:\/\/nuevacordoba.net\/index.php\/wp-json\/wp\/v2\/posts\/32147\/revisions"}],"wp:attachment":[{"href":"http:\/\/nuevacordoba.net\/index.php\/wp-json\/wp\/v2\/media?parent=32147"}],"wp:term":[{"taxonomy":"category","embeddable":true,"href":"http:\/\/nuevacordoba.net\/index.php\/wp-json\/wp\/v2\/categories?post=32147"},{"taxonomy":"post_tag","embeddable":true,"href":"http:\/\/nuevacordoba.net\/index.php\/wp-json\/wp\/v2\/tags?post=32147"}],"curies":[{"name":"wp","href":"https:\/\/api.w.org\/{rel}","templated":true}]}}