{"id":32154,"date":"2023-05-12T17:53:04","date_gmt":"2023-05-12T17:53:04","guid":{"rendered":"http:\/\/nuevacordoba.net\/index.php\/2023\/05\/12\/tan-bionica-le-puso-fecha-al-reencuentro-ofrecera-un-show-en-velez-el-28-de-octubre\/"},"modified":"2023-05-12T17:53:04","modified_gmt":"2023-05-12T17:53:04","slug":"tan-bionica-le-puso-fecha-al-reencuentro-ofrecera-un-show-en-velez-el-28-de-octubre","status":"publish","type":"post","link":"http:\/\/nuevacordoba.net\/index.php\/2023\/05\/12\/tan-bionica-le-puso-fecha-al-reencuentro-ofrecera-un-show-en-velez-el-28-de-octubre\/","title":{"rendered":"Tan Bi\u00f3nica le puso fecha al reencuentro: ofrecer\u00e1 un show en V\u00e9lez el 28 de octubre"},"content":{"rendered":"<figure class=\"mb-3\"><img loading=\"lazy\" data-src=\"http:\/\/nuevacordoba.net\/wp-content\/uploads\/2023\/05\/tan-bionica-le-puso-fecha-al-reencuentro-ofrecera-un-show-en-velez-el-28-de-octubre.jpg\" src=\"https:\/\/www.telam.com.ar\/assets\/img\/not_image.png\" class=\" lazy \" width=\"100%\" height=\"100%\" alt=\"El 19 de abril de 2016 la banda anunci el impasse y no volvieron a juntarse en un escenario hasta el Lollapalooza Argentina de 2023 Foto Julin lvarez\"><figcaption> El 19 de abril de 2016, la banda anunci\u00f3 el impasse y no volvieron a juntarse en un escenario hasta el Lollapalooza Argentina de 2023. \/ Foto: Juli\u00e1n \u00c1lvarez <\/figcaption><\/figure>\n<p>Tan Bi\u00f3nica, la banda liderada por \u00abChano\u00bb Charpentier, volver\u00e1 a reunirse despu\u00e9s de un impasse de siete a\u00f1os en un show el 28 de octubre en el Estadio V\u00e9lez.<\/p>\n<p><strong>La preventa de entradas para clientes de una tarjeta de cr\u00e9dito comenzar\u00e1 el martes 16 de mayo a las 10 de la ma\u00f1ana durante 48 horas o hasta agotar el stock previsto<\/strong> (lo que suceda primero) y luego se dar\u00e1 paso a la venta general. En ambos casos, el \u00fanico medio de venta oficial es la plataforma All Access.<\/p>\n<p>El anuncio de que la banda volver\u00eda a subirse a un escenario por \u00faltima vez estuvo a cargo de Chano durante el show que dio en el Lollapalooza Argentina, en el que irrumpieron \u00abBambi\u00bb Charpentier, Diego Lichtenstein y Sebasti\u00e1n Seoane para tocar cuatro de sus temas cl\u00e1sicos.<\/p>\n<blockquote class=\"instagram-media\" data-instgrm-captioned data-instgrm-permalink=\"https:\/\/www.instagram.com\/reel\/CsJbdsQA2hb\/?utm_source=ig_embed&amp;utm_campaign=loading\" data-instgrm-version=\"14\" readability=\"-0.27272727272727\"><\/blockquote>\n<p>Aquel anuncio ocurri\u00f3 luego de que el cantante recibiera el alta m\u00e9dica del sanatorio Otamendi donde hab\u00eda estado internado de urgencia en terapia intensiva por una infecci\u00f3n y tras sucesivas internaciones en centros de rehabilitaci\u00f3n.<\/p>\n<p>\u00ab<strong>Va a volver Tan Bi\u00f3nica. Vinimos a decirles que el grupo les va a regalar la \u00faltima noche m\u00e1gica, pr\u00f3ximamente en un estadio de la Ciudad de Buenos Aires\u00bb<\/strong>, dijo en ese momento el l\u00edder de la banda el viernes 17 de marzo.<\/p>\n<p>Tan Bi\u00f3nica se fund\u00f3 en 2002 pero su primer disco, \u00abCanciones del hurac\u00e1n\u00bb fue lanzado en 2007. Sin embargo, fue su segundo \u00e1lbum, \u00abObsesionario\u00bb, con canciones como \u00abElla\u00bb, \u00abBeautiful\u00bb y \u00abLoca\u00bb que los posicion\u00f3 como una banda en ascenso que llen\u00f3 sus primeros tres Luna Park.<\/p>\n<p>En 2013 editaron \u00abDestinolog\u00eda\u00bb, que contiene los hits \u00abCiudad M\u00e1gica\u00bb y \u00abLa melod\u00eda de Dios\u00bb, seguido por \u00abHola mundo\u00bb de 2015.<\/p>\n<p>El 19 de abril de 2016, la banda anunci\u00f3 el impasse y no volvieron a juntarse en un escenario hasta el Lollapalooza Argentina de 2023. <\/p>\n","protected":false},"excerpt":{"rendered":"<p>El 19 de abril de 2016, la banda anunci\u00f3 el impasse y no volvieron a juntarse en un escenario hasta el Lollapalooza Argentina de 2023. \/ Foto: Juli\u00e1n \u00c1lvarez Tan Bi\u00f3nica, la banda liderada por \u00abChano\u00bb Charpentier, volver\u00e1 a reunirse despu\u00e9s de un impasse de siete a\u00f1os en un show el 28 de octubre en [&hellip;]<\/p>\n","protected":false},"author":1,"featured_media":32155,"comment_status":"closed","ping_status":"closed","sticky":false,"template":"","format":"standard","meta":[],"categories":[9],"tags":[],"_links":{"self":[{"href":"http:\/\/nuevacordoba.net\/index.php\/wp-json\/wp\/v2\/posts\/32154"}],"collection":[{"href":"http:\/\/nuevacordoba.net\/index.php\/wp-json\/wp\/v2\/posts"}],"about":[{"href":"http:\/\/nuevacordoba.net\/index.php\/wp-json\/wp\/v2\/types\/post"}],"author":[{"embeddable":true,"href":"http:\/\/nuevacordoba.net\/index.php\/wp-json\/wp\/v2\/users\/1"}],"replies":[{"embeddable":true,"href":"http:\/\/nuevacordoba.net\/index.php\/wp-json\/wp\/v2\/comments?post=32154"}],"version-history":[{"count":0,"href":"http:\/\/nuevacordoba.net\/index.php\/wp-json\/wp\/v2\/posts\/32154\/revisions"}],"wp:featuredmedia":[{"embeddable":true,"href":"http:\/\/nuevacordoba.net\/index.php\/wp-json\/wp\/v2\/media\/32155"}],"wp:attachment":[{"href":"http:\/\/nuevacordoba.net\/index.php\/wp-json\/wp\/v2\/media?parent=32154"}],"wp:term":[{"taxonomy":"category","embeddable":true,"href":"http:\/\/nuevacordoba.net\/index.php\/wp-json\/wp\/v2\/categories?post=32154"},{"taxonomy":"post_tag","embeddable":true,"href":"http:\/\/nuevacordoba.net\/index.php\/wp-json\/wp\/v2\/tags?post=32154"}],"curies":[{"name":"wp","href":"https:\/\/api.w.org\/{rel}","templated":true}]}}