{"id":3217,"date":"2021-04-14T21:28:40","date_gmt":"2021-04-14T21:28:40","guid":{"rendered":"http:\/\/www.bbc.com\/mundo\/noticias-america-latina-56740650"},"modified":"2021-04-14T21:28:40","modified_gmt":"2021-04-14T21:28:40","slug":"rafael-correa-si-yo-hubiera-estado-en-ecuador-solo-con-ese-hecho-le-aseguro-que-ganabamos-las-elecciones","status":"publish","type":"post","link":"http:\/\/nuevacordoba.net\/index.php\/2021\/04\/14\/rafael-correa-si-yo-hubiera-estado-en-ecuador-solo-con-ese-hecho-le-aseguro-que-ganabamos-las-elecciones\/","title":{"rendered":"Rafael Correa: \u00abSi yo hubiera estado en Ecuador, solo con ese hecho, le aseguro que gan\u00e1bamos las elecciones\u00bb"},"content":{"rendered":"<div dir=\"ltr\" class=\"e1j2237y6 bbc-q4ibpr e57qer20\">\n<div class=\"bbc-1atl7vu e1c9i7u14\">\n<ul role=\"list\" class=\"bbc-cdrraw e1c9i7u12\">\n<li role=\"listitem\" class=\"bbc-1a3w4ok e1c9i7u11\">Ana Mar\u00eda Roura @anamaroura<\/li>\n<li role=\"listitem\" class=\"bbc-1p92jtu e1c9i7u10\">BBC News Mundo<\/li>\n<\/ul>\n<\/div>\n<\/div>\n<p><time datetime=\"2021-04-14\" class=\"bbc-14xtggo e4zesg50\">9 horas<\/time><\/p>\n<div dir=\"ltr\" class=\"bbc-1ka88fa e57qer20\">\n<figure class=\"bbc-1qdcvv9 e6bmn90\">\n<div dir=\"ltr\" class=\"bbc-172p16q e57qer20\">\n<div dir=\"ltr\" class=\"bbc-189y18v e57qer20\" readability=\"6.5\">\n<div data-e2e=\"image-placeholder\" class=\"bbc-1k5hvrj e1whu0\" readability=\"8\"><img srcset=\"http:\/\/nuevacordoba.net\/wp-content\/uploads\/2021\/04\/rafael-correa-si-yo-hubiera-estado-en-ecuador-solo-con-ese-hecho-le-aseguro-que-ganabamos-las-elecciones-9.jpg 240w, http:\/\/nuevacordoba.net\/wp-content\/uploads\/2021\/04\/rafael-correa-si-yo-hubiera-estado-en-ecuador-solo-con-ese-hecho-le-aseguro-que-ganabamos-las-elecciones-10.jpg 320w, http:\/\/nuevacordoba.net\/wp-content\/uploads\/2021\/04\/rafael-correa-si-yo-hubiera-estado-en-ecuador-solo-con-ese-hecho-le-aseguro-que-ganabamos-las-elecciones-11.jpg 480w, http:\/\/nuevacordoba.net\/wp-content\/uploads\/2021\/04\/rafael-correa-si-yo-hubiera-estado-en-ecuador-solo-con-ese-hecho-le-aseguro-que-ganabamos-las-elecciones-12.jpg 624w, http:\/\/nuevacordoba.net\/wp-content\/uploads\/2021\/04\/rafael-correa-si-yo-hubiera-estado-en-ecuador-solo-con-ese-hecho-le-aseguro-que-ganabamos-las-elecciones-13.jpg 800w\" alt=\"Rafael Correa\" src=\"http:\/\/nuevacordoba.net\/wp-content\/uploads\/2021\/04\/rafael-correa-si-yo-hubiera-estado-en-ecuador-solo-con-ese-hecho-le-aseguro-que-ganabamos-las-elecciones.jpg\" width=\"976\" class=\"bbc-fat2bc e1enwo3v0\"><\/p>\n<p role=\"text\" class=\"bbc-1s1cxbv etq3yw90\"><span class=\"bbc-1gnhmg2 e1yt7oin0\">Fuente de la imagen, <\/span><span lang=\"en-GB\">Getty Images<\/span><\/p>\n<\/div>\n<\/div>\n<\/div>\n<\/figure>\n<\/div>\n<div dir=\"ltr\" class=\"bbc-19j92fr e57qer20\" readability=\"11\">\n<p dir=\"ltr\" class=\"bbc-bm53ic e1cc2ql70\"><b>La victoria este domingo del candidato de la derecha tradicional en Ecuador, Guillermo Lasso, es el primer rev\u00e9s electoral que ha sufrido el corre\u00edsmo desde que Rafael Correa ganara las elecciones presidenciales de 2006.<\/b><\/p>\n<\/div>\n<div dir=\"ltr\" class=\"bbc-19j92fr e57qer20\" readability=\"11\">\n<p dir=\"ltr\" class=\"bbc-bm53ic e1cc2ql70\">Tras esa victoria, Correa gobern\u00f3 al pa\u00eds durante una d\u00e9cada, de 2007 al 2017, bajo la ideolog\u00eda del Socialismo del siglo XXI.<\/p>\n<\/div>\n<div dir=\"ltr\" class=\"bbc-19j92fr e57qer20\" readability=\"12\">\n<p dir=\"ltr\" class=\"bbc-bm53ic e1cc2ql70\">Hoy, a pesar de no haber conquistado la presidencia, el corre\u00edsmo seguir\u00e1 siendo un actor clave en el poder y la gobernabilidad del pa\u00eds, pues cuenta con la primera minor\u00eda en la Asamblea Legislativa.<\/p>\n<\/div>\n<div dir=\"ltr\" class=\"bbc-19j92fr e57qer20\" readability=\"8\">\n<p dir=\"ltr\" class=\"bbc-bm53ic e1cc2ql70\">BBC Mundo convers\u00f3 con \u00e9l sobre estos resultados y el papel que jugar\u00e1 el corre\u00edsmo en el nuevo periodo presidencial que inicia el 24 de mayo.<\/p>\n<\/div>\n<div dir=\"ltr\" class=\"bbc-19j92fr e57qer20\" readability=\"7\">\n<p dir=\"ltr\" class=\"bbc-bm53ic e1cc2ql70\">Lo que sigue es un resumen de esa entrevista.<\/p>\n<\/div>\n<div dir=\"ltr\" class=\"bbc-1ka88fa e57qer20\">\n<figure class=\"bbc-1qdcvv9 e6bmn90\">\n<div dir=\"ltr\" class=\"bbc-172p16q e57qer20\">\n<div dir=\"ltr\" class=\"bbc-189y18v e57qer20\">\n<div data-e2e=\"image-placeholder\" class=\"bbc-367mqz e1whu0\"><noscript><img srcset=\"http:\/\/nuevacordoba.net\/wp-content\/uploads\/2021\/04\/rafael-correa-si-yo-hubiera-estado-en-ecuador-solo-con-ese-hecho-le-aseguro-que-ganabamos-las-elecciones-14.jpg 240w, http:\/\/nuevacordoba.net\/wp-content\/uploads\/2021\/04\/rafael-correa-si-yo-hubiera-estado-en-ecuador-solo-con-ese-hecho-le-aseguro-que-ganabamos-las-elecciones-15.jpg 320w, http:\/\/nuevacordoba.net\/wp-content\/uploads\/2021\/04\/rafael-correa-si-yo-hubiera-estado-en-ecuador-solo-con-ese-hecho-le-aseguro-que-ganabamos-las-elecciones-16.jpg 464w\" alt=\"L\u00ednea\" src=\"http:\/\/nuevacordoba.net\/wp-content\/uploads\/2021\/04\/rafael-correa-si-yo-hubiera-estado-en-ecuador-solo-con-ese-hecho-le-aseguro-que-ganabamos-las-elecciones-1.jpg\" width=\"464\" class=\"bbc-fat2bc e1enwo3v0\"><\/noscript><\/div>\n<\/div>\n<\/div>\n<\/figure>\n<\/div>\n<div dir=\"ltr\" class=\"bbc-19j92fr e57qer20\" readability=\"10\">\n<p dir=\"ltr\" class=\"bbc-bm53ic e1cc2ql70\"><b>Este <\/b><b>domingo <\/b><b>el <\/b><b>representante de la derecha tradicional Guillermo Lasso <\/b><b>le gan\u00f3 <\/b><b>al candidato que usted impulsaba, Andr\u00e9s Arauz.<\/b><b>Las urnas est\u00e1n demostrando que el corre\u00edsmo est\u00e1 lejos del poder que <\/b><b>ten\u00eda<\/b><b> hace unos a\u00f1os. \u00bfQu\u00e9 fue lo que pas\u00f3?<\/b><\/p>\n<\/div>\n<div dir=\"ltr\" class=\"bbc-19j92fr e57qer20\" readability=\"9\">\n<p dir=\"ltr\" class=\"bbc-bm53ic e1cc2ql70\">Es obvio lo que ha pasado (risas): ganamos la elecci\u00f3n del 2017 y compraron a ese presidente (Len\u00edn) Moreno y empez\u00f3 una persecuci\u00f3n brutal, nos robaron el partido pol\u00edtico Alianza Pa\u00eds. <\/p>\n<\/div>\n<div dir=\"ltr\" class=\"bbc-19j92fr e57qer20\" readability=\"12\">\n<p dir=\"ltr\" class=\"bbc-bm53ic e1cc2ql70\">En tres oportunidades impidieron que nos inscribi\u00e9ramos como partido pol\u00edtico, pese a ser como se ha mostrado y evidenciado ahora, la principal fuerza pol\u00edtica del pa\u00eds. Tuvimos que participar en las elecciones locales de 2019 con un partido prestado, el partido Compromiso Social Lista 5. <\/p>\n<\/div>\n<div dir=\"ltr\" class=\"bbc-19j92fr e57qer20\" readability=\"10\">\n<p dir=\"ltr\" class=\"bbc-bm53ic e1cc2ql70\">Luego lo eliminan para impedirnos participar en las elecciones presidenciales, y a \u00faltima hora nos abre las puertas Centro Democr\u00e1tico Lista 1, con el que participamos. <\/p>\n<\/div>\n<div dir=\"ltr\" class=\"bbc-19j92fr e57qer20\" readability=\"16\">\n<p dir=\"ltr\" class=\"bbc-bm53ic e1cc2ql70\">Me proponen a m\u00ed como candidato a vicepresidente -porque me hab\u00edan ya bloqueado para ser candidato presidencial-, sacan una sentencia en 17 d\u00edas laborables para condenarme por influjo ps\u00edquico o dirigir una organizaci\u00f3n criminal por medio de influjo ps\u00edquico, para impedirme ser candidato y en esas condiciones ganamos la primera vuelta, ganamos 50 asamble\u00edstas, el mayor bloque de lejos (en la Asamblea), y obtuvimos 47,5% de la votaci\u00f3n en la segunda vuelta. <\/p>\n<\/div>\n<div dir=\"ltr\" class=\"bbc-19j92fr e57qer20\">\n<div id=\"include-1\" class=\"bbc-1npwuzj e1vg4u840\">\n<div data-idt-uuid=\"0e4c6e45-442a-403d-984a-3881ccc2c825\">\n<div data-graphicuuid=\"0e4c6e45-442a-403d-984a-3881ccc2c825\" class=\"PicContainer-iky41v-0 dkfFzK\" readability=\"7.5\">\n<div data-graphicpic=\"true\" class=\"Img__PicImage-s1jp862x-1 dtAYqF\"><img src=\"http:\/\/nuevacordoba.net\/wp-content\/uploads\/2021\/04\/rafael-correa-si-yo-hubiera-estado-en-ecuador-solo-con-ese-hecho-le-aseguro-que-ganabamos-las-elecciones-2.jpg\" alt=\"Rafael Correa\" class=\"Img__Image-s1jp862x-0 kXlefL\"><\/p>\n<p>Getty<\/p>\n<\/div>\n<blockquote dir=\"ltr\" class=\"PicQuote-s138d390-0 eZwimE\" readability=\"8\"><p><svg width=\"30\" height=\"25\" aria-label=\"Quote\" class=\"Quote__SVG-s1rj7ts5-0 jBAUmy\"><g fill=\"#C9A975\" fill-rule=\"evenodd\" transform=\"rotate(0 15 12)\"><path d=\"M0 15.614c0-4.538 1.106-8.074 3.319-10.61C5.53 2.47 8.697.801 12.817 0v4.626c-3.143.89-5.234 2.55-6.271 4.983-.58 1.304-.809 2.535-.687 3.692H13V25H0v-9.386zM17 15.614c0-4.538 1.106-8.074 3.319-10.61C22.53 2.47 25.697.801 29.817 0v4.626c-3.143.89-5.234 2.55-6.271 4.983-.58 1.304-.809 2.535-.687 3.692H30V25H17v-9.386z\" \/><\/g><\/svg><\/p>\n<p>Solo si yo hubiera estado en Ecuador, solo con ese hecho, le aseguro que gan\u00e1bamos las elecciones\u00bb. <\/p>\n<p><svg width=\"43\" height=\"3\" viewBox=\"0 0 43 3\" class=\"RuleBreak__SVG-lfivii-0 lazDte\"><path d=\"M1.5 1.5h40\" stroke=\"#C9A975\" stroke-width=\"3\" fill=\"none\" fill-rule=\"evenodd\" stroke-linecap=\"square\" \/><\/svg><\/p><\/blockquote>\n<\/div>\n<\/div>\n<\/div>\n<\/div>\n<div dir=\"ltr\" class=\"bbc-19j92fr e57qer20\" readability=\"7\">\n<p dir=\"ltr\" class=\"bbc-bm53ic e1cc2ql70\">Por no hablar de la persecuci\u00f3n a otros dirigentes.<\/p>\n<\/div>\n<div dir=\"ltr\" class=\"bbc-19j92fr e57qer20\" readability=\"16\">\n<p dir=\"ltr\" class=\"bbc-bm53ic e1cc2ql70\">Yo tengo una condena a 8 a\u00f1os, aunque no lo crea, textualmente, por dirigir una organizaci\u00f3n criminal por medio de influjo ps\u00edquico dedicada a sobornos que nunca han existido, y Jorge Glass el (ex) vicepresidente est\u00e1 preso por tres a\u00f1os, un hombre honesto al que no le han descubierto medio centavo, por el caso de Odebrecht en el que ni siquiera acusaron a Odebrecht. <\/p>\n<\/div>\n<div dir=\"ltr\" class=\"bbc-19j92fr e57qer20\" readability=\"13\">\n<p dir=\"ltr\" class=\"bbc-bm53ic e1cc2ql70\">Los dem\u00e1s perseguidos por delitos pol\u00edticos, instigaci\u00f3n a la rebeli\u00f3n, desacato, est\u00e1n fuera del pa\u00eds, es decir, hemos estado en condiciones extremas.<\/p>\n<\/div>\n<div dir=\"ltr\" class=\"bbc-19j92fr e57qer20\" readability=\"14\">\n<p dir=\"ltr\" class=\"bbc-bm53ic e1cc2ql70\">Si yo hubiera estado en Ecuador, solo con ese hecho, le aseguro que gan\u00e1bamos las elecciones, pero es muy dif\u00edcil en esas condiciones pelear, m\u00e1s a\u00fan con estructuras. Hemos peleado contra todos los medios de comunicaci\u00f3n, contra todo el Estado y contra todo el espectro pol\u00edtico. <\/p>\n<\/div>\n<div dir=\"ltr\" class=\"bbc-19j92fr e57qer20\" readability=\"10\">\n<p dir=\"ltr\" class=\"bbc-bm53ic e1cc2ql70\">As\u00ed que los resultados son espectaculares, pero obviamente no era lo que dese\u00e1bamos, lo que aspir\u00e1bamos.<\/p>\n<\/div>\n<div dir=\"ltr\" class=\"bbc-19j92fr e57qer20\" readability=\"9\">\n<p dir=\"ltr\" class=\"bbc-bm53ic e1cc2ql70\"><b>Pero usted <\/b><b>e<\/b><b>st\u00e1 mencionando aqu\u00ed factores externos, <\/b><b>Me <\/b><b>preguntaba si tal vez hab\u00eda hecho una especie<\/b><b> de<\/b><i class=\"bbc-h1y5j7 ewc4zcb0\"><b> mea <\/b><\/i><i class=\"bbc-h1y5j7 ewc4zcb0\"><b>culpa<\/b><\/i><b> con este resultado tambi\u00e9n.<\/b><\/p>\n<\/div>\n<div dir=\"ltr\" class=\"bbc-19j92fr e57qer20\" readability=\"13\">\n<p dir=\"ltr\" class=\"bbc-bm53ic e1cc2ql70\">Yo ya he aprendido en la vida a no darle la raz\u00f3n a los que no la tienen. Yo s\u00e9 que alguna vez eso es lo que buscan ciertos sectores, ciertos periodistas. Lo que hemos logrado es extraordinario. Nunca nos equivocamos de lado, eso es lo principal, pero por supuesto que hemos cometido errores en el ejercicio del poder. <\/p>\n<\/div>\n<div dir=\"ltr\" class=\"bbc-19j92fr e57qer20\">\n<p dir=\"ltr\" class=\"bbc-bm53ic e1cc2ql70\"><b>\u00bfPor ejemplo?<\/b><\/p>\n<\/div>\n<div dir=\"ltr\" class=\"bbc-19j92fr e57qer20\" readability=\"10\">\n<p dir=\"ltr\" class=\"bbc-bm53ic e1cc2ql70\">Por ejemplo, nombrar a (Len\u00edn) Moreno como candidato, que nos enga\u00f1\u00f3 a todos, para empezar. <\/p>\n<\/div>\n<div dir=\"ltr\" class=\"bbc-19j92fr e57qer20\" readability=\"13\">\n<p dir=\"ltr\" class=\"bbc-bm53ic e1cc2ql70\">Pero sobre lo que est\u00e1n es acus\u00e1ndonos&#8230; Es imposible no tener casos de corrupci\u00f3n en 10 a\u00f1os de ejercicio del poder, de gobierno. Pero lo que hicieron fue generalizarlo, pactar con los corruptos para ejercer persecuci\u00f3n pol\u00edtica, por ejemplo, con el celeb\u00e9rrimo caso Odebrecht. <\/p>\n<\/div>\n<div dir=\"ltr\" class=\"bbc-19j92fr e57qer20\" readability=\"10\">\n<p dir=\"ltr\" class=\"bbc-bm53ic e1cc2ql70\">Metieron preso a todo el mundo, acusaron a todo el mundo menos a Odebrecht, porque es claro el pacto que existi\u00f3 para que acusaran a otros como Jorge Glass y robarle la vicepresidencia. <\/p>\n<\/div>\n<div dir=\"ltr\" class=\"bbc-19j92fr e57qer20\" readability=\"9\">\n<p dir=\"ltr\" class=\"bbc-bm53ic e1cc2ql70\">Entonces los corruptos siempre fueron ellos, pero de aquella corrupci\u00f3n alguien debi\u00f3 enriquecerse: \u00bfd\u00f3nde est\u00e1n nuestras cuentas secretas? \u00bfd\u00f3nde est\u00e1 nuestro dinero mal habido? <\/p>\n<\/div>\n<div dir=\"ltr\" class=\"bbc-19j92fr e57qer20\" readability=\"8\">\n<p dir=\"ltr\" class=\"bbc-bm53ic e1cc2ql70\">Entonces yo no voy a darles nunca la raz\u00f3n a quien no la tiene, no esperen eso de nosotros. <\/p>\n<\/div>\n<div dir=\"ltr\" class=\"bbc-19j92fr e57qer20\" readability=\"7\">\n<p dir=\"ltr\" class=\"bbc-bm53ic e1cc2ql70\">Pero s\u00ed siempre vamos a ser autocr\u00edticos. <\/p>\n<\/div>\n<div dir=\"ltr\" class=\"bbc-19j92fr e57qer20\" readability=\"8\">\n<p dir=\"ltr\" class=\"bbc-bm53ic e1cc2ql70\"><b>S\u00ed<\/b><b>,<\/b><b> pero eso pone la culpa <\/b><b>en otros<\/b><b>\u2026 y usted estuvo en el poder 10 a\u00f1os.<\/b><\/p>\n<\/div>\n<div dir=\"ltr\" class=\"bbc-19j92fr e57qer20\" readability=\"11\">\n<p dir=\"ltr\" class=\"bbc-bm53ic e1cc2ql70\">No, porque nosotros propusimos a Moreno y yo estoy casi convencido, tenemos que hacer estudios m\u00e1s profundos, que Quito no nos perdon\u00f3 que nosotros lo hubi\u00e9semos nominado como candidato. <\/p>\n<\/div>\n<div dir=\"ltr\" class=\"bbc-1ka88fa e57qer20\">\n<figure class=\"bbc-1qdcvv9 e6bmn90\">\n<div dir=\"ltr\" class=\"bbc-172p16q e57qer20\">\n<div dir=\"ltr\" class=\"bbc-189y18v e57qer20\" readability=\"6.5\">\n<div data-e2e=\"image-placeholder\" class=\"bbc-1k5hvrj e1whu0\" readability=\"8\"><noscript><img srcset=\"http:\/\/nuevacordoba.net\/wp-content\/uploads\/2021\/04\/rafael-correa-si-yo-hubiera-estado-en-ecuador-solo-con-ese-hecho-le-aseguro-que-ganabamos-las-elecciones-17.jpg 240w, http:\/\/nuevacordoba.net\/wp-content\/uploads\/2021\/04\/rafael-correa-si-yo-hubiera-estado-en-ecuador-solo-con-ese-hecho-le-aseguro-que-ganabamos-las-elecciones-18.jpg 320w, http:\/\/nuevacordoba.net\/wp-content\/uploads\/2021\/04\/rafael-correa-si-yo-hubiera-estado-en-ecuador-solo-con-ese-hecho-le-aseguro-que-ganabamos-las-elecciones-19.jpg 480w, http:\/\/nuevacordoba.net\/wp-content\/uploads\/2021\/04\/rafael-correa-si-yo-hubiera-estado-en-ecuador-solo-con-ese-hecho-le-aseguro-que-ganabamos-las-elecciones-20.jpg 624w, http:\/\/nuevacordoba.net\/wp-content\/uploads\/2021\/04\/rafael-correa-si-yo-hubiera-estado-en-ecuador-solo-con-ese-hecho-le-aseguro-que-ganabamos-las-elecciones-21.jpg 800w\" alt=\"Rafael Correa, Len\u00edn Moreno y Jorge Glass\" src=\"http:\/\/nuevacordoba.net\/wp-content\/uploads\/2021\/04\/rafael-correa-si-yo-hubiera-estado-en-ecuador-solo-con-ese-hecho-le-aseguro-que-ganabamos-las-elecciones-3.jpg\" width=\"976\" class=\"bbc-fat2bc e1enwo3v0\"><\/noscript><\/p>\n<p role=\"text\" class=\"bbc-1s1cxbv etq3yw90\"><span class=\"bbc-1gnhmg2 e1yt7oin0\">Fuente de la imagen, <\/span><span lang=\"en-GB\">Getty Images<\/span><\/p>\n<\/div>\n<\/div>\n<div dir=\"ltr\" class=\"bbc-3edg7g e57qer20\" readability=\"6.5\"><figcaption dir=\"ltr\" class=\"bbc-1t9zlwf eede9f50\" readability=\"3\"><span class=\"bbc-1gnhmg2 e1yt7oin0\">Pie de foto, <\/span><\/p>\n<p>Correa piensa que haber escogido a Len\u00edn Moreno como su sucesor le pas\u00f3 factura al corre\u00edsmo en estas elecciones<\/p>\n<\/figcaption><\/div>\n<\/div>\n<\/figure>\n<\/div>\n<div dir=\"ltr\" class=\"bbc-19j92fr e57qer20\" readability=\"15\">\n<p dir=\"ltr\" class=\"bbc-bm53ic e1cc2ql70\">Pese a que nos persigui\u00f3, pese a que nos traicion\u00f3, nosotros lo nominamos y ha sido el peor presidente de la historia. Eso no nos lo han perdonado y ahora dicen \u00abah, nos presentan un nuevo candidato, pero esta vez no, no vamos a votar por \u00e9l, votamos por el banquero\u00bb.<\/p>\n<\/div>\n<div dir=\"ltr\" class=\"bbc-19j92fr e57qer20\" readability=\"9\">\n<p dir=\"ltr\" class=\"bbc-bm53ic e1cc2ql70\">Entonces, yo creo que es una de las explicaciones, hay que buscar informaci\u00f3n m\u00e1s profundamente. <\/p>\n<\/div>\n<div dir=\"ltr\" class=\"bbc-19j92fr e57qer20\" readability=\"14\">\n<p dir=\"ltr\" class=\"bbc-bm53ic e1cc2ql70\">Pero hemos quedado con 47,5% del voto popular, en condiciones extremas y negativas, y \u00bftenemos nosotros que hacer una autocr\u00edtica? Creo que es un inmenso logro, pero obviamente no lo que esperamos para terminar con esta pesadilla de destrucci\u00f3n del pa\u00eds y de persecuci\u00f3n brutal sin nombre que han llamado \u00abdescorreizaci\u00f3n\u00bb y es la mayor campa\u00f1a de odio y de persecuci\u00f3n pol\u00edtica que la historia del Ecuador recuerda.<\/p>\n<\/div>\n<div dir=\"ltr\" class=\"bbc-19j92fr e57qer20\" readability=\"9\">\n<p dir=\"ltr\" class=\"bbc-bm53ic e1cc2ql70\"><b>Usted dice <\/b><b>que es imposible no tener corrupci\u00f3n en un gobierno<\/b><b> de 10 a\u00f1os<\/b><b>. <\/b><b>Muchos en Ecuador recuerdan <\/b><b>la campa\u00f1a de manos limpias con la que usted se present\u00f3 a la presidencia. \u00bf<\/b><b>Cree que t<\/b><b>al vez hubo un poco de decepci\u00f3n de su electorado?<\/b><\/p>\n<\/div>\n<div dir=\"ltr\" class=\"bbc-19j92fr e57qer20\">\n<p dir=\"ltr\" class=\"bbc-bm53ic e1cc2ql70\">Hay manipulaci\u00f3n. <\/p>\n<\/div>\n<div dir=\"ltr\" class=\"bbc-19j92fr e57qer20\" readability=\"9\">\n<p dir=\"ltr\" class=\"bbc-bm53ic e1cc2ql70\">Yo le puedo ense\u00f1ar estad\u00edsticas de Transparencia Internacional que demuestran que en mis 10 a\u00f1os de gobierno, Ecuador fue el pa\u00eds que m\u00e1s disminuy\u00f3 en el ranking de corrupci\u00f3n.<\/p>\n<\/div>\n<div dir=\"ltr\" class=\"bbc-19j92fr e57qer20\" readability=\"8\">\n<p dir=\"ltr\" class=\"bbc-bm53ic e1cc2ql70\">Estos gr\u00e1ficos mjuestran que cuando yo llegu\u00e9 al gobierno en 2007 est\u00e1bamos en el mayor nivel de corrupci\u00f3n. Y luego solo baja. <\/p>\n<\/div>\n<div dir=\"ltr\" class=\"bbc-19j92fr e57qer20\" readability=\"11\">\n<p dir=\"ltr\" class=\"bbc-bm53ic e1cc2ql70\">Al final nos rebrota un poco, por el caso Odebrecht precisamente y Refiner\u00eda (del Pac\u00edfico), pero bajamos 30 puestos en el ranking de corrupci\u00f3n y somos el gobierno que m\u00e1s baj\u00f3 en esa d\u00e9cada 2007-2017. <\/p>\n<\/div>\n<div dir=\"ltr\" class=\"bbc-19j92fr e57qer20\" readability=\"8\">\n<p dir=\"ltr\" class=\"bbc-bm53ic e1cc2ql70\"><b>Pero<\/b><b> hay much<\/b><b>\u00edsimas<\/b><b> denuncias e investigaciones por proyectos que tuvieron sobreprecio durante su gobierno. <\/b><\/p>\n<\/div>\n<div dir=\"ltr\" class=\"bbc-19j92fr e57qer20\" readability=\"10\">\n<p dir=\"ltr\" class=\"bbc-bm53ic e1cc2ql70\">H\u00e1gamos una pausa ah\u00ed, por favor. Yo le estoy hablando de estad\u00edsticas. Usted acaba de decir much\u00edsimas denuncias por sobreprecio, d\u00edgame un juicio por sobreprecio. <\/p>\n<\/div>\n<div dir=\"ltr\" class=\"bbc-19j92fr e57qer20\">\n<div id=\"include-2\" class=\"bbc-1npwuzj e1vg4u840\">\n<div data-idt-uuid=\"9e37f01f-fb74-4708-82fc-3dc8435e9309\">\n<div data-graphicuuid=\"9e37f01f-fb74-4708-82fc-3dc8435e9309\" class=\"PicContainer-iky41v-0 dkfFzK\" readability=\"7\">\n<div data-graphicpic=\"true\" class=\"Img__PicImage-s1jp862x-1 dtAYqF\"><img src=\"http:\/\/nuevacordoba.net\/wp-content\/uploads\/2021\/04\/rafael-correa-si-yo-hubiera-estado-en-ecuador-solo-con-ese-hecho-le-aseguro-que-ganabamos-las-elecciones-4.jpg\" alt class=\"Img__Image-s1jp862x-0 kckydW\"><\/p>\n<p>Getty<\/p>\n<\/div>\n<blockquote dir=\"ltr\" class=\"PicQuote-s138d390-0 eZwimE\" readability=\"7\"><p><svg width=\"30\" height=\"25\" aria-label=\"Quote\" class=\"Quote__SVG-s1rj7ts5-0 jBAUmy\"><g fill=\"#C9A975\" fill-rule=\"evenodd\" transform=\"rotate(0 15 12)\"><path d=\"M0 15.614c0-4.538 1.106-8.074 3.319-10.61C5.53 2.47 8.697.801 12.817 0v4.626c-3.143.89-5.234 2.55-6.271 4.983-.58 1.304-.809 2.535-.687 3.692H13V25H0v-9.386zM17 15.614c0-4.538 1.106-8.074 3.319-10.61C22.53 2.47 25.697.801 29.817 0v4.626c-3.143.89-5.234 2.55-6.271 4.983-.58 1.304-.809 2.535-.687 3.692H30V25H17v-9.386z\" \/><\/g><\/svg><\/p>\n<p>Hemos tenido casos de corrupci\u00f3n, como todo gobierno en ejercicio pero jam\u00e1s toleramos la corrupci\u00f3n\u00bb.<\/p>\n<p><svg width=\"43\" height=\"3\" viewBox=\"0 0 43 3\" class=\"RuleBreak__SVG-lfivii-0 lazDte\"><path d=\"M1.5 1.5h40\" stroke=\"#C9A975\" stroke-width=\"3\" fill=\"none\" fill-rule=\"evenodd\" stroke-linecap=\"square\" \/><\/svg><\/p><\/blockquote>\n<\/div>\n<\/div>\n<\/div>\n<\/div>\n<div dir=\"ltr\" class=\"bbc-19j92fr e57qer20\" readability=\"7\">\n<p dir=\"ltr\" class=\"bbc-bm53ic e1cc2ql70\"><b>P<\/b><b>or ejemplo lo que sucedi\u00f3 con la refiner\u00eda del Pac\u00edfico\u2026.<\/b><\/p>\n<\/div>\n<div dir=\"ltr\" class=\"bbc-19j92fr e57qer20\" readability=\"9\">\n<p dir=\"ltr\" class=\"bbc-bm53ic e1cc2ql70\">\u00bfD\u00f3nde est\u00e1 el sobreprecio de Refiner\u00eda del Pac\u00edfico? Refiner\u00eda del Pac\u00edfico es parte del caso Odebrecht, donde ni siquiera acusaron a Odebrecht.<\/p>\n<\/div>\n<div dir=\"ltr\" class=\"bbc-19j92fr e57qer20\" readability=\"14\">\n<p dir=\"ltr\" class=\"bbc-bm53ic e1cc2ql70\">Manipularon tanto, que en el ajuste de precios, si una carretera costaba 100 millones inicialmente y acababa costando 120 millones, a eso le llamaron sobreprecio. Pero eso es reajuste de contrato, no es sobreprecio, no es delito. <\/p>\n<\/div>\n<div dir=\"ltr\" class=\"bbc-19j92fr e57qer20\" readability=\"9\">\n<p dir=\"ltr\" class=\"bbc-bm53ic e1cc2ql70\">No existe un juicio de sobreprecio, no existe una condena de sobreprecio. Esa es la narrativa que han montado en estos a\u00f1os para tratar de acusarnos de falsedades. <\/p>\n<\/div>\n<div dir=\"ltr\" class=\"bbc-19j92fr e57qer20\" readability=\"12\">\n<p dir=\"ltr\" class=\"bbc-bm53ic e1cc2ql70\">Porque hemos tenido casos de corrupci\u00f3n, como todo gobierno en ejercicio, pero jam\u00e1s toleramos la corrupci\u00f3n como este gobierno que s\u00ed toler\u00f3 y dirigi\u00f3 la corrupci\u00f3n de las m\u00e1s altas esferas. Si no, no se hubieran podido repartir los hospitales como se evidenci\u00f3 en plena pandemia.<\/p>\n<\/div>\n<div dir=\"ltr\" class=\"bbc-1ka88fa e57qer20\">\n<figure class=\"bbc-1qdcvv9 e6bmn90\">\n<div dir=\"ltr\" class=\"bbc-172p16q e57qer20\">\n<div dir=\"ltr\" class=\"bbc-189y18v e57qer20\" readability=\"6.5\">\n<div data-e2e=\"image-placeholder\" class=\"bbc-1k5hvrj e1whu0\" readability=\"8\"><noscript><img srcset=\"http:\/\/nuevacordoba.net\/wp-content\/uploads\/2021\/04\/rafael-correa-si-yo-hubiera-estado-en-ecuador-solo-con-ese-hecho-le-aseguro-que-ganabamos-las-elecciones-22.jpg 240w, http:\/\/nuevacordoba.net\/wp-content\/uploads\/2021\/04\/rafael-correa-si-yo-hubiera-estado-en-ecuador-solo-con-ese-hecho-le-aseguro-que-ganabamos-las-elecciones-23.jpg 320w, http:\/\/nuevacordoba.net\/wp-content\/uploads\/2021\/04\/rafael-correa-si-yo-hubiera-estado-en-ecuador-solo-con-ese-hecho-le-aseguro-que-ganabamos-las-elecciones-24.jpg 480w, http:\/\/nuevacordoba.net\/wp-content\/uploads\/2021\/04\/rafael-correa-si-yo-hubiera-estado-en-ecuador-solo-con-ese-hecho-le-aseguro-que-ganabamos-las-elecciones-25.jpg 624w, http:\/\/nuevacordoba.net\/wp-content\/uploads\/2021\/04\/rafael-correa-si-yo-hubiera-estado-en-ecuador-solo-con-ese-hecho-le-aseguro-que-ganabamos-las-elecciones-26.jpg 800w\" alt=\"Andr\u00e9s Arauz, candidato del corre\u00edsmo\" src=\"http:\/\/nuevacordoba.net\/wp-content\/uploads\/2021\/04\/rafael-correa-si-yo-hubiera-estado-en-ecuador-solo-con-ese-hecho-le-aseguro-que-ganabamos-las-elecciones-5.jpg\" width=\"976\" class=\"bbc-fat2bc e1enwo3v0\"><\/noscript><\/p>\n<p role=\"text\" class=\"bbc-1s1cxbv etq3yw90\"><span class=\"bbc-1gnhmg2 e1yt7oin0\">Fuente de la imagen, <\/span><span lang=\"en-GB\">Agencia Press South\/Getty Images<\/span><\/p>\n<\/div>\n<\/div>\n<div dir=\"ltr\" class=\"bbc-3edg7g e57qer20\" readability=\"6.5\"><figcaption dir=\"ltr\" class=\"bbc-1t9zlwf eede9f50\" readability=\"3\"><span class=\"bbc-1gnhmg2 e1yt7oin0\">Pie de foto, <\/span><\/p>\n<p>Andr\u00e9s Arauz, el candidato del corre\u00edsmo utiliz\u00f3 la figura de Correa durante toda su campa\u00f1a<\/p>\n<\/figcaption><\/div>\n<\/div>\n<\/figure>\n<\/div>\n<div dir=\"ltr\" class=\"bbc-19j92fr e57qer20\" readability=\"9\">\n<p dir=\"ltr\" class=\"bbc-bm53ic e1cc2ql70\"><b>Volviendo a las elecciones, u<\/b><b>sted <\/b><b>dijo<\/b><b> que se equivoc\u00f3 con Moreno<\/b><b>. \u00bfS<\/b><b>e equivoc\u00f3 tambi\u00e9n con Andr\u00e9s Arauz al elegirlo como candidato<\/b><b>?<\/b><\/p>\n<\/div>\n<div dir=\"ltr\" class=\"bbc-19j92fr e57qer20\" readability=\"7\">\n<p dir=\"ltr\" class=\"bbc-bm53ic e1cc2ql70\">\u00bfPor qu\u00e9 me voy a haber equivocado con Andr\u00e9s Arauz? <\/p>\n<\/div>\n<div dir=\"ltr\" class=\"bbc-19j92fr e57qer20\" readability=\"7\">\n<p dir=\"ltr\" class=\"bbc-bm53ic e1cc2ql70\"><b>Porque finalmente no lleg\u00f3 a la presidencia.<\/b><\/p>\n<\/div>\n<div dir=\"ltr\" class=\"bbc-19j92fr e57qer20\" readability=\"7\">\n<p dir=\"ltr\" class=\"bbc-bm53ic e1cc2ql70\">Ah \u00bfporque no gan\u00f3 entonces nos equivocamos? (risas).<\/p>\n<\/div>\n<div dir=\"ltr\" class=\"bbc-19j92fr e57qer20\">\n<p dir=\"ltr\" class=\"bbc-bm53ic e1cc2ql70\"><b>Le pregunto<\/b><b>.<\/b><\/p>\n<\/div>\n<div dir=\"ltr\" class=\"bbc-19j92fr e57qer20\" readability=\"9\">\n<p dir=\"ltr\" class=\"bbc-bm53ic e1cc2ql70\">Era cuesta arriba. Mira c\u00f3mo nos sobredimensionan, muchas gracias, pero no somos superhombres.<\/p>\n<\/div>\n<div dir=\"ltr\" class=\"bbc-19j92fr e57qer20\" readability=\"10\">\n<p dir=\"ltr\" class=\"bbc-bm53ic e1cc2ql70\">Hemos estado luchando en condiciones extremas impresionantes. Ni siquiera pude estar en el pa\u00eds, ni siquiera puedo viajar con libertad por la condena absurda que tengo. La dirigencia hist\u00f3rica no est\u00e1 en el pa\u00eds. <\/p>\n<\/div>\n<div dir=\"ltr\" class=\"bbc-19j92fr e57qer20\" readability=\"20\">\n<p dir=\"ltr\" class=\"bbc-bm53ic e1cc2ql70\">Las bases, la estructura ha sido tremendamente golpeada, las casas de nuestros dirigentes han sido allanadas, tenemos dirigentes con brazalete (electr\u00f3nico), amenazados, un terror, toda la prensa en contra, todo el poder del Estado en contra, todo el espectro pol\u00edtico se uni\u00f3 contra nosotros y a\u00fan as\u00ed sacamos el 47,5%, pero no ganamos. <\/p>\n<\/div>\n<div dir=\"ltr\" class=\"bbc-19j92fr e57qer20\" readability=\"9\">\n<p dir=\"ltr\" class=\"bbc-bm53ic e1cc2ql70\">No nos sobreestime, no somos superhombres, pero lo que hemos hecho es extraordinario. <\/p>\n<\/div>\n<div dir=\"ltr\" class=\"bbc-19j92fr e57qer20\" readability=\"7\">\n<p dir=\"ltr\" class=\"bbc-bm53ic e1cc2ql70\"><b>Es decir <\/b><b>\u00bf<\/b><b>usted tiene un aire triunfalista con este resultado<\/b><b>?<\/b><\/p>\n<\/div>\n<div dir=\"ltr\" class=\"bbc-19j92fr e57qer20\" readability=\"10\">\n<p dir=\"ltr\" class=\"bbc-bm53ic e1cc2ql70\">Objetivamente, aspir\u00e1bamos a que acabe esta pesadilla, a que Ecuador recupere la senda hacia el progreso. <\/p>\n<\/div>\n<div dir=\"ltr\" class=\"bbc-19j92fr e57qer20\" readability=\"13\">\n<p dir=\"ltr\" class=\"bbc-bm53ic e1cc2ql70\">Hablemos claro, le deseo el mejor de los \u00e9xitos a Guillermo Lasso porque no estamos para politiquer\u00eda. El pa\u00eds sufre una crisis hist\u00f3rica, la peor de la historia econ\u00f3mica y la peor sanitaria de la que haya registros. No es momento de politiquer\u00eda, hay que arrimar el hombro para salvar vidas y recuperar la econom\u00eda que tambi\u00e9n salva vidas.<\/p>\n<\/div>\n<div dir=\"ltr\" class=\"bbc-19j92fr e57qer20\" readability=\"11\">\n<p dir=\"ltr\" class=\"bbc-bm53ic e1cc2ql70\">Le deseo el mayor de los \u00e9xitos, pese a que no concuerdo obviamente con su ideolog\u00eda neoliberal y nuestro bloque de asamble\u00edstas tratar\u00e1 de dar la mayor gobernabilidad dentro de lo aceptable, porque tampoco nos vamos a prestar para privatizaciones y todas esas cosas. <\/p>\n<\/div>\n<div dir=\"ltr\" class=\"bbc-19j92fr e57qer20\" readability=\"12\">\n<p dir=\"ltr\" class=\"bbc-bm53ic e1cc2ql70\">Va a tener todo nuestro apoyo para superar el grav\u00edsimo problema que atraviesa el pa\u00eds, pero no nos enga\u00f1emos, es la continuaci\u00f3n del gobierno de (Len\u00edn) Moreno, \u00e9l cogobern\u00f3 con Moreno. Son las mismas pol\u00edticas y muy probablemente esto nos lleve a perpetuar la crisis.<\/p>\n<\/div>\n<div dir=\"ltr\" class=\"bbc-19j92fr e57qer20\" readability=\"12\">\n<p dir=\"ltr\" class=\"bbc-bm53ic e1cc2ql70\">Entonces, nosotros no es que seamos triunfalistas, sino que reconocemos el capital pol\u00edtico que tenemos y responsablemente lo vamos a poner en funci\u00f3n del bienestar del pa\u00eds. No buscamos espacios para nosotros, buscamos el menor dolor para la gente y Ecuador est\u00e1 destrozado.<\/p>\n<\/div>\n<div dir=\"ltr\" class=\"bbc-1ka88fa e57qer20\">\n<figure class=\"bbc-1qdcvv9 e6bmn90\">\n<div dir=\"ltr\" class=\"bbc-172p16q e57qer20\">\n<div dir=\"ltr\" class=\"bbc-189y18v e57qer20\" readability=\"6.5\">\n<div data-e2e=\"image-placeholder\" class=\"bbc-1k5hvrj e1whu0\" readability=\"8\"><noscript><img srcset=\"http:\/\/nuevacordoba.net\/wp-content\/uploads\/2021\/04\/rafael-correa-si-yo-hubiera-estado-en-ecuador-solo-con-ese-hecho-le-aseguro-que-ganabamos-las-elecciones-27.jpg 240w, http:\/\/nuevacordoba.net\/wp-content\/uploads\/2021\/04\/rafael-correa-si-yo-hubiera-estado-en-ecuador-solo-con-ese-hecho-le-aseguro-que-ganabamos-las-elecciones-28.jpg 320w, http:\/\/nuevacordoba.net\/wp-content\/uploads\/2021\/04\/rafael-correa-si-yo-hubiera-estado-en-ecuador-solo-con-ese-hecho-le-aseguro-que-ganabamos-las-elecciones-29.jpg 480w, http:\/\/nuevacordoba.net\/wp-content\/uploads\/2021\/04\/rafael-correa-si-yo-hubiera-estado-en-ecuador-solo-con-ese-hecho-le-aseguro-que-ganabamos-las-elecciones-30.jpg 624w, http:\/\/nuevacordoba.net\/wp-content\/uploads\/2021\/04\/rafael-correa-si-yo-hubiera-estado-en-ecuador-solo-con-ese-hecho-le-aseguro-que-ganabamos-las-elecciones-31.jpg 800w\" alt=\"Guillermo Lasso\" src=\"http:\/\/nuevacordoba.net\/wp-content\/uploads\/2021\/04\/rafael-correa-si-yo-hubiera-estado-en-ecuador-solo-con-ese-hecho-le-aseguro-que-ganabamos-las-elecciones-6.jpg\" width=\"976\" class=\"bbc-fat2bc e1enwo3v0\"><\/noscript><\/p>\n<p role=\"text\" class=\"bbc-1s1cxbv etq3yw90\"><span class=\"bbc-1gnhmg2 e1yt7oin0\">Fuente de la imagen, <\/span><span lang=\"en-GB\">Getty Images<\/span><\/p>\n<\/div>\n<\/div>\n<div dir=\"ltr\" class=\"bbc-3edg7g e57qer20\" readability=\"6\"><figcaption dir=\"ltr\" class=\"bbc-1t9zlwf eede9f50\" readability=\"2\"><span class=\"bbc-1gnhmg2 e1yt7oin0\">Pie de foto, <\/span><\/p>\n<p>El presidente electo Guillermo Lasso deber\u00e1 hacer alianzas en la Asamblea para gobernar<\/p>\n<\/figcaption><\/div>\n<\/div>\n<\/figure>\n<\/div>\n<div dir=\"ltr\" class=\"bbc-19j92fr e57qer20\" readability=\"9\">\n<p dir=\"ltr\" class=\"bbc-bm53ic e1cc2ql70\"><b>D<\/b><b>efinitivamente el corre\u00edsmo y sus aliados van a ser un actor clave<\/b><b> ya que <\/b><b>tienen la primera minor\u00eda dentro de la Asamblea<\/b><b>. M<\/b><b>e pregunto qu\u00e9 papel van a jugar. <\/b><b>Hay quienes <\/b><b>piensan que el corre\u00edsmo puede ser la piedra en el zapato de Guillermo Lasso desde el Legislativo<\/b><b>.<\/b><\/p>\n<\/div>\n<div dir=\"ltr\" class=\"bbc-19j92fr e57qer20\" readability=\"7\">\n<p dir=\"ltr\" class=\"bbc-bm53ic e1cc2ql70\">Hay que cambiar esa mentalidad. <\/p>\n<\/div>\n<div dir=\"ltr\" class=\"bbc-19j92fr e57qer20\" readability=\"17\">\n<p dir=\"ltr\" class=\"bbc-bm53ic e1cc2ql70\">La obsesi\u00f3n de los pol\u00edticos latinoamericanos y de los ecuatorianos en particular debe ser superar el subdesarrollo, 200 a\u00f1os de subdesarrollo, pobreza, exclusi\u00f3n, desigualdad, marginalidad, discriminaci\u00f3n de nuestros pueblos ancestrales. Esos son nuestros grandes retos, no ser piedra del zapato de nadie.<\/p>\n<\/div>\n<div dir=\"ltr\" class=\"bbc-19j92fr e57qer20\" readability=\"10\">\n<p dir=\"ltr\" class=\"bbc-bm53ic e1cc2ql70\">Nosotros somos constructivos, propositivos. Entonces vamos a hacer una oposici\u00f3n responsable, que va a dar gobernabilidad. <\/p>\n<\/div>\n<div dir=\"ltr\" class=\"bbc-19j92fr e57qer20\" readability=\"9\">\n<p dir=\"ltr\" class=\"bbc-bm53ic e1cc2ql70\">La gente vot\u00f3 por el neoliberalismo, vot\u00f3 por la derecha, que se aplique un proyecto de derecha. <\/p>\n<\/div>\n<div dir=\"ltr\" class=\"bbc-19j92fr e57qer20\" readability=\"9\">\n<p dir=\"ltr\" class=\"bbc-bm53ic e1cc2ql70\">Si es para el plan de vacunaci\u00f3n tendr\u00e1n todo nuestro respaldo, todas las leyes que haya que aprobar en la Asamblea. <\/p>\n<\/div>\n<div dir=\"ltr\" class=\"bbc-19j92fr e57qer20\" readability=\"14\">\n<p dir=\"ltr\" class=\"bbc-bm53ic e1cc2ql70\">Si es para privatizaciones no concordamos con eso y representamos a un 47,5% del pueblo ecuatoriano, que dijo que est\u00e1 en contra de eso, y nos vamos a oponer pero jam\u00e1s con el af\u00e1n de desestabilizar sino de arrimar el hombro, sobre todo para superar la crisis sanitaria y que se salven vidas y superar la crisis econ\u00f3mica sin que saqueen al pa\u00eds con privatizaciones.<\/p>\n<\/div>\n<div dir=\"ltr\" class=\"bbc-19j92fr e57qer20\" readability=\"9\">\n<p dir=\"ltr\" class=\"bbc-bm53ic e1cc2ql70\"><b>\u00bfC\u00f3mo piensa trabajar en <\/b><b>el \u00e1mbito econ\u00f3mico <\/b><b>con el gobierno de Guillermo Lasso, ya que dice que va trabajar colaborativamente? <\/b><\/p>\n<\/div>\n<div dir=\"ltr\" class=\"bbc-19j92fr e57qer20\" readability=\"8\">\n<p dir=\"ltr\" class=\"bbc-bm53ic e1cc2ql70\">Bueno, desde nuestro espacio que es la Asamblea. <\/p>\n<\/div>\n<div dir=\"ltr\" class=\"bbc-19j92fr e57qer20\" readability=\"8\">\n<p dir=\"ltr\" class=\"bbc-bm53ic e1cc2ql70\">Nosotros no vamos a ser parte del ejecutivo y jam\u00e1s lo vamos a ser con un gobierno que es la ant\u00edtesis de lo que pensamos. <\/p>\n<\/div>\n<div dir=\"ltr\" class=\"bbc-19j92fr e57qer20\" readability=\"13\">\n<p dir=\"ltr\" class=\"bbc-bm53ic e1cc2ql70\">Le deseamos el mejor de los \u00e9xitos, porque es el \u00e9xito del Ecuador, pero creemos que con las pol\u00edticas que ha propuesto no vamos a salir de la crisis. Son las mismas pol\u00edticas que se impusieron en Grecia, para la crisis de los <i class=\"bbc-h1y5j7 ewc4zcb0\">subprime<\/i> en 2008 y todav\u00eda no sale Grecia de su crisis con esas pol\u00edticas de austeridad. <\/p>\n<\/div>\n<div dir=\"ltr\" class=\"bbc-19j92fr e57qer20\" readability=\"11\">\n<p dir=\"ltr\" class=\"bbc-bm53ic e1cc2ql70\">Se han ofrecido cosas como salarios b\u00e1sicos de 500 d\u00f3lares, cuando fueron los que se opusieron a aumentar ni un centavo del salario el a\u00f1o pasado. Vamos a ver c\u00f3mo cumple esas promesas, pero a la vez habla de pol\u00edticas de austeridad. <\/p>\n<\/div>\n<div dir=\"ltr\" class=\"bbc-19j92fr e57qer20\" readability=\"12\">\n<p dir=\"ltr\" class=\"bbc-bm53ic e1cc2ql70\">Entonces, temo que con esa clase de pol\u00edticas no superaremos r\u00e1pidamente la crisis que es lo que se necesita, pero como le dec\u00eda ellos cuentan con todo nuestro apoyo, es el momento de la unidad nacional.<\/p>\n<\/div>\n<div dir=\"ltr\" class=\"bbc-19j92fr e57qer20\" readability=\"7\">\n<p dir=\"ltr\" class=\"bbc-bm53ic e1cc2ql70\"><b>\u00bfCu\u00e1les propuestas cree que necesita el pa\u00eds?<\/b><\/p>\n<\/div>\n<div dir=\"ltr\" class=\"bbc-19j92fr e57qer20\" readability=\"9\">\n<p dir=\"ltr\" class=\"bbc-bm53ic e1cc2ql70\">Por ejemplo, los cr\u00e9ditos que dijeron que iban a dar los vamos a apoyar totalmente. La gente necesita cr\u00e9ditos. <\/p>\n<\/div>\n<div dir=\"ltr\" class=\"bbc-19j92fr e57qer20\" readability=\"9\">\n<p dir=\"ltr\" class=\"bbc-bm53ic e1cc2ql70\">Ahora hay que ver c\u00f3mo los financian y c\u00f3mo le van a dar cr\u00e9dito a gente que est\u00e1 sobreendeudada sin aliviarle primero la deuda. Primero habr\u00e1 que aliviar las deudas y en todo eso vamos a apoyar.<\/p>\n<\/div>\n<div dir=\"ltr\" class=\"bbc-19j92fr e57qer20\" readability=\"8\">\n<p dir=\"ltr\" class=\"bbc-bm53ic e1cc2ql70\"><b>La otra pregunta que muchos se hacen es si este nuevo rol que va a tener desde la oposici\u00f3n lo va a hacer v\u00eda remota desde B\u00e9lgica o si va a regresar al Ecuador. <\/b><\/p>\n<\/div>\n<div dir=\"ltr\" class=\"bbc-19j92fr e57qer20\" readability=\"7\">\n<p dir=\"ltr\" class=\"bbc-bm53ic e1cc2ql70\">No me interesa estar en pol\u00edtica. <\/p>\n<\/div>\n<div dir=\"ltr\" class=\"bbc-19j92fr e57qer20\" readability=\"12\">\n<p dir=\"ltr\" class=\"bbc-bm53ic e1cc2ql70\">Yo lo dije en el 2014, que no me iba a presentar en 2017, y usted sabe, tiene sus fuentes, que si me presentaba en 2017 ganaba las elecciones. <\/p>\n<\/div>\n<div dir=\"ltr\" class=\"bbc-1ka88fa e57qer20\">\n<figure class=\"bbc-1qdcvv9 e6bmn90\">\n<div dir=\"ltr\" class=\"bbc-172p16q e57qer20\">\n<div dir=\"ltr\" class=\"bbc-189y18v e57qer20\" readability=\"6.5\">\n<div data-e2e=\"image-placeholder\" class=\"bbc-1k5hvrj e1whu0\" readability=\"8\"><noscript><img srcset=\"http:\/\/nuevacordoba.net\/wp-content\/uploads\/2021\/04\/rafael-correa-si-yo-hubiera-estado-en-ecuador-solo-con-ese-hecho-le-aseguro-que-ganabamos-las-elecciones-32.jpg 240w, http:\/\/nuevacordoba.net\/wp-content\/uploads\/2021\/04\/rafael-correa-si-yo-hubiera-estado-en-ecuador-solo-con-ese-hecho-le-aseguro-que-ganabamos-las-elecciones-33.jpg 320w, http:\/\/nuevacordoba.net\/wp-content\/uploads\/2021\/04\/rafael-correa-si-yo-hubiera-estado-en-ecuador-solo-con-ese-hecho-le-aseguro-que-ganabamos-las-elecciones-34.jpg 480w, http:\/\/nuevacordoba.net\/wp-content\/uploads\/2021\/04\/rafael-correa-si-yo-hubiera-estado-en-ecuador-solo-con-ese-hecho-le-aseguro-que-ganabamos-las-elecciones-35.jpg 624w, http:\/\/nuevacordoba.net\/wp-content\/uploads\/2021\/04\/rafael-correa-si-yo-hubiera-estado-en-ecuador-solo-con-ese-hecho-le-aseguro-que-ganabamos-las-elecciones-36.jpg 800w\" alt=\"Rafael Correa en campa\u00f1a\" src=\"http:\/\/nuevacordoba.net\/wp-content\/uploads\/2021\/04\/rafael-correa-si-yo-hubiera-estado-en-ecuador-solo-con-ese-hecho-le-aseguro-que-ganabamos-las-elecciones-7.jpg\" width=\"976\" class=\"bbc-fat2bc e1enwo3v0\"><\/noscript><\/p>\n<p role=\"text\" class=\"bbc-1s1cxbv etq3yw90\"><span class=\"bbc-1gnhmg2 e1yt7oin0\">Fuente de la imagen, <\/span><span lang=\"en-GB\">Getty Images<\/span><\/p>\n<\/div>\n<\/div>\n<div dir=\"ltr\" class=\"bbc-3edg7g e57qer20\" readability=\"6\"><figcaption dir=\"ltr\" class=\"bbc-1t9zlwf eede9f50\" readability=\"2\"><span class=\"bbc-1gnhmg2 e1yt7oin0\">Pie de foto, <\/span><\/p>\n<p>Correa ha ganado todas las elecciones presidenciales a las que se ha presentado como candidato<\/p>\n<\/figcaption><\/div>\n<\/div>\n<\/figure>\n<\/div>\n<div dir=\"ltr\" class=\"bbc-19j92fr e57qer20\" readability=\"14\">\n<p dir=\"ltr\" class=\"bbc-bm53ic e1cc2ql70\">Pero es que me iba a retirar de la pol\u00edtica, que despu\u00e9s de vivir 25 a\u00f1os en Ecuador con mi familia que es binacional, mi esposa es belga, mis hijos tienen la doble nacionalidad, era justo y era hora de vivir unos a\u00f1os en B\u00e9lgica. Mis suegros estaban ancianos, y de hecho fallecieron. <\/p>\n<\/div>\n<div dir=\"ltr\" class=\"bbc-19j92fr e57qer20\" readability=\"8\">\n<p dir=\"ltr\" class=\"bbc-bm53ic e1cc2ql70\">Ese era mi plan de vida, volver a la academia. <\/p>\n<\/div>\n<div dir=\"ltr\" class=\"bbc-19j92fr e57qer20\" readability=\"11\">\n<p dir=\"ltr\" class=\"bbc-bm53ic e1cc2ql70\">Tuve que involucrarme nuevamente en pol\u00edtica por la persecuci\u00f3n brutal que empez\u00f3 a hacer Moreno cuando nos traicion\u00f3 y se vendi\u00f3 a la derecha y comenz\u00f3 a cogobernar con la derecha y tir\u00f3 a la basura el programa de gobierno que gan\u00f3 en las urnas. No solo nos traicion\u00f3 a nosotros. Fue una traici\u00f3n al voto de la gente, un cambio de 180 grados en el plan de gobierno aprobado en las urnas. <\/p>\n<\/div>\n<div dir=\"ltr\" class=\"bbc-19j92fr e57qer20\" readability=\"15\">\n<p dir=\"ltr\" class=\"bbc-bm53ic e1cc2ql70\">Traicion\u00f3 a sus compa\u00f1eros, traicion\u00f3 la democracia, al pueblo ecuatoriano, y me empez\u00f3 a repletar de juicios. 39 juicios penales tengo, de secuestro, de homicidio, de soborno, de todo. <\/p>\n<\/div>\n<div dir=\"ltr\" class=\"bbc-19j92fr e57qer20\" readability=\"16\">\n<p dir=\"ltr\" class=\"bbc-bm53ic e1cc2ql70\">Entonces frente a eso, frente a la persecuci\u00f3n de mis compa\u00f1eros, frente la destrucci\u00f3n de mi pa\u00eds, frente a esa difamaci\u00f3n, a ese discurso \u00fanico de que la corrupci\u00f3n generalizada&#8230; Para empezar, 10 a\u00f1os fue parte de nuestro gobierno, Moreno. \u00bfD\u00f3nde estaba mientras la corrupci\u00f3n era generalizada? Es tan sencillo como eso.<\/p>\n<\/div>\n<div dir=\"ltr\" class=\"bbc-19j92fr e57qer20\" readability=\"8\">\n<p dir=\"ltr\" class=\"bbc-bm53ic e1cc2ql70\">No solo nos han robado la verdad, nos han robado el sentido com\u00fan. <\/p>\n<\/div>\n<div dir=\"ltr\" class=\"bbc-19j92fr e57qer20\" readability=\"15\">\n<p dir=\"ltr\" class=\"bbc-bm53ic e1cc2ql70\">Todas han sido calumnias, todas han sido mentiras, difamaci\u00f3n. Frente a esto tuve que regresar a la pol\u00edtica para defender el legado de mi gobierno, para defender la verdad, defender nuestro honor defender a mis compa\u00f1eros, pero no me interesa, a m\u00ed no me interesa ning\u00fan puesto. <\/p>\n<\/div>\n<div dir=\"ltr\" class=\"bbc-19j92fr e57qer20\" readability=\"8\">\n<p dir=\"ltr\" class=\"bbc-bm53ic e1cc2ql70\">Hubiera querido seguir tranquilo en mi casa escribiendo los libros que estoy tratando de hacer y que hubiera acabado si no hubiera habido esta persecuci\u00f3n tan brutal. <\/p>\n<\/div>\n<div dir=\"ltr\" class=\"bbc-19j92fr e57qer20\" readability=\"14\">\n<p dir=\"ltr\" class=\"bbc-bm53ic e1cc2ql70\">En todo caso, en lo posible voy a dejar que el nuevo liderazgo, Andr\u00e9s (Arauz) y muchos otros j\u00f3venes, manejen esto, pero obviamente algunas veces me consultar\u00e1n y todav\u00eda no puedo regresar al pa\u00eds mientras no se resuelvan todos estos problemas jur\u00eddicos que yo creo que m\u00e1s temprano que tarde se derrumbar\u00e1n.<\/p>\n<\/div>\n<div dir=\"ltr\" class=\"bbc-19j92fr e57qer20\" readability=\"11\">\n<p dir=\"ltr\" class=\"bbc-bm53ic e1cc2ql70\"><b>S<\/b><b>on alrededor de una treintena de procesos abiertos en Ecuador y una sentencia tambi\u00e9n por cohecho, a 8 a\u00f1os de prisi\u00f3n. Usted le ha pedido a Guillermo Lasso que cese lo que usted llama el lawfare, o sea que la justicia sea utilizada con fines pol\u00edticos. \u00bfUsted insiste en su inocencia? <\/b><\/p>\n<\/div>\n<div dir=\"ltr\" class=\"bbc-19j92fr e57qer20\" readability=\"9\">\n<p dir=\"ltr\" class=\"bbc-bm53ic e1cc2ql70\">No se lo digo yo, se lo dice su propio asesor pol\u00edtico (de Guillermo Lasso), Dur\u00e1n Barba. <\/p>\n<\/div>\n<div dir=\"ltr\" class=\"bbc-19j92fr e57qer20\" readability=\"16\">\n<p dir=\"ltr\" class=\"bbc-bm53ic e1cc2ql70\">Usted puede leer, en el peri\u00f3dico P\u00e1gina 12 la fecha 13 de abril: \u00abJaime Dur\u00e1n Barba: Len\u00edn Moreno se dedic\u00f3 a perseguir a Correa de manera absurda\u00bb, y \u00e9l, Dur\u00e1n Barba, el asesor pol\u00edtico, consultor y estratega que ha hecho ganar a Guillermo Lasso y que hizo ganar a Macri en Argentina lo dice: Correa es un perseguido, se lo persigui\u00f3 de manera absurda y le aconseja a Guillermo Lasso no hacer lo mismo. <\/p>\n<\/div>\n<div dir=\"ltr\" class=\"bbc-19j92fr e57qer20\" readability=\"15\">\n<p dir=\"ltr\" class=\"bbc-bm53ic e1cc2ql70\">Porque en el largo plazo es perjudicial. En el caso argentino, donde mantuvieron viva a Cristina (Fern\u00e1ndez) y derrotaron a (Mauricio) Macri, y en nuestro caso, donde probablemente nos hubieran derrotado mucho m\u00e1s f\u00e1cilmente si se olvidaban de nosotros. Nos han tenido presentes, hemos quedado en segundo lugar con 47,5% de los votos y si m\u00e1s tarde puedo regresar al pa\u00eds les vamos a ganar las elecciones. <\/p>\n<\/div>\n<div dir=\"ltr\" class=\"bbc-1ka88fa e57qer20\">\n<figure class=\"bbc-1qdcvv9 e6bmn90\">\n<div dir=\"ltr\" class=\"bbc-172p16q e57qer20\">\n<div dir=\"ltr\" class=\"bbc-189y18v e57qer20\">\n<div data-e2e=\"image-placeholder\" class=\"bbc-367mqz e1whu0\"><noscript><img srcset=\"http:\/\/nuevacordoba.net\/wp-content\/uploads\/2021\/04\/rafael-correa-si-yo-hubiera-estado-en-ecuador-solo-con-ese-hecho-le-aseguro-que-ganabamos-las-elecciones-37.jpg 240w, http:\/\/nuevacordoba.net\/wp-content\/uploads\/2021\/04\/rafael-correa-si-yo-hubiera-estado-en-ecuador-solo-con-ese-hecho-le-aseguro-que-ganabamos-las-elecciones-38.jpg 320w, http:\/\/nuevacordoba.net\/wp-content\/uploads\/2021\/04\/rafael-correa-si-yo-hubiera-estado-en-ecuador-solo-con-ese-hecho-le-aseguro-que-ganabamos-las-elecciones-39.jpg 464w\" alt=\"Presentational grey line\" src=\"http:\/\/nuevacordoba.net\/wp-content\/uploads\/2021\/04\/rafael-correa-si-yo-hubiera-estado-en-ecuador-solo-con-ese-hecho-le-aseguro-que-ganabamos-las-elecciones-8.jpg\" width=\"464\" class=\"bbc-fat2bc e1enwo3v0\"><\/noscript><\/div>\n<\/div>\n<\/div>\n<\/figure>\n<\/div>\n<div dir=\"ltr\" class=\"bbc-19j92fr e57qer20\" readability=\"8\">\n<p dir=\"ltr\" class=\"bbc-bm53ic e1cc2ql70\"><i class=\"bbc-h1y5j7 ewc4zcb0\">Recuerda que<\/i><i class=\"bbc-h1y5j7 ewc4zcb0\"> puedes recibir notificaciones de BBC Mundo. Descarg<\/i><i class=\"bbc-h1y5j7 ewc4zcb0\">a nuestra app y act\u00edvalas para no perderte nuestro mejor contenido.<\/i><\/p>\n<\/div>\n","protected":false},"excerpt":{"rendered":"<p>Ana Mar\u00eda Roura @anamaroura BBC News Mundo 9 horas Fuente de la imagen, Getty Images La victoria este domingo del candidato de la derecha tradicional en Ecuador, Guillermo Lasso, es el primer rev\u00e9s electoral que ha sufrido el corre\u00edsmo desde que Rafael Correa ganara las elecciones presidenciales de 2006. Tras esa victoria, Correa gobern\u00f3 al [&hellip;]<\/p>\n","protected":false},"author":1,"featured_media":3218,"comment_status":"closed","ping_status":"closed","sticky":false,"template":"","format":"standard","meta":[],"categories":[13],"tags":[],"_links":{"self":[{"href":"http:\/\/nuevacordoba.net\/index.php\/wp-json\/wp\/v2\/posts\/3217"}],"collection":[{"href":"http:\/\/nuevacordoba.net\/index.php\/wp-json\/wp\/v2\/posts"}],"about":[{"href":"http:\/\/nuevacordoba.net\/index.php\/wp-json\/wp\/v2\/types\/post"}],"author":[{"embeddable":true,"href":"http:\/\/nuevacordoba.net\/index.php\/wp-json\/wp\/v2\/users\/1"}],"replies":[{"embeddable":true,"href":"http:\/\/nuevacordoba.net\/index.php\/wp-json\/wp\/v2\/comments?post=3217"}],"version-history":[{"count":0,"href":"http:\/\/nuevacordoba.net\/index.php\/wp-json\/wp\/v2\/posts\/3217\/revisions"}],"wp:featuredmedia":[{"embeddable":true,"href":"http:\/\/nuevacordoba.net\/index.php\/wp-json\/wp\/v2\/media\/3218"}],"wp:attachment":[{"href":"http:\/\/nuevacordoba.net\/index.php\/wp-json\/wp\/v2\/media?parent=3217"}],"wp:term":[{"taxonomy":"category","embeddable":true,"href":"http:\/\/nuevacordoba.net\/index.php\/wp-json\/wp\/v2\/categories?post=3217"},{"taxonomy":"post_tag","embeddable":true,"href":"http:\/\/nuevacordoba.net\/index.php\/wp-json\/wp\/v2\/tags?post=3217"}],"curies":[{"name":"wp","href":"https:\/\/api.w.org\/{rel}","templated":true}]}}