{"id":32180,"date":"2023-05-13T12:06:06","date_gmt":"2023-05-13T12:06:06","guid":{"rendered":"https:\/\/prensa.cba.gov.ar\/?p=550466"},"modified":"2023-05-13T12:06:06","modified_gmt":"2023-05-13T12:06:06","slug":"el-departamento-contra-la-violencia-de-genero-de-la-policia-cumplio-7-anos","status":"publish","type":"post","link":"http:\/\/nuevacordoba.net\/index.php\/2023\/05\/13\/el-departamento-contra-la-violencia-de-genero-de-la-policia-cumplio-7-anos\/","title":{"rendered":"El departamento contra la Violencia de G\u00e9nero de la Polic\u00eda cumpli\u00f3 7 a\u00f1os"},"content":{"rendered":"<ul>\n<li><strong>Se trata de un espacio que trabaja articuladamente con el Ministerio de la Mujer y el Ministerio P\u00fablico Fiscal, a trav\u00e9s del Polo Integral de la Mujer.<\/strong><\/li>\n<li><strong>C\u00f3rdoba es pionera en el pa\u00eds y en Latinoam\u00e9rica al contar con esta divisi\u00f3n especializada que brinda asistencia y protecci\u00f3n.<\/strong><\/li>\n<\/ul>\n<p>El Departamento de Coordinaci\u00f3n de Acciones contra la Violencia de G\u00e9nero de la Polic\u00eda de C\u00f3rdoba cumpli\u00f3 7 a\u00f1os en el Polo Integral de la Mujer. El acto fue encabezado por la Ministra de la Mujer, Claudia Mart\u00ednez; el Subjefe de la Polic\u00eda, Crio. Gral. Ariel Lecler; y la Jefa del Departamento, Crio. Inspector Ada Mansilla.<\/p>\n<p><em>\u201cEste Departamento de Acciones contra la Violencia de G\u00e9nero ha tenido a grandes mujeres al frente, con un importante trabajo en equipo. Desde este espacio podemos seguir haciendo grandes transformaciones y tenemos muchos desaf\u00edos por delante para un cambio institucional que, estoy convencida, ser\u00e1 desde aqu\u00ed\u201d<\/em>, afirm\u00f3 Claudia Mart\u00ednez.<\/p>\n<p>Por su parte, el Subjefe de la Polic\u00eda, Crio. Gral. Ariel Lecler. dijo: <em>\u201cEsta dependencia es un factor clave para el crecimiento de la instituci\u00f3n desde la perspectiva de g\u00e9nero. Es muy importante que el personal policial contin\u00fae capacit\u00e1ndose y pueda aplicar todo lo aprendido, para disminuir el flagelo de la violencia, tanto en el espacio laboral, como as\u00ed tambi\u00e9n, en la vida cotidiana\u201d.<\/em><\/p>\n<figure class=\"wp-container-2 wp-block-gallery-1 wp-block-gallery has-nested-images columns-default is-cropped has-lightbox\">\n<figure class=\"wp-block-image size-large\"><img loading=\"lazy\" width=\"990\" height=\"660\" data-id=\"550471\" src=\"http:\/\/nuevacordoba.net\/wp-content\/uploads\/2023\/05\/el-departamento-contra-la-violencia-de-genero-de-la-policia-cumplio-7-anos.jpg\" alt class=\"wp-image-550471\"><\/figure>\n<figure class=\"wp-block-image size-large\"><img loading=\"lazy\" width=\"990\" height=\"660\" data-id=\"550468\" src=\"http:\/\/nuevacordoba.net\/wp-content\/uploads\/2023\/05\/el-departamento-contra-la-violencia-de-genero-de-la-policia-cumplio-7-anos-1.jpg\" alt class=\"wp-image-550468\"><\/figure>\n<figure class=\"wp-block-image size-large\"><img loading=\"lazy\" width=\"990\" height=\"660\" data-id=\"550470\" src=\"http:\/\/nuevacordoba.net\/wp-content\/uploads\/2023\/05\/el-departamento-contra-la-violencia-de-genero-de-la-policia-cumplio-7-anos-2.jpg\" alt class=\"wp-image-550470\"><\/figure>\n<\/figure>\n<p>Esta dependencia realiza un trabajo en equipo con \u00e1reas especializadas del Ministerio de la Mujer, la Justicia, organismos oficiales y no gubernamentales vinculados a la lucha contra la violencia de g\u00e9nero. Tiene adem\u00e1s a cargo la entrega, control y monitoreo de Botones Antip\u00e1nico y Tobilleras Duales, en un trabajo en conjunto con la Brigada de Protecci\u00f3n a la Mujer, mediante la contenci\u00f3n psicol\u00f3gica, social, y asesoramiento jur\u00eddico.<\/p>\n<p>Actualmente hay m\u00e1s de 5 mil botones entregados en la provincia, a mujeres que atraviesan distintas situaciones de violencias. Los dispositivos son monitoreados por el equipo interdisciplinario que trabaja las 24 horas en el Polo Integral de la Mujer y la Jefatura de Polic\u00eda.<\/p>\n<p>La provincia de C\u00f3rdoba es pionera en Argentina y Latinoam\u00e9rica al contar con este Departamento especializado que brinda asistencia y protecci\u00f3n a las mujeres v\u00edctimas de violencia.<\/p>\n","protected":false},"excerpt":{"rendered":"<p>Se trata de un espacio que trabaja articuladamente con el Ministerio de la Mujer y el Ministerio P\u00fablico Fiscal, a trav\u00e9s del Polo Integral de la Mujer. C\u00f3rdoba es pionera en el pa\u00eds y en Latinoam\u00e9rica al contar con esta divisi\u00f3n especializada que brinda asistencia y protecci\u00f3n. El Departamento de Coordinaci\u00f3n de Acciones contra la [&hellip;]<\/p>\n","protected":false},"author":1,"featured_media":32181,"comment_status":"closed","ping_status":"closed","sticky":false,"template":"","format":"standard","meta":[],"categories":[14],"tags":[],"_links":{"self":[{"href":"http:\/\/nuevacordoba.net\/index.php\/wp-json\/wp\/v2\/posts\/32180"}],"collection":[{"href":"http:\/\/nuevacordoba.net\/index.php\/wp-json\/wp\/v2\/posts"}],"about":[{"href":"http:\/\/nuevacordoba.net\/index.php\/wp-json\/wp\/v2\/types\/post"}],"author":[{"embeddable":true,"href":"http:\/\/nuevacordoba.net\/index.php\/wp-json\/wp\/v2\/users\/1"}],"replies":[{"embeddable":true,"href":"http:\/\/nuevacordoba.net\/index.php\/wp-json\/wp\/v2\/comments?post=32180"}],"version-history":[{"count":0,"href":"http:\/\/nuevacordoba.net\/index.php\/wp-json\/wp\/v2\/posts\/32180\/revisions"}],"wp:featuredmedia":[{"embeddable":true,"href":"http:\/\/nuevacordoba.net\/index.php\/wp-json\/wp\/v2\/media\/32181"}],"wp:attachment":[{"href":"http:\/\/nuevacordoba.net\/index.php\/wp-json\/wp\/v2\/media?parent=32180"}],"wp:term":[{"taxonomy":"category","embeddable":true,"href":"http:\/\/nuevacordoba.net\/index.php\/wp-json\/wp\/v2\/categories?post=32180"},{"taxonomy":"post_tag","embeddable":true,"href":"http:\/\/nuevacordoba.net\/index.php\/wp-json\/wp\/v2\/tags?post=32180"}],"curies":[{"name":"wp","href":"https:\/\/api.w.org\/{rel}","templated":true}]}}