{"id":3219,"date":"2021-04-14T21:57:45","date_gmt":"2021-04-14T21:57:45","guid":{"rendered":"http:\/\/nuevacordoba.net\/index.php\/2021\/04\/14\/el-presi-nuevo-filme-de-postiglione-gratis-por-24-horas-en-octubretv\/"},"modified":"2021-04-14T21:57:45","modified_gmt":"2021-04-14T21:57:45","slug":"el-presi-nuevo-filme-de-postiglione-gratis-por-24-horas-en-octubretv","status":"publish","type":"post","link":"http:\/\/nuevacordoba.net\/index.php\/2021\/04\/14\/el-presi-nuevo-filme-de-postiglione-gratis-por-24-horas-en-octubretv\/","title":{"rendered":"\u00abEl Presi\u00bb, nuevo filme de Postiglione, gratis por 24 horas en OctubreTv"},"content":{"rendered":"<div class=\"image\" id=\"image\" readability=\"7\"> <img src=\"http:\/\/nuevacordoba.net\/wp-content\/uploads\/2021\/04\/el-presi-nuevo-filme-de-postiglione-gratis-por-24-horas-en-octubretv.jpg\" alt=\"Jorge Ferrucci en &quot;El Presi&quot;\" title=\"Jorge Ferrucci en &quot;El Presi&quot;\"><\/p>\n<p>Jorge Ferrucci en \u00abEl Presi\u00bb<\/p>\n<\/div>\n<p><strong>\u00abEl Presi\u00bb, la nueva pel\u00edcula de Gustavo Postiglione, se estrenar\u00e1 el 20 de abril, solo por 24 horas y en exclusiva por Octubre TV<\/strong>, como previa a la proyecci\u00f3n en salas que el 14 de mayo tendr\u00e1 en Rosario y Santa Fe.<\/p>\n<p>A su vez, seg\u00fan inform\u00f3 la producci\u00f3n, <strong>en junio la cinta regresar\u00e1 al streaming<\/strong>.<\/p>\n<p>\u00abDiciembre de 2015, en un pa\u00eds muy parecido a la Argentina, el presidente electo recorre su ciudad en auto, la noche antes de asumir. Durante esa viaje se encontrar\u00e1 con su asesora de imagen, su exmujer, su amante y recibir\u00e1 un llamado inc\u00f3modo de su hija, entre otras situaciones. La noche ir\u00e1 avanzando mientras descubriremos la intimidad y la verdadera cara de este personaje que esconde un secreto que podr\u00eda cambiar su destino\u00bb, indica la sinopsis.<\/p>\n<p> <iframe width=\"560\" height=\"315\" src=\"https:\/\/www.youtube.com\/embed\/-ny3zLo4KMg?wmode=transparent&amp;showinfo=0&amp;autohide=1&amp;rel=0\" frameborder=\"0\" allowfullscreen>[embedded content]<\/iframe> <\/p>\n<p>Trailer de \u00abEl Presi\u00bb<\/p>\n<p>La pel\u00edcula <strong>est\u00e1 protagonizada por Jorge Ferrucci, Mar\u00eda Celia Ferrero, Ariel Hamoui y Maria Eugenia Ledesma<\/strong>, entre otros.<\/p>\n<p>Se trata de la pel\u00edcula 16 del prol\u00edfico director de \u00abLa Peli\u00bb, \u00abIpanema\u00bb, \u00abEl asadito\u00bb y \u00abEl cumple\u00bb. <\/p>\n","protected":false},"excerpt":{"rendered":"<p>Jorge Ferrucci en \u00abEl Presi\u00bb \u00abEl Presi\u00bb, la nueva pel\u00edcula de Gustavo Postiglione, se estrenar\u00e1 el 20 de abril, solo por 24 horas y en exclusiva por Octubre TV, como previa a la proyecci\u00f3n en salas que el 14 de mayo tendr\u00e1 en Rosario y Santa Fe. A su vez, seg\u00fan inform\u00f3 la producci\u00f3n, en [&hellip;]<\/p>\n","protected":false},"author":1,"featured_media":3220,"comment_status":"closed","ping_status":"closed","sticky":false,"template":"","format":"standard","meta":[],"categories":[9],"tags":[],"_links":{"self":[{"href":"http:\/\/nuevacordoba.net\/index.php\/wp-json\/wp\/v2\/posts\/3219"}],"collection":[{"href":"http:\/\/nuevacordoba.net\/index.php\/wp-json\/wp\/v2\/posts"}],"about":[{"href":"http:\/\/nuevacordoba.net\/index.php\/wp-json\/wp\/v2\/types\/post"}],"author":[{"embeddable":true,"href":"http:\/\/nuevacordoba.net\/index.php\/wp-json\/wp\/v2\/users\/1"}],"replies":[{"embeddable":true,"href":"http:\/\/nuevacordoba.net\/index.php\/wp-json\/wp\/v2\/comments?post=3219"}],"version-history":[{"count":0,"href":"http:\/\/nuevacordoba.net\/index.php\/wp-json\/wp\/v2\/posts\/3219\/revisions"}],"wp:featuredmedia":[{"embeddable":true,"href":"http:\/\/nuevacordoba.net\/index.php\/wp-json\/wp\/v2\/media\/3220"}],"wp:attachment":[{"href":"http:\/\/nuevacordoba.net\/index.php\/wp-json\/wp\/v2\/media?parent=3219"}],"wp:term":[{"taxonomy":"category","embeddable":true,"href":"http:\/\/nuevacordoba.net\/index.php\/wp-json\/wp\/v2\/categories?post=3219"},{"taxonomy":"post_tag","embeddable":true,"href":"http:\/\/nuevacordoba.net\/index.php\/wp-json\/wp\/v2\/tags?post=3219"}],"curies":[{"name":"wp","href":"https:\/\/api.w.org\/{rel}","templated":true}]}}