{"id":32202,"date":"2023-05-13T13:37:40","date_gmt":"2023-05-13T13:37:40","guid":{"rendered":"http:\/\/cordobanewsnet.wordpress.com\/2023\/05\/13\/se-inauguro-el-nuevo-espacio-recuperado-de-la-cerveceria-cordoba\/"},"modified":"2023-05-13T13:37:40","modified_gmt":"2023-05-13T13:37:40","slug":"se-inauguro-el-nuevo-espacio-recuperado-de-la-cerveceria-cordoba","status":"publish","type":"post","link":"http:\/\/nuevacordoba.net\/index.php\/2023\/05\/13\/se-inauguro-el-nuevo-espacio-recuperado-de-la-cerveceria-cordoba\/","title":{"rendered":"Se inaugur\u00f3 el nuevo Espacio Recuperado de la Cervecer\u00eda C\u00f3rdoba"},"content":{"rendered":"<p><!-- \/featured-media --> <\/p>\n<div class=\"post-content clear\" readability=\"51.989834815756\">\n<p>Se inaugur\u00f3 el nuevo Espacio Recuperado de la Cervecer\u00eda C\u00f3rdoba<\/p>\n<p>El jueves 11 de mayo, a las 18:00, se inaugur\u00f3 el nuevo Espacio Recuperado de la Cervecer\u00eda C\u00f3rdoba en Tablada esquina Arturo Orgaz.<\/p>\n<p>Desde la Municipalidad expresaron: \u00abCelebremos juntos este nuevo triunfo de la lucha colectiva por un desarrollo urbano, humano, inclusivo y dinamizador de la econom\u00eda local\u00bb.<\/p>\n<p>El Ejecutivo de la Ciudad trabaj\u00f3 en esta remodelaci\u00f3n con la Red Pueblo Alberdi, integrado por el Centro Vecinal Alberdi, el Club Atl\u00e9tico Belgrano, el Centro Vecinal de Villa P\u00e1ez, escuelas, dispensario, ONG, la Facultad de Ciencias Sociales de la UNC y dem\u00e1s entidades comunitarias. <\/p>\n<figure class=\"wp-block-image size-large\"><img data-attachment-id=\"7958\" data-permalink=\"https:\/\/cordobanewsnet.wordpress.com\/2023\/05\/13\/se-inauguro-el-nuevo-espacio-recuperado-de-la-cerveceria-cordoba\/8207ab4b-b3f0-4212-b80a-447d2e9d47fb\/\" data-orig-file=\"http:\/\/nuevacordoba.net\/wp-content\/uploads\/2023\/05\/se-inauguro-el-nuevo-espacio-recuperado-de-la-cerveceria-cordoba-5.jpg\" data-orig-size=\"1600,1200\" data-comments-opened=\"1\" data-image-meta=\"{&quot;aperture&quot;:&quot;0&quot;,&quot;credit&quot;:&quot;&quot;,&quot;camera&quot;:&quot;&quot;,&quot;caption&quot;:&quot;&quot;,&quot;created_timestamp&quot;:&quot;0&quot;,&quot;copyright&quot;:&quot;&quot;,&quot;focal_length&quot;:&quot;0&quot;,&quot;iso&quot;:&quot;0&quot;,&quot;shutter_speed&quot;:&quot;0&quot;,&quot;title&quot;:&quot;&quot;,&quot;orientation&quot;:&quot;1&quot;}\" data-image-title=\"8207ab4b-b3f0-4212-b80a-447d2e9d47fb\" data-image-description data-image-caption data-medium-file=\"http:\/\/nuevacordoba.net\/wp-content\/uploads\/2023\/05\/se-inauguro-el-nuevo-espacio-recuperado-de-la-cerveceria-cordoba-3.jpg\" data-large-file=\"http:\/\/nuevacordoba.net\/wp-content\/uploads\/2023\/05\/se-inauguro-el-nuevo-espacio-recuperado-de-la-cerveceria-cordoba-5.jpg?w=736\" src=\"http:\/\/nuevacordoba.net\/wp-content\/uploads\/2023\/05\/se-inauguro-el-nuevo-espacio-recuperado-de-la-cerveceria-cordoba.jpg\" class=\"wp-image-7958\" srcset=\"http:\/\/nuevacordoba.net\/wp-content\/uploads\/2023\/05\/se-inauguro-el-nuevo-espacio-recuperado-de-la-cerveceria-cordoba.jpg 1024w, http:\/\/nuevacordoba.net\/wp-content\/uploads\/2023\/05\/se-inauguro-el-nuevo-espacio-recuperado-de-la-cerveceria-cordoba-2.jpg 150w, http:\/\/nuevacordoba.net\/wp-content\/uploads\/2023\/05\/se-inauguro-el-nuevo-espacio-recuperado-de-la-cerveceria-cordoba-3.jpg 300w, http:\/\/nuevacordoba.net\/wp-content\/uploads\/2023\/05\/se-inauguro-el-nuevo-espacio-recuperado-de-la-cerveceria-cordoba-4.jpg 768w, http:\/\/nuevacordoba.net\/wp-content\/uploads\/2023\/05\/se-inauguro-el-nuevo-espacio-recuperado-de-la-cerveceria-cordoba-5.jpg 1600w\" sizes=\"(max-width: 1024px) 100vw, 1024px\"><\/figure>\n<div class=\"wordads-ad-wrapper\">\n<div class=\"wordads-ad\">\n<p>Anuncio publicitario<\/p>\n<p><span onclick=\"javascript:__tcfapi( 'showUi' );\">Ajustes de privacidad<\/span><\/p>\n<\/div>\n<\/div>\n<div id=\"jp-post-flair\" class=\"sharedaddy sd-like-enabled sd-sharing-enabled\">\n<div class=\"sharedaddy sd-sharing-enabled\">\n<div class=\"robots-nocontent sd-block sd-social sd-social-icon-text sd-sharing\">\n<h3 class=\"sd-title\">Share this:<\/h3>\n<\/div>\n<\/div>\n<div class=\"sharedaddy sd-block sd-like jetpack-likes-widget-wrapper jetpack-likes-widget-unloaded\" id=\"like-post-wrapper-143108178-7959-645fecbb83d06\" data-src=\"\/\/widgets.wp.com\/likes\/index.html?ver=20230309#blog_id=143108178&amp;post_id=7959&amp;origin=cordobanewsnet.wordpress.com&amp;obj_id=143108178-7959-645fecbb83d06\" data-name=\"like-post-frame-143108178-7959-645fecbb83d06\" data-title=\"Me gusta o Compartir\">\n<h3 class=\"sd-title\">Me gusta esto:<\/h3>\n<p><span class=\"button\"><span>Me gusta<\/span><\/span> <span class=\"loading\">Cargando&#8230;<\/span><\/p>\n<p><span class=\"sd-text-color\"><\/span><\/div>\n<p><h3 class=\"jp-relatedposts-headline\"><em>Relacionado<\/em><\/h3>\n<\/p>\n<\/div><\/div>\n<p><!--\/.post-content--> <\/p>\n<footer class=\"post-meta-container clear\" readability=\"0.8\">\n<div class=\"entry-author author-avatar-show\" readability=\"14.031746031746\">\n<div class=\"author-avatar\"> <img loading=\"lazy\" alt src=\"http:\/\/nuevacordoba.net\/wp-content\/uploads\/2023\/05\/se-inauguro-el-nuevo-espacio-recuperado-de-la-cerveceria-cordoba-1.jpg\" class=\"avatar avatar-90\" height=\"90\" width=\"90\"> <\/div>\n<p><!-- .author-avatar --> <\/p>\n<p><h2 class=\"author-title\">Publicado por <span class=\"author-name\">angelaponso<\/span><\/h2>\n<\/p>\n<p><!-- .author-heading --> <\/p>\n<p class=\"author-bio\"> <a class=\"author-link\" href=\"https:\/\/cordobanewsnet.wordpress.com\/author\/angelaponso\/\" rel=\"author\"> Ver todas las entradas de angelaponso <\/a> <\/p>\n<p><!-- .author-bio --> <\/div>\n<p><!-- .entry-auhtor --> <\/footer>\n<p> <!-- \/post-meta-container --> <!-- #respond --> <\/p>\n","protected":false},"excerpt":{"rendered":"<p>Se inaugur\u00f3 el nuevo Espacio Recuperado de la Cervecer\u00eda C\u00f3rdoba El jueves 11 de mayo, a las 18:00, se inaugur\u00f3 el nuevo Espacio Recuperado de la Cervecer\u00eda C\u00f3rdoba en Tablada esquina Arturo Orgaz. Desde la Municipalidad expresaron: \u00abCelebremos juntos este nuevo triunfo de la lucha colectiva por un desarrollo urbano, humano, inclusivo y dinamizador de [&hellip;]<\/p>\n","protected":false},"author":1,"featured_media":32203,"comment_status":"closed","ping_status":"closed","sticky":false,"template":"","format":"standard","meta":[],"categories":[14],"tags":[],"_links":{"self":[{"href":"http:\/\/nuevacordoba.net\/index.php\/wp-json\/wp\/v2\/posts\/32202"}],"collection":[{"href":"http:\/\/nuevacordoba.net\/index.php\/wp-json\/wp\/v2\/posts"}],"about":[{"href":"http:\/\/nuevacordoba.net\/index.php\/wp-json\/wp\/v2\/types\/post"}],"author":[{"embeddable":true,"href":"http:\/\/nuevacordoba.net\/index.php\/wp-json\/wp\/v2\/users\/1"}],"replies":[{"embeddable":true,"href":"http:\/\/nuevacordoba.net\/index.php\/wp-json\/wp\/v2\/comments?post=32202"}],"version-history":[{"count":0,"href":"http:\/\/nuevacordoba.net\/index.php\/wp-json\/wp\/v2\/posts\/32202\/revisions"}],"wp:featuredmedia":[{"embeddable":true,"href":"http:\/\/nuevacordoba.net\/index.php\/wp-json\/wp\/v2\/media\/32203"}],"wp:attachment":[{"href":"http:\/\/nuevacordoba.net\/index.php\/wp-json\/wp\/v2\/media?parent=32202"}],"wp:term":[{"taxonomy":"category","embeddable":true,"href":"http:\/\/nuevacordoba.net\/index.php\/wp-json\/wp\/v2\/categories?post=32202"},{"taxonomy":"post_tag","embeddable":true,"href":"http:\/\/nuevacordoba.net\/index.php\/wp-json\/wp\/v2\/tags?post=32202"}],"curies":[{"name":"wp","href":"https:\/\/api.w.org\/{rel}","templated":true}]}}