{"id":3221,"date":"2021-04-14T21:57:52","date_gmt":"2021-04-14T21:57:52","guid":{"rendered":"http:\/\/nuevacordoba.net\/index.php\/2021\/04\/14\/biden-y-la-otan-anunciaron-su-plan-de-retiro-de-tropas-de-afganistan\/"},"modified":"2021-04-14T21:57:52","modified_gmt":"2021-04-14T21:57:52","slug":"biden-y-la-otan-anunciaron-su-plan-de-retiro-de-tropas-de-afganistan","status":"publish","type":"post","link":"http:\/\/nuevacordoba.net\/index.php\/2021\/04\/14\/biden-y-la-otan-anunciaron-su-plan-de-retiro-de-tropas-de-afganistan\/","title":{"rendered":"Biden y la OTAN anunciaron su plan de retiro de tropas de Afganist\u00e1n"},"content":{"rendered":"<div class=\"image\" id=\"image\" readability=\"7\"> <img src=\"http:\/\/nuevacordoba.net\/wp-content\/uploads\/2021\/04\/biden-y-la-otan-anunciaron-su-plan-de-retiro-de-tropas-de-afganistan.jpg\" alt=\"Biden anunci\u00f3 su plan de retiro de tropas de Afganist\u00e1n\" title=\"Biden anunci\u00f3 su plan de retiro de tropas de Afganist\u00e1n\"><\/p>\n<p>Biden anunci\u00f3 su plan de retiro de tropas de Afganist\u00e1n<\/p>\n<\/div>\n<p><strong>El presidente de Estados Unidos, Joe Biden, anunci\u00f3 que proceder\u00e1 a la retirada incondicional de tropas de Afganist\u00e1n para \u00abterminar la guerra m\u00e1s larga\u00bb del pa\u00eds, un anuncio al que se sumaron tambi\u00e9n los pa\u00edses de la OTAN, tras dos d\u00e9cadas de conflicto con los talibanes.<\/strong><\/p>\n<p>La decisi\u00f3n, adelantada el martes por la Casa Blanca, se har\u00e1 efectiva antes del 11 de septiembre, fecha en que se cumplir\u00e1n 20 a\u00f1os de los atentados de la red islamista Al Qaeda contra las Torres Gemelas de Nueva York y el edificio del Pent\u00e1gono.<\/p>\n<p>Estos ataques motivaron entonces la invasi\u00f3n estadounidense de Afganist\u00e1n que derroc\u00f3 a los talibanes, luego de que este movimiento islamista se negara a entregar a los l\u00edderes de Al Qaeda.<\/p>\n<p><strong>Los pa\u00edses de la OTAN, por su parte, informaron que iniciar\u00e1n su retirada el 1 de mayo y esta operaci\u00f3n deber\u00eda completarse en \u00abunos pocos meses\u00bb,<\/strong> report\u00f3 la agencia de noticias AFP.<\/p>\n<p>En un mensaje solemne transmitido en directo por la televisi\u00f3n, Biden indic\u00f3 que ya se \u00abcumpli\u00f3\u00bb con la misi\u00f3n que origin\u00f3 la intervenci\u00f3n, que fue evitar que Afganist\u00e1n fuera usado como base para atacar a Estados Unidos.<\/p>\n<p><strong>\u00abSoy el cuarto mandatario estadounidense que gobierna con la presencia de tropas en Afganist\u00e1n\u00bb, dijo y sentenci\u00f3: \u00abNo le pasar\u00e9 esta responsabilidad a un quinto\u00bb.<\/strong><\/p>\n<p>La apodada \u00abguerra eterna\u00bb, que en 20 a\u00f1os dej\u00f3 casi 2.400 soldados estadounidenses fallecidos y decenas de miles afganos muertos, se encuentra actualmente estancada.<\/p>\n<p>El gobierno de Kabul -con apoyo internacional- controla solo algunas partes del pa\u00eds, mientras los talibanes se fortalecen y cada vez m\u00e1s voces alertan que los insurgentes tratar\u00e1n de hacerse con el poder en cuanto desaparezca la protecci\u00f3n internacional.<\/p>\n<p>No obstante, Biden se mostr\u00f3 tajante y consider\u00f3 que hay que aceptar que no existe otra alternativa.<\/p>\n<p><strong>\u00abNo podemos seguir el ciclo de extender o de expandir nuestra presencia militar en Afganist\u00e1n esperando crear las condiciones ideales para una retirada\u00bb, afirm\u00f3.<\/strong><\/p>\n<p>Aunque la decisi\u00f3n fue recibida con cr\u00edticas de sectores que consideran que Washington est\u00e1 abandonando al Gobierno afgano y fortaleciendo a los yihadistas, no es una sorpresa ya que es muy impopular entre los electores e incluso el exmandatario Donald Trump se hab\u00eda comprometido a una salida antes, el 1 de mayo, en un acuerdo de paz alcanzado el a\u00f1o pasado con los insurgentes.<\/p>\n<p>El acuerdo de febrero de 2020 del Gobierno de Trump con los talibanes establec\u00eda que la retirada se har\u00eda a cambio de la promesa de los insurgentes de no respaldar a Al Qaeda y a otros extremistas extranjeros, la raz\u00f3n que llev\u00f3 a la invasi\u00f3n estadounidense de 2001.<\/p>\n<div class=\"image\" id=\"image\" readability=\"7\"> <img src=\"http:\/\/nuevacordoba.net\/wp-content\/uploads\/2021\/04\/biden-y-la-otan-anunciaron-su-plan-de-retiro-de-tropas-de-afganistan-1.jpg\" alt=\"EEUU lleg\u00f3 a tener 100.000 soldados en Afganist\u00e1n\" title=\"EEUU lleg\u00f3 a tener 100.000 soldados en Afganist\u00e1n\"><\/p>\n<p>EEUU lleg\u00f3 a tener 100.000 soldados en Afganist\u00e1n<\/p>\n<\/div>\n<p><br open><br \/>\n<strong>En ese sentido, el l\u00edder dem\u00f3crata afirm\u00f3 que har\u00e1 que los \u00abtalibanes rindan cuentas por sus compromisos de no permitir que ning\u00fan terrorista amenace a Estados Unidos o a sus aliados desde territorio afgano\u00bb e indic\u00f3 que Pakist\u00e1n -que en un momento fue un apoyo para los insurgentes- debe apoyar a Kabul.<\/strong><\/p>\n<p>En tanto, el presidente afgano, Ashraf Ghani, insisti\u00f3 este mi\u00e9rcoles tras una conversaci\u00f3n telef\u00f3nica con Biden que sus fuerzas son \u00abtotalmente capaces\u00bb de defender al pa\u00eds.<\/p>\n<p>Tambi\u00e9n el director de la CIA, William Burns, dijo que tras \u00aba\u00f1os de presi\u00f3n antiterrorista sostenida\u00bb, los grupos yihadistas internacionales con base en Afganist\u00e1n ya no suponen una amenaza importante para Estados Unidos, si bien un informe publicado ayer por la inteligencia estadounidense asegura que los talibanes \u00abconf\u00edan en poder lograr una victoria militar\u00bb.<\/p>\n<p>Washington hab\u00eda estudiado la posibilidad de mantener una fuerza residual para luchar contra grupos yihadistas e incluso valor\u00f3 supeditar la retirada a la situaci\u00f3n sobre el terreno o a las lentas negociaciones de paz.<\/p>\n<p><strong>Sin embargo, dejar\u00e1 finalmente a un n\u00famero limitado de efectivos para custodiar instalaciones como la embajada estadounidense.<\/strong><\/p>\n<p><strong>Biden explic\u00f3 que la retirada comenzar\u00e1 en mayo y el retraso, con respecto a la meta inicial planteada por Trump, se explica en gran medida por razones log\u00edsticas.<\/strong><\/p>\n<p>No obstante, Rusia advirti\u00f3 que retrasar hasta septiembre la salida de las tropas estadounidenses podr\u00eda provocar una \u00abescalada\u00bb en Afganist\u00e1n por incumplir su acuerdo con los talibanes.<\/p>\n<p>Ante esta posibilidad, Biden asegur\u00f3 que utilizar\u00e1 todas las herramientas que tiene a disposici\u00f3n para responder a cualquier posible ataque talib\u00e1n contra las fuerzas estadounidenses o sus socios, consign\u00f3 la agencia de noticias Sputnik.<\/p>\n<p><strong>\u00abLos talibanes deben saber que si nos atacan mientras nos retiramos nos defenderemos y defenderemos a nuestros socios con todas las herramientas que tenemos a nuestra disposici\u00f3n\u00bb, alert\u00f3.<\/strong><\/p>\n<p>La decisi\u00f3n de Biden coincide con el anuncio de Turqu\u00eda de acoger del 24 de abril al 4 de mayo una conferencia de paz respaldada por Estados Unidos que reunir\u00e1 al Gobierno afgano, a los talibanes y a socios internacionales.<\/p>\n<p>Su objetivo es lograr alg\u00fan tipo de acuerdo pol\u00edtico y el \u00abfin del conflicto\u00bb, seg\u00fan el Ministerio de Relaciones Exteriores turco.<\/p>\n<p>Pero Mohammad Naeem, vocero de la oficina de los talibanes en Qatar, dijo que los insurgentes no participar\u00e1n en ninguna conferencia \u00abantes de que todas las fuerzas extranjeras se hayan retirado por completo\u00bb.<\/p>\n<p>Hace una d\u00e9cada, Estados Unidos ten\u00eda unos 100.000 soldados en Afganist\u00e1n. Al final de la presidencia de Trump, la cifra se hab\u00eda reducido a 2.500. En febrero de este a\u00f1o, la OTAN ten\u00eda unos 10.000 efectivos en el pa\u00eds. <\/p>\n","protected":false},"excerpt":{"rendered":"<p>Biden anunci\u00f3 su plan de retiro de tropas de Afganist\u00e1n El presidente de Estados Unidos, Joe Biden, anunci\u00f3 que proceder\u00e1 a la retirada incondicional de tropas de Afganist\u00e1n para \u00abterminar la guerra m\u00e1s larga\u00bb del pa\u00eds, un anuncio al que se sumaron tambi\u00e9n los pa\u00edses de la OTAN, tras dos d\u00e9cadas de conflicto con los [&hellip;]<\/p>\n","protected":false},"author":1,"featured_media":3222,"comment_status":"closed","ping_status":"closed","sticky":false,"template":"","format":"standard","meta":[],"categories":[13],"tags":[],"_links":{"self":[{"href":"http:\/\/nuevacordoba.net\/index.php\/wp-json\/wp\/v2\/posts\/3221"}],"collection":[{"href":"http:\/\/nuevacordoba.net\/index.php\/wp-json\/wp\/v2\/posts"}],"about":[{"href":"http:\/\/nuevacordoba.net\/index.php\/wp-json\/wp\/v2\/types\/post"}],"author":[{"embeddable":true,"href":"http:\/\/nuevacordoba.net\/index.php\/wp-json\/wp\/v2\/users\/1"}],"replies":[{"embeddable":true,"href":"http:\/\/nuevacordoba.net\/index.php\/wp-json\/wp\/v2\/comments?post=3221"}],"version-history":[{"count":0,"href":"http:\/\/nuevacordoba.net\/index.php\/wp-json\/wp\/v2\/posts\/3221\/revisions"}],"wp:featuredmedia":[{"embeddable":true,"href":"http:\/\/nuevacordoba.net\/index.php\/wp-json\/wp\/v2\/media\/3222"}],"wp:attachment":[{"href":"http:\/\/nuevacordoba.net\/index.php\/wp-json\/wp\/v2\/media?parent=3221"}],"wp:term":[{"taxonomy":"category","embeddable":true,"href":"http:\/\/nuevacordoba.net\/index.php\/wp-json\/wp\/v2\/categories?post=3221"},{"taxonomy":"post_tag","embeddable":true,"href":"http:\/\/nuevacordoba.net\/index.php\/wp-json\/wp\/v2\/tags?post=3221"}],"curies":[{"name":"wp","href":"https:\/\/api.w.org\/{rel}","templated":true}]}}