{"id":32250,"date":"2023-05-15T01:26:12","date_gmt":"2023-05-15T01:26:12","guid":{"rendered":"http:\/\/nuevacordoba.net\/index.php\/2023\/05\/15\/grandes-estrellas-glamour-y-fuerte-presencia-argentina-en-el-76-festival-de-cannes\/"},"modified":"2023-05-15T01:26:12","modified_gmt":"2023-05-15T01:26:12","slug":"grandes-estrellas-glamour-y-fuerte-presencia-argentina-en-el-76-festival-de-cannes","status":"publish","type":"post","link":"http:\/\/nuevacordoba.net\/index.php\/2023\/05\/15\/grandes-estrellas-glamour-y-fuerte-presencia-argentina-en-el-76-festival-de-cannes\/","title":{"rendered":"Grandes estrellas, glamour y fuerte presencia argentina en el 76\u00b0 Festival de Cannes"},"content":{"rendered":"<figure class=\"mb-3\"><img loading=\"lazy\" data-src=\"http:\/\/nuevacordoba.net\/wp-content\/uploads\/2023\/05\/grandes-estrellas-glamour-y-fuerte-presencia-argentina-en-el-76-festival-de-cannes.jpg\" src=\"https:\/\/www.telam.com.ar\/assets\/img\/not_image.png\" class=\" lazy \" width=\"100%\" height=\"100%\" alt=\"Cannes en construccin de cara a la Croisette y con la alfombra roja todaviasin pisadas\"><figcaption> Cannes en construcci\u00f3n, de cara a la Croisette y con la alfombra roja todaviasin pisadas. <\/figcaption><\/figure>\n<p>Las prisas cruzaban esta tarde el emblem\u00e1tico bulevar de la Croisette, junto al mar de la Costa Azul, mientras se daban los \u00faltimos retoques a gigantograf\u00edas y carteles antes del inicio de una nueva edici\u00f3n del Festival de Cannes, que este martes tendr\u00e1 su gala de apertura con el filme franc\u00e9s de \u00e9poca \u00ab<strong>Jeanne Du Barry\u00bb<\/strong>, que traer\u00e1 otra vez a la alfombra roja y a los flashes de la exposici\u00f3n mundial al actor <strong>Johnny Depp<\/strong>, quien parece haber dejado atr\u00e1s los da\u00f1os a su imagen ocasionados por las denuncias de violencia dom\u00e9stica de su expareja <strong>Amber Heard<\/strong>, ventiladas durante un largo litigio.<\/p>\n<p>La 76\u00b0 edici\u00f3n de Cannes, que atrae sobre s\u00ed cada vez mayor inter\u00e9s y reafirma su condici\u00f3n de m\u00e1xima cita del calendario cinematogr\u00e1fico internacional, espera figuras de la talla de <strong>Scarlett Johansson, Brian Cranston y Edward Norton<\/strong>, acompa\u00f1ando la \u00faltima pel\u00edcula de <strong>Wes Anderson; Leonardo Di Caprio, Jesse Plemons y Robert de Niro<\/strong>, como parte de la escuder\u00eda de <strong>Martin Scorsese<\/strong>, que viene a Cannes a presentar su \u00faltima aventura cinematogr\u00e1fica,<strong> \u00abKillers of the Flower Moon\u00bb; Harrison Ford <\/strong>y<strong> Antonio Banderas<\/strong>, para la premiere mundial de una nueva pel\u00edcula de la saga <strong>\u00abIndiana Jones\u00bb, <\/strong>y<strong> Micahel Douglas<\/strong>, que recibir\u00e1 una Palma de Oro Honor\u00edfica, entre otras grandes estrellas.<\/p>\n<figure class=\"mb-3\"><img loading=\"lazy\" data-src=\"http:\/\/nuevacordoba.net\/wp-content\/uploads\/2023\/05\/grandes-estrellas-glamour-y-fuerte-presencia-argentina-en-el-76-festival-de-cannes-1.jpg\" src=\"https:\/\/www.telam.com.ar\/assets\/img\/not_image.png\" class=\" lazy \" width=\"100%\" height=\"100%\" alt=\"El afiche oficial del Festival de Cannes que comenzar este martes\"><figcaption> El afiche oficial del Festival de Cannes que comenzar\u00e1 este martes. <\/figcaption><\/figure>\n<p><br open> Entre los retornos de este 2023 se destaca el del cine argentino, que despu\u00e9s de a\u00f1os de ausencia, tendr\u00e1 una alta exposici\u00f3n en Cannes, con dos largometrajes y un corto dentro de la Selecci\u00f3n Oficial de la muestra que se extender\u00e1 hasta el s\u00e1bado 27.<\/p>\n<p><strong>Lisandro Alonso<\/strong>, el realizador cinematogr\u00e1fico argentino m\u00e1s querido en la Croisette, que estren\u00f3 todas sus pel\u00edculas en distintas secciones del festival, llega a Cannes junto a <strong>Vigo Mortensen y Chiara Mastroianni<\/strong> para dar a conocer mundialmente <strong>\u00abEureka\u00bb<\/strong>, un filme de condici\u00f3n fant\u00e1stica que transcurre entre Almer\u00eda, la reserva sioux de Pine Ridge en Estados Unidos y la selva americana, que se ver\u00e1 en la secci\u00f3n Cannes Premiere, junto a un reducido grupo de filmes, entre ellos el \u00faltimo de <strong>Takeshi Kitano<\/strong>.<\/p>\n<p><strong>Rodrigo Moreno<\/strong> (\u00abEl custodio\u00bb, \u00abUn mundo misterioso\u00bb, \u00abReimon\u00bb), tambi\u00e9n estar\u00e1 presente en Cannes en la emblem\u00e1tica Un Certain Regard que consagra el cine m\u00e1s experimental y arriesgado, adonde arribar\u00e1 con <strong>\u00abLos delincuentes\u00bb<\/strong>, un filme que indaga el problema del doble, el destino y el sue\u00f1o del ocio, a trav\u00e9s de la historia de dos empleados de un banco de provincia que deciden robar la sucursal para la que trabajan.<\/p>\n<figure class=\"mb-3\"><img loading=\"lazy\" data-src=\"http:\/\/nuevacordoba.net\/wp-content\/uploads\/2023\/05\/grandes-estrellas-glamour-y-fuerte-presencia-argentina-en-el-76-festival-de-cannes-2.jpg\" src=\"https:\/\/www.telam.com.ar\/assets\/img\/not_image.png\" class=\" lazy \" width=\"100%\" height=\"100%\" alt=\"El cortometraje Nada de todo esto\"><figcaption> El cortometraje \u00abNada de todo esto\u00bb. <\/figcaption><\/figure>\n<p><br open> La presencia argentina en la Selecci\u00f3n Oficial de Cannes se completa con el cortometraje de los argentinos <strong>Patricio Mart\u00ednez y Francisco Cant\u00f3n<\/strong>, que competir\u00e1n con <strong>\u00abNada de todo esto\u00bb<\/strong>.<\/p>\n<p>Adem\u00e1s, el realizador <strong>Dami\u00e1n Szifron<\/strong>, que acaba de estrenar en el pa\u00eds el thriller <strong>\u00abMis\u00e1ntropo\u00bb<\/strong> formar\u00e1 parte del Jurado que entregar\u00e1 la Palma de Oro, presidido por el realizador sueco <strong>Ruben Ostlund<\/strong>, ganador en Cannes en 2022 con su s\u00e1tira sobre el dinero y la apariencia <strong>\u00abEl tri\u00e1ngulo de la tristeza\u00bb<\/strong>.<\/p>\n<div class=\"video_repositive\"> <a class=\"video_sticky\" href=\"javascript:void();\" onclick=\"removeStuckVideo(true);\"><i class=\"far fa-window-close\"><\/i><\/a> <\/p>\n<div id=\"Kb14WZS5x8A\" class=\"video_telam\" readability=\"6\">\n<div class=\"feature_article_inner\" readability=\"32\">\n<p><h2 class=\"text-center\">Trailer \u00abJeanne Du Barry\u00bb<\/h2>\n<\/p><\/div>\n<p>VER VIDEO <i class=\"fas fa-play\"><\/i><\/p>\n<\/p><\/div><\/div>\n<p>El Instituto Nacional de Cine y Artes Audiovisuales (Incaa) tendr\u00e1 una importante actividad en el Marche du Filme (Mercado del Cine), que se desarrolla junto a la muestra cinematogr\u00e1fica, adonde llegar\u00e1 su presidente, <strong>Nicol\u00e1s Batlle<\/strong>, adem\u00e1s de que este a\u00f1o quedar\u00e1 inaugurado un Pabell\u00f3n Fant\u00e1stico, promovido, entre otros, por el gestor argentino <strong>Bernardo Bergeret<\/strong>.<\/p>\n<p>Junto a las secciones paralelas Quincena de los Realizadores y Semana de la Cr\u00edtica, todo Cannes quedar\u00e1 inmerso en el clima, el ajetreo y las grandes fiestas que son parte indisociable del mundo cinematogr\u00e1fico, que en esta villa de la Riviera Francesa asume una de sus m\u00e1ximas expresiones.<\/p>\n<div class=\"video_repositive\"> <a class=\"video_sticky\" href=\"javascript:void();\" onclick=\"removeStuckVideo(true);\"><i class=\"far fa-window-close\"><\/i><\/a> <\/p>\n<div id=\"sxxbOFfagKI\" class=\"video_telam\" readability=\"6\">\n<div class=\"feature_article_inner\" readability=\"32\">\n<p><h2 class=\"text-center\">Trailer \u00abLos delincuentes\u00bb<\/h2>\n<\/p><\/div>\n<p>VER VIDEO <i class=\"fas fa-play\"><\/i><\/p>\n<\/p><\/div><\/div>\n<p>Poder, dinero, celebridades, lujo, exposici\u00f3n medi\u00e1tica y arte cinematogr\u00e1fico en estado puro, aun con sus expresiones m\u00e1s pol\u00edticas como el caso del brit\u00e1nico <strong>Kean Loach<\/strong>, que trae este a\u00f1o <strong>\u00abThe Old Oak<\/strong>\u00ab, o m\u00e1s radicales en su lenguaje como los casos de Alonso o el portugu\u00e9s <strong>Pedro Costa<\/strong>, convivir\u00e1n durante los 12 intensos d\u00edas en que transcurre la cita cinematogr\u00e1fica.<\/p>\n<p>En esta edici\u00f3n de Cannes se ver\u00e1n las premieres mundiales de pel\u00edculas del fin\u00e9s <strong>Aki Kaurismaki (\u00abFallen Leaves\u00bb), el japon\u00e9s Hirokazu Kore-eda (\u00abMonster\u00bb), el norteamericano Todd Haynes (\u00abMay December\u00bb), el brasile\u00f1o Karim Ainouz (\u00abFirebrand\u00bb), el turco Nure Bilge Ceylan (\u00abAbout Dry Grasses\u00bb) y el alem\u00e1n Win Wenders<\/strong>, que llega con dos filmes: <strong>\u00abPerfect Days\u00bb<\/strong>, con acento japon\u00e9s en la competencia por la Palma de Oro, y <strong>\u00abAnselm\u00bb<\/strong> en Proyecciones Especiales.<\/p>\n<div class=\"video_repositive\"> <a class=\"video_sticky\" href=\"javascript:void();\" onclick=\"removeStuckVideo(true);\"><i class=\"far fa-window-close\"><\/i><\/a> <\/p>\n<div id=\"UJD3-Eti39Y\" class=\"video_telam\">\n<div class=\"feature_article_inner\">\n<p><h2 class=\"text-center\">Trailer \u00abRapito\u00bb<\/h2>\n<\/p><\/div>\n<p>VER VIDEO <i class=\"fas fa-play\"><\/i><\/p>\n<\/p><\/div><\/div>\n<p>El cine italiano tendr\u00e1 una fuerte presencia en la Competencia Oficial con los filmes <strong>\u00abIl sol de l&#8217;avvenire\u00bb, de Nanni Moretti<\/strong>, en su doble rol de realizador y protagonista; <strong>\u00abRapito\u00bb, <\/strong>del maestro<strong> Marco Bellocchio<\/strong>, sobre el rapto de un ni\u00f1o jud\u00edo para convertirlo al catolicismo en 1858; y <strong>\u00abLa Chimera\u00bb<\/strong>, tercer filme de la realizadora <strong>Alice Rohawacher<\/strong>, que estren\u00f3 todas sus pel\u00edculas en Cannes.<\/p>\n<p><strong>Pedro Alm\u00f3dovar<\/strong>, otro de los realizadores amados en esta costa, mostrar\u00e1 su cortometraje <strong>\u00abExtra\u00f1a forma de vida\u00bb<\/strong>, mientras que la gala de clausura del festival ser\u00e1 en la noche del s\u00e1bado 27, luego de la entrega de premios, con el filme de animaci\u00f3n <strong>\u00abElementos\u00bb<\/strong>, \u00faltima producci\u00f3n de la factor\u00eda Pixar. <\/p>\n","protected":false},"excerpt":{"rendered":"<p>Cannes en construcci\u00f3n, de cara a la Croisette y con la alfombra roja todaviasin pisadas. Las prisas cruzaban esta tarde el emblem\u00e1tico bulevar de la Croisette, junto al mar de la Costa Azul, mientras se daban los \u00faltimos retoques a gigantograf\u00edas y carteles antes del inicio de una nueva edici\u00f3n del Festival de Cannes, que [&hellip;]<\/p>\n","protected":false},"author":1,"featured_media":32251,"comment_status":"closed","ping_status":"closed","sticky":false,"template":"","format":"standard","meta":[],"categories":[9],"tags":[],"_links":{"self":[{"href":"http:\/\/nuevacordoba.net\/index.php\/wp-json\/wp\/v2\/posts\/32250"}],"collection":[{"href":"http:\/\/nuevacordoba.net\/index.php\/wp-json\/wp\/v2\/posts"}],"about":[{"href":"http:\/\/nuevacordoba.net\/index.php\/wp-json\/wp\/v2\/types\/post"}],"author":[{"embeddable":true,"href":"http:\/\/nuevacordoba.net\/index.php\/wp-json\/wp\/v2\/users\/1"}],"replies":[{"embeddable":true,"href":"http:\/\/nuevacordoba.net\/index.php\/wp-json\/wp\/v2\/comments?post=32250"}],"version-history":[{"count":0,"href":"http:\/\/nuevacordoba.net\/index.php\/wp-json\/wp\/v2\/posts\/32250\/revisions"}],"wp:featuredmedia":[{"embeddable":true,"href":"http:\/\/nuevacordoba.net\/index.php\/wp-json\/wp\/v2\/media\/32251"}],"wp:attachment":[{"href":"http:\/\/nuevacordoba.net\/index.php\/wp-json\/wp\/v2\/media?parent=32250"}],"wp:term":[{"taxonomy":"category","embeddable":true,"href":"http:\/\/nuevacordoba.net\/index.php\/wp-json\/wp\/v2\/categories?post=32250"},{"taxonomy":"post_tag","embeddable":true,"href":"http:\/\/nuevacordoba.net\/index.php\/wp-json\/wp\/v2\/tags?post=32250"}],"curies":[{"name":"wp","href":"https:\/\/api.w.org\/{rel}","templated":true}]}}