{"id":32256,"date":"2023-05-15T11:55:26","date_gmt":"2023-05-15T11:55:26","guid":{"rendered":"https:\/\/prensa.cba.gov.ar\/?p=550767"},"modified":"2023-05-15T11:55:26","modified_gmt":"2023-05-15T11:55:26","slug":"schiaretti-inaugurara-la-pavimentacion-de-un-tramo-del-camino-de-la-costa","status":"publish","type":"post","link":"http:\/\/nuevacordoba.net\/index.php\/2023\/05\/15\/schiaretti-inaugurara-la-pavimentacion-de-un-tramo-del-camino-de-la-costa\/","title":{"rendered":"Schiaretti inaugurar\u00e1 la pavimentaci\u00f3n de un tramo del \u00abCamino de la Costa\u00bb"},"content":{"rendered":"<div><img src=\"http:\/\/nuevacordoba.net\/wp-content\/uploads\/2023\/05\/schiaretti-inaugurara-la-pavimentacion-de-un-tramo-del-camino-de-la-costa.jpg\" class=\"ff-og-image-inserted\"><\/div>\n<ul>\n<li><strong>Se trata del trayecto entre Alpa Corral y R\u00edo de los Sauces, en una longitud de 28 km<\/strong>.<\/li>\n<li><strong>La Ruta Provincial 23 vincula las sierras del sur provincial \u2013 departamento R\u00edo Cuarto- con el Valle de Calamuchita.<\/strong><\/li>\n<\/ul>\n<p>Este lunes, el gobernador Juan Schiaretti inaugurar\u00e1 la pavimentaci\u00f3n de la Ruta Provincial 23<strong>, entre Alpa Corral y R\u00edo de los Sauces, en una longitud de 28 km.<\/strong> El acto se llevar\u00e1 a cabo en Alpa Corral a partir de las 11hs.<\/p>\n<p>La Ruta Provincial 23, es tambi\u00e9n conocida como \u201cCamino de la Costa\u201d que vincula las sierras del sur provincial \u2013 departamento R\u00edo Cuarto- con el Valle de Calamuchita.<\/p>\n<h3>Pavimentaci\u00f3n<\/h3>\n<p>Los trabajos son obras viales esperadas por los habitantes de la regi\u00f3n y un anhelo hist\u00f3rico de vincular <strong>por pavimento todos los valles tur\u00edsticos del territorio provincial.&nbsp;<\/strong>Optimizar\u00e1 el tr\u00e1nsito de la producci\u00f3n agropecuaria, contribuir\u00e1 al&nbsp;<strong>desarrollo socioecon\u00f3mico y la actividad tur\u00edstica de la regi\u00f3n.<\/strong><\/p>\n<p>La pavimentaci\u00f3n de la Ruta Provincial 23 es una de las obras m\u00e1s relevantes que lleva adelante la Provincia, teniendo en consideraci\u00f3n la importancia tur\u00edstica y productiva de la obra; y el aspecto ingenieril de los trabajos.<\/p>\n<p>*Foto de archivo<\/p>\n","protected":false},"excerpt":{"rendered":"<p>Se trata del trayecto entre Alpa Corral y R\u00edo de los Sauces, en una longitud de 28 km. La Ruta Provincial 23 vincula las sierras del sur provincial \u2013 departamento R\u00edo Cuarto- con el Valle de Calamuchita. Este lunes, el gobernador Juan Schiaretti inaugurar\u00e1 la pavimentaci\u00f3n de la Ruta Provincial 23, entre Alpa Corral y [&hellip;]<\/p>\n","protected":false},"author":1,"featured_media":32257,"comment_status":"closed","ping_status":"closed","sticky":false,"template":"","format":"standard","meta":[],"categories":[14],"tags":[],"_links":{"self":[{"href":"http:\/\/nuevacordoba.net\/index.php\/wp-json\/wp\/v2\/posts\/32256"}],"collection":[{"href":"http:\/\/nuevacordoba.net\/index.php\/wp-json\/wp\/v2\/posts"}],"about":[{"href":"http:\/\/nuevacordoba.net\/index.php\/wp-json\/wp\/v2\/types\/post"}],"author":[{"embeddable":true,"href":"http:\/\/nuevacordoba.net\/index.php\/wp-json\/wp\/v2\/users\/1"}],"replies":[{"embeddable":true,"href":"http:\/\/nuevacordoba.net\/index.php\/wp-json\/wp\/v2\/comments?post=32256"}],"version-history":[{"count":0,"href":"http:\/\/nuevacordoba.net\/index.php\/wp-json\/wp\/v2\/posts\/32256\/revisions"}],"wp:featuredmedia":[{"embeddable":true,"href":"http:\/\/nuevacordoba.net\/index.php\/wp-json\/wp\/v2\/media\/32257"}],"wp:attachment":[{"href":"http:\/\/nuevacordoba.net\/index.php\/wp-json\/wp\/v2\/media?parent=32256"}],"wp:term":[{"taxonomy":"category","embeddable":true,"href":"http:\/\/nuevacordoba.net\/index.php\/wp-json\/wp\/v2\/categories?post=32256"},{"taxonomy":"post_tag","embeddable":true,"href":"http:\/\/nuevacordoba.net\/index.php\/wp-json\/wp\/v2\/tags?post=32256"}],"curies":[{"name":"wp","href":"https:\/\/api.w.org\/{rel}","templated":true}]}}