{"id":32264,"date":"2023-05-15T15:51:30","date_gmt":"2023-05-15T15:51:30","guid":{"rendered":"http:\/\/nuevacordoba.net\/index.php\/2023\/05\/15\/talleres-freno-a-river-y-encendio-la-lucha-por-la-punta-en-la-liga\/"},"modified":"2023-05-15T15:51:30","modified_gmt":"2023-05-15T15:51:30","slug":"talleres-freno-a-river-y-encendio-la-lucha-por-la-punta-en-la-liga","status":"publish","type":"post","link":"http:\/\/nuevacordoba.net\/index.php\/2023\/05\/15\/talleres-freno-a-river-y-encendio-la-lucha-por-la-punta-en-la-liga\/","title":{"rendered":"Talleres fren\u00f3 a River y encendi\u00f3 la lucha por la punta en la Liga"},"content":{"rendered":"<figure class=\"mb-3\"><img loading=\"lazy\" data-src=\"http:\/\/nuevacordoba.net\/wp-content\/uploads\/2023\/05\/talleres-freno-a-river-y-encendio-la-lucha-por-la-punta-en-la-liga.jpg\" src=\"https:\/\/www.telam.com.ar\/assets\/img\/not_image.png\" class=\" lazy \" width=\"100%\" height=\"100%\" alt=\"Foto Laura Lescano\"><figcaption> Foto Laura Lescano. <\/figcaption><\/figure>\n<p>Un s\u00f3lido rendimiento colectivo y un arrebato inspirado de Rodrigo Garro, autor de ambos goles en un lapso de diez minutos, permitieron a <a href=\"https:\/\/www.telam.com.ar\/notas\/202305\/628266-futbol-liga-profesional-talleres-cordoba-river-plate-lider.html\" target=\"_blank\" rel=\"noopener\">Talleres cortar una larga racha invicta del l\u00edder, River, en un vibrante partido<\/a> jugado en \u00abla Docta\u00bb que a la saz\u00f3n fue el m\u00e1s trascedente de la decimosexta fecha de la Liga Profesional de F\u00fatbol.<\/p>\n<p>El descuento de Mat\u00edas Su\u00e1rez a 11 del final aport\u00f3 una dosis de dramatismo a un juego en el que River dispuso de la pelota en mayor proporci\u00f3n y a la vez careci\u00f3 de la contundencia que s\u00ed tuvo Talleres, ahora tercero en la tabla a siete puntos de los \u00abMillonarios\u00bb.<\/p>\n<p>As\u00ed y todo River ara\u00f1\u00f3 el empate en el quinto minuto de descuento a trav\u00e9s de un cabezazo del colombiano Miguel Borja, pero para su infortunio el gol lo impidi\u00f3 su propio compa\u00f1ero Enzo P\u00e9rez sin poder hacerse a un lado para que la pelota llegara a la red.<\/p>\n<blockquote class=\"twitter-tweet\" readability=\"4.680981595092\">\n<p lang=\"es\" dir=\"ltr\">\u00a1Estas loco, Rodrigo! Golazo de Garro que aumenta la ventaja de <a href=\"https:\/\/twitter.com\/CATalleresdecba?ref_src=twsrc%5Etfw\">@CATalleresdecba<\/a>.<a href=\"https:\/\/t.co\/8Sjm4xFDti\">pic.twitter.com\/8Sjm4xFDti<\/a><\/p>\n<p>\u2014 Liga Profesional de F\u00fatbol (@LigaAFA) <a href=\"https:\/\/twitter.com\/LigaAFA\/status\/1657930460498915329?ref_src=twsrc%5Etfw\">May 15, 2023<\/a><\/p><\/blockquote>\n<p>A once fechas del desenlace del campeonato argentino, <strong>River suma 37 puntos, San Lorenzo 32 y Talleres 30. M\u00e1s atr\u00e1s se escalonan Defensa y Justicia, Estudiantes y Belgrano.<\/strong><\/p>\n<p>Precisamente el \u00abHalc\u00f3n\u00bb y el \u00abPincha\u00bb empataron este domingo en Florencio Varela, en un cotejo que forz\u00f3 al local a jugar 70 minutos en inferioridad num\u00e9rica por la expulsi\u00f3n de Kevin Guti\u00e9rrez.<\/p>\n<p>Sin embargo, el inspirado Nicol\u00e1s \u201cUvita\u201d Fern\u00e1ndez lo puso en ventaja, hasta que Benjam\u00edn Rollheiser sell\u00f3 un empate con sabor a poco para Estudiantes, de mucha tenencia de pelota y escasa presencia en el \u00e1rea.<\/p>\n<p>Am\u00e9n de River, otros dos grandes tradicionales se presentaron este domingo, con suerte dispar: <a href=\"https:\/\/www.telam.com.ar\/notas\/202305\/628260-futbol-liga-profesional-boca-bombonera-belgrano-cordoba.html\" target=\"_blank\" rel=\"noopener\">Boca le gan\u00f3 por 2-0 a Belgrano<\/a> en la Bombonera y Racing fue aplastado por 3-0 en Vicente L\u00f3pez en su tenida con Platense.<\/p>\n<p>Dar\u00edo Benedetto y Mart\u00edn Payero se\u00f1alaron los goles de Boca, mientras que Gonzalo Valdivia, Ronaldo Mart\u00ednez y Nicol\u00e1s Servetto de penal anotaron los de Platense.<\/p>\n<figure class=\"mb-3\"><img loading=\"lazy\" data-src=\"http:\/\/nuevacordoba.net\/wp-content\/uploads\/2023\/05\/talleres-freno-a-river-y-encendio-la-lucha-por-la-punta-en-la-liga-1.jpg\" src=\"https:\/\/www.telam.com.ar\/assets\/img\/not_image.png\" class=\" lazy \" width=\"100%\" height=\"100%\" alt=\"Foto Alfredo Luna\"><figcaption> Foto: Alfredo Luna. <\/figcaption><\/figure>\n<p>\u201cEs un momento muy dif\u00edcil\u201d, admiti\u00f3 Fernando Gago en la conferencia de prensa, al tiempo que hizo notar que no se le ha pasado por la cabeza renunciar a su cargo. (En la competencia local Racing ha sumado solo un punto de los \u00faltimos 21, el del cl\u00e1sico de Avellaneda).<\/p>\n<p>En la jornada del s\u00e1bado tres de los cuatro cotejos se definieron en tiempo adicionado, con lo cual \u2013a\u00f1adido lo del viernes en Tucum\u00e1n- ya suman un total de 21 y un acumulado de 33 goles despu\u00e9s de la exhibici\u00f3n del cartel correspondiente.<\/p>\n<p>San Lorenzo se llev\u00f3 los tres puntos en el Florencio Sola contra Banfield (comienzo del cuarto ciclo de Julio C\u00e9sar Falcioni) merced a Cristian Nahuel Barrios, \u201cEl Perrito\u201d (iban 1-1: Juan Bisanz y Jalil El\u00edas); el recuperado Independiente celebr\u00f3 frente a Tigre gracias al uruguayo Mart\u00edn Cauteruccio (tambi\u00e9n iban 1-1: Nicol\u00e1s Vallejos y Mat\u00edas Retegui de penal) e Instituto dobleg\u00f3 a Col\u00f3n de Santa Fe a favor de un tanto de Adri\u00e1n Mart\u00ednez.<\/p>\n<p>En el Parque Independencia, Newell&#8217;s dio cuenta de Arsenal por 2-0 con sendos goles de Ramiro Sordo. (Los de Sarand\u00ed parecen condenados a descender: marchan ante\u00faltimos en el campeonato y en la tabla general).<\/p>\n<blockquote class=\"twitter-tweet\" readability=\"6.2508710801394\">\n<p lang=\"und\" dir=\"ltr\">\ud83c\udfc6 <a href=\"https:\/\/twitter.com\/hashtag\/TorneoBinance?src=hash&amp;ref_src=twsrc%5Etfw\">#TorneoBinance<\/a> 2023 \ud83d\udcf7<\/p>\n<p>\u26bd <a href=\"https:\/\/twitter.com\/barracascentral?ref_src=twsrc%5Etfw\">@barracascentral<\/a> \ud83c\udd9a <a href=\"https:\/\/twitter.com\/cacc_sde?ref_src=twsrc%5Etfw\">@cacc_sde<\/a> <br \/>\u23f0 15.30<\/p>\n<p>\u26bd <a href=\"https:\/\/twitter.com\/clubaunion?ref_src=twsrc%5Etfw\">@clubaunion<\/a> \ud83c\udd9a <a href=\"https:\/\/twitter.com\/CASarmientoOf?ref_src=twsrc%5Etfw\">@CASarmientoOf<\/a><br \/>\u23f0 15.30<\/p>\n<p>\u26bd <a href=\"https:\/\/twitter.com\/gimnasiaoficial?ref_src=twsrc%5Etfw\">@gimnasiaoficial<\/a> \ud83c\udd9a <a href=\"https:\/\/twitter.com\/clublanus?ref_src=twsrc%5Etfw\">@clublanus<\/a> <br \/>\u23f0 18.00<\/p>\n<p>\u26bd <a href=\"https:\/\/twitter.com\/Velez?ref_src=twsrc%5Etfw\">@Velez<\/a> \ud83c\udd9a <a href=\"https:\/\/twitter.com\/RosarioCentral?ref_src=twsrc%5Etfw\">@RosarioCentral<\/a> <br \/>\u23f0 20.30 <a href=\"https:\/\/t.co\/EQPlbeH1jL\">pic.twitter.com\/EQPlbeH1jL<\/a><\/p>\n<p>\u2014 Liga Profesional de F\u00fatbol (@LigaAFA) <a href=\"https:\/\/twitter.com\/LigaAFA\/status\/1658094882433429504?ref_src=twsrc%5Etfw\">May 15, 2023<\/a><\/p><\/blockquote>\n<p><strong>La fecha 16 se completa este lunes con los encuentros entre Gimnasia\/Lan\u00fas; V\u00e9lez\/ Rosario Central; Barracas Central\/Central C\u00f3rdoba y Uni\u00f3n\/ Sarmiento.<\/strong><\/p>\n<p>El viernes se hab\u00eda consumado una gran victoria de Argentinos Juniors en Tucum\u00e1n: el guaran\u00ed Gabriel \u00c1valos en el el segundo minuto de descuento (Cristian Men\u00e9ndez de penal y Kevin Mac Allister los otros scorers); mientras que en Parque Patricios hab\u00edan empatado sin goles Hurac\u00e1n y Godoy Cruz Antonio Tomba.<\/p>\n<p>En el debut de Sebasti\u00e1n Battaglia como DT del Globo fue expulsado el oriental Mat\u00edas C\u00f3ccaro.<\/p>\n","protected":false},"excerpt":{"rendered":"<p>Foto Laura Lescano. Un s\u00f3lido rendimiento colectivo y un arrebato inspirado de Rodrigo Garro, autor de ambos goles en un lapso de diez minutos, permitieron a Talleres cortar una larga racha invicta del l\u00edder, River, en un vibrante partido jugado en \u00abla Docta\u00bb que a la saz\u00f3n fue el m\u00e1s trascedente de la decimosexta fecha [&hellip;]<\/p>\n","protected":false},"author":1,"featured_media":32265,"comment_status":"closed","ping_status":"closed","sticky":false,"template":"","format":"standard","meta":[],"categories":[10],"tags":[],"_links":{"self":[{"href":"http:\/\/nuevacordoba.net\/index.php\/wp-json\/wp\/v2\/posts\/32264"}],"collection":[{"href":"http:\/\/nuevacordoba.net\/index.php\/wp-json\/wp\/v2\/posts"}],"about":[{"href":"http:\/\/nuevacordoba.net\/index.php\/wp-json\/wp\/v2\/types\/post"}],"author":[{"embeddable":true,"href":"http:\/\/nuevacordoba.net\/index.php\/wp-json\/wp\/v2\/users\/1"}],"replies":[{"embeddable":true,"href":"http:\/\/nuevacordoba.net\/index.php\/wp-json\/wp\/v2\/comments?post=32264"}],"version-history":[{"count":0,"href":"http:\/\/nuevacordoba.net\/index.php\/wp-json\/wp\/v2\/posts\/32264\/revisions"}],"wp:featuredmedia":[{"embeddable":true,"href":"http:\/\/nuevacordoba.net\/index.php\/wp-json\/wp\/v2\/media\/32265"}],"wp:attachment":[{"href":"http:\/\/nuevacordoba.net\/index.php\/wp-json\/wp\/v2\/media?parent=32264"}],"wp:term":[{"taxonomy":"category","embeddable":true,"href":"http:\/\/nuevacordoba.net\/index.php\/wp-json\/wp\/v2\/categories?post=32264"},{"taxonomy":"post_tag","embeddable":true,"href":"http:\/\/nuevacordoba.net\/index.php\/wp-json\/wp\/v2\/tags?post=32264"}],"curies":[{"name":"wp","href":"https:\/\/api.w.org\/{rel}","templated":true}]}}