{"id":32278,"date":"2023-05-15T21:32:46","date_gmt":"2023-05-15T21:32:46","guid":{"rendered":"http:\/\/nuevacordoba.net\/index.php\/2023\/05\/15\/turquia-se-acerca-a-una-historica-segunda-vuelta\/"},"modified":"2023-05-15T21:32:46","modified_gmt":"2023-05-15T21:32:46","slug":"turquia-se-acerca-a-una-historica-segunda-vuelta","status":"publish","type":"post","link":"http:\/\/nuevacordoba.net\/index.php\/2023\/05\/15\/turquia-se-acerca-a-una-historica-segunda-vuelta\/","title":{"rendered":"Turqu\u00eda se acerca a una hist\u00f3rica segunda vuelta"},"content":{"rendered":"<figure class=\"mb-3\"><img loading=\"lazy\" data-src=\"http:\/\/nuevacordoba.net\/wp-content\/uploads\/2023\/05\/turquia-se-acerca-a-una-historica-segunda-vuelta.jpg\" src=\"https:\/\/www.telam.com.ar\/assets\/img\/not_image.png\" class=\" lazy \" width=\"100%\" height=\"100%\" alt=\"Por primera vez en su historia Turqua se apresta a definir una eleccin presidencial a travs del balotaje Foto AFP\"><figcaption> Por primera vez en su historia Turqu\u00eda se apresta a definir una elecci\u00f3n presidencial a trav\u00e9s del balotaje \/ Foto: AFP. <\/figcaption><\/figure>\n<p>Por primera vez en su historia, Turqu\u00eda resolver\u00e1 en una segunda vuelta electoral a celebrarse el pr\u00f3ximo 28 de mayo, qui\u00e9n regir\u00e1 los destinos el pa\u00eds, luego de unas<a href=\"https:\/\/www.telam.com.ar\/notas\/202305\/628306-turquia-elecciones.html\" target=\"_blank\" rel=\"noopener\"> re\u00f1idas elecciones <\/a>realizadas el pasado domingo, <strong>en las que ni el presidente saliente, el conservador Recep Tayyip Erdogan, ni su principal rival, el socialdem\u00f3crata Kemal Kilicdaroglu, lograron el 50% de las preferencias.<\/strong><\/p>\n<p><strong>Los 64 millones de electores turcos acudieron en masa a las urnas, en unos comicios cuya participaci\u00f3n roz\u00f3 el 90%, r\u00e9cord en una presidencial,<\/strong> y que dejaron a Erdogan, con un 49,51% de las preferencias, seguido de Kilicdaroglu, con un 44,88% y el tercer candidato, Sinan Ogan, con un 5,17%, seg\u00fan informaron las autoridades electorales.<\/p>\n<p>Estos resultados env\u00edan a Erdogan, quien est\u00e1 en el poder en Turqu\u00eda como primer ministro o presidente desde 2003, por primera vez en 20 a\u00f1os a enfrentar un balotaje.<\/p>\n<p>Erdogan, de 69 a\u00f1os, quien hab\u00eda sido reelegido en 2018 en primera vuelta, compareci\u00f3 en la noche del domingo <strong>ante una multitud de simpatizantes a la que asegur\u00f3 que cree \u00absinceramente\u00bb que seguir\u00e1 sirviendo a su pa\u00eds \u00aben los pr\u00f3ximos cinco a\u00f1os\u00bb.<\/strong><\/p>\n<blockquote class=\"twitter-tweet\" readability=\"3.1958762886598\">\n<p lang=\"tr\" dir=\"ltr\">Balkonday\u0131z. \ud83c\uddf9\ud83c\uddf7 <a href=\"https:\/\/t.co\/LyjCMB9koA\">https:\/\/t.co\/LyjCMB9koA<\/a><\/p>\n<p>\u2014 Recep Tayyip Erdo\u011fan (@RTErdogan) <a href=\"https:\/\/twitter.com\/RTErdogan\/status\/1657884101481775104?ref_src=twsrc%5Etfw\">May 14, 2023<\/a><\/p><\/blockquote>\n<p>Las cifras logradas por el mandatario desmintieron las encuestas que lo ubicaban a la par de Kilicdaroglu, de 74 a\u00f1os, y atribu\u00edan esa baja a la grave crisis econ\u00f3mica e inflacionaria, as\u00ed como a las cr\u00edticas por la tard\u00eda respuestas al terremoto que en febrero se cobr\u00f3 m\u00e1s de 50.000 vidas.<\/p>\n<p>Los turcos tambi\u00e9n votaron el pasado domingo para renovar las 600 bancas del Parlamento, y la coalici\u00f3n de Erdogan, compuesta por su Partido de la Justicia y el Desarrollo (AKP), el MHP de extrema derecha y otras formaciones menores de tendencia islamista, mantendr\u00e1 la mayor\u00eda parlamentaria, seg\u00fan los resultados definitivos.<\/p>\n<p>Esto, debido a la divisi\u00f3n entre los partidos de la alianza de la izquierda kurda y cifras peores a las esperadas para la formaci\u00f3n centroizquierdista Partido Republicano del Pueblo (CHP), que lidera Kilicdaroglu.<\/p>\n<figure class=\"mb-3\"><img loading=\"lazy\" data-src=\"http:\/\/nuevacordoba.net\/wp-content\/uploads\/2023\/05\/turquia-se-acerca-a-una-historica-segunda-vuelta-1.jpg\" src=\"https:\/\/www.telam.com.ar\/assets\/img\/not_image.png\" class=\" lazy \" width=\"100%\" height=\"100%\" alt=\"Unos 64 millones de votantes participaron de los comicios celebrados el domingo Foto AFP\"><figcaption> Unos 64 millones de votantes participaron de los comicios celebrados el domingo \/ Foto: AFP. <\/figcaption><\/figure>\n<p>Estas dos formaciones obtuvieron cerca de una decena de diputados menos cada una respecto a lo previsto por los sondeos.<\/p>\n<p><strong>Kilicdaroglu, que lidera una amplia coalici\u00f3n de seis partidos opositores, sostuvo que \u00absi nuestra naci\u00f3n dice segunda vuelta, nosotros absolutamente ganaremos en esa segunda vuelta\u00bb<\/strong>, afirmando que \u00abla voluntad de cambio en la sociedad es m\u00e1s grande que el 50%\u00bb.<\/p>\n<p>En este escenario, el tercer candidato potencia su relevancia y se transforma en un eventual \u00e1rbitro de la contienda electoral y el resultado final de la segunda ronda estar\u00e1 en manos del 5% de ciudadanos que el pasado domingo votaron por el nacionalista Ogan, quien en principio no llam\u00f3 a sus simpatizantes a votar por ninguno de los dos candidatos.<\/p>\n<blockquote class=\"twitter-tweet\" readability=\"3.25\">\n<p lang=\"tr\" dir=\"ltr\">Bas\u0131n A\u00e7\u0131klamas\u0131 <a href=\"https:\/\/t.co\/ayeGw0B5ME\">https:\/\/t.co\/ayeGw0B5ME<\/a><\/p>\n<p>\u2014 Kemal K\u0131l\u0131\u00e7daro\u011flu (@kilicdarogluk) <a href=\"https:\/\/twitter.com\/kilicdarogluk\/status\/1657898401479151616?ref_src=twsrc%5Etfw\">May 14, 2023<\/a><\/p><\/blockquote>\n<p>Ogan, candidato de la Alianza Ancestral a la Presidencia de Turqu\u00eda, asegur\u00f3 que mantendr\u00e1 \u00abconsultas\u00bb para determinar a qu\u00e9 candidato apoyar\u00e1, pero subray\u00f3 que un eventual apoyo a Kilicdaroglu, como se especula, \u00fanicamente es posible si este no hace concesiones al prokurdo Partido Democr\u00e1tico de los Pueblos (HDP).<\/p>\n<p><strong>El HDP \u00abno debe ser una parte clave en las elecciones\u00bb<\/strong>, y la decisi\u00f3n que la formaci\u00f3n adopte debe tener como objetivo \u00abque no haya caos\u00bb, agreg\u00f3.<\/p>\n<p><strong>\u00abActuaremos de modo responsable\u00bb, recalc\u00f3 <\/strong>despu\u00e9s de que el HDP hiciera un llamamiento a votar a Kilicdaroglu para sacar del poder a Erdogan, seg\u00fan inform\u00f3 la cadena de televisi\u00f3n turca NTV.<\/p>\n<p>En medio de esta incertidumbre, <strong>el \u00edndice de la Bolsa de Estambul retrocedi\u00f3 a media rueda un 4%.<\/strong><\/p>\n<h2 class>Sus anteriores gobiernos<\/h2>\n<p>Turqu\u00eda tuvo una forma de Gobierno parlamentaria desde su fundaci\u00f3n en 1923, tras la disoluci\u00f3n del Imperio otomano, hasta 2018, <strong>con el que al AKP de Erdogan le sol\u00eda bastar con obtener entre el 40% y el 45% de los votos para gobernar con mayor\u00eda absoluta.<\/strong><\/p>\n<p><strong>En 2018, el AKP y su socio ultraconservador, MHP, lograron la mayor\u00eda para introducir una forma de Gobierno presidencialista<\/strong>, una reforma que reforz\u00f3 el poder de Erdogan.<\/p>\n<p>Mientras la Bolsa retroced\u00eda, la moneda nacional, la lira, fluctuaba alrededor de 19,6 unidades por d\u00f3lar, su peor valor hist\u00f3rico, salvando una moment\u00e1nea bajada del viernes pasado que alcanzaba cotas similares, y marcando una p\u00e9rdida acumulada de un 1%.<\/p>\n<figure class=\"mb-3\"><img loading=\"lazy\" data-src=\"http:\/\/nuevacordoba.net\/wp-content\/uploads\/2023\/05\/turquia-se-acerca-a-una-historica-segunda-vuelta-2.jpg\" src=\"https:\/\/www.telam.com.ar\/assets\/img\/not_image.png\" class=\" lazy \" width=\"100%\" height=\"100%\" alt=\"El socialdemcrata Kemal Kilidaroglu aspira a poner fin al gobierno de Erdogan en el poder desde 2033 Foto Archivo\"><figcaption> El socialdem\u00f3crata Kemal Kili\u00e7daroglu aspira a poner fin al gobierno de Erdogan, en el poder desde 2033 \/ Foto: Archivo. <\/figcaption><\/figure>\n<p>Desde el verano pasado, <strong>la moneda turca perdi\u00f3 valor respecto al d\u00f3lar de forma paulatina,<\/strong> con solo m\u00ednimas oscilaciones, y muchos analistas turcos advierten de que el Banco Central turco mantiene el cambio artificialmente estable mediante intervenciones y restricciones a la compra de divisas por parte de las empresas.<\/p>\n<p>En las \u00faltimas semanas, los cambistas del Gran Bazar de Estambul empezaron a ofrecer tasas de cambio que por primera vez en d\u00e9cadas difieren de las oficiales, con la lira hasta un 10% m\u00e1s barata que en el banco. <\/p>\n","protected":false},"excerpt":{"rendered":"<p>Por primera vez en su historia Turqu\u00eda se apresta a definir una elecci\u00f3n presidencial a trav\u00e9s del balotaje \/ Foto: AFP. Por primera vez en su historia, Turqu\u00eda resolver\u00e1 en una segunda vuelta electoral a celebrarse el pr\u00f3ximo 28 de mayo, qui\u00e9n regir\u00e1 los destinos el pa\u00eds, luego de unas re\u00f1idas elecciones realizadas el pasado [&hellip;]<\/p>\n","protected":false},"author":1,"featured_media":32279,"comment_status":"closed","ping_status":"closed","sticky":false,"template":"","format":"standard","meta":[],"categories":[13],"tags":[],"_links":{"self":[{"href":"http:\/\/nuevacordoba.net\/index.php\/wp-json\/wp\/v2\/posts\/32278"}],"collection":[{"href":"http:\/\/nuevacordoba.net\/index.php\/wp-json\/wp\/v2\/posts"}],"about":[{"href":"http:\/\/nuevacordoba.net\/index.php\/wp-json\/wp\/v2\/types\/post"}],"author":[{"embeddable":true,"href":"http:\/\/nuevacordoba.net\/index.php\/wp-json\/wp\/v2\/users\/1"}],"replies":[{"embeddable":true,"href":"http:\/\/nuevacordoba.net\/index.php\/wp-json\/wp\/v2\/comments?post=32278"}],"version-history":[{"count":0,"href":"http:\/\/nuevacordoba.net\/index.php\/wp-json\/wp\/v2\/posts\/32278\/revisions"}],"wp:featuredmedia":[{"embeddable":true,"href":"http:\/\/nuevacordoba.net\/index.php\/wp-json\/wp\/v2\/media\/32279"}],"wp:attachment":[{"href":"http:\/\/nuevacordoba.net\/index.php\/wp-json\/wp\/v2\/media?parent=32278"}],"wp:term":[{"taxonomy":"category","embeddable":true,"href":"http:\/\/nuevacordoba.net\/index.php\/wp-json\/wp\/v2\/categories?post=32278"},{"taxonomy":"post_tag","embeddable":true,"href":"http:\/\/nuevacordoba.net\/index.php\/wp-json\/wp\/v2\/tags?post=32278"}],"curies":[{"name":"wp","href":"https:\/\/api.w.org\/{rel}","templated":true}]}}